{"id":39237,"date":"2020-11-26T16:31:08","date_gmt":"2020-11-26T16:31:08","guid":{"rendered":"https:\/\/jorgezanoni.com.br\/2019\/?p=39237"},"modified":"2020-11-26T17:38:09","modified_gmt":"2020-11-26T17:38:09","slug":"santa-casa-de-dracena-esclarece-populacao-sobre-relevante-ocorrencia-de-covid-19-dentro-da-unidade","status":"publish","type":"post","link":"https:\/\/jorgezanoni.com.br\/2019\/santa-casa-de-dracena-esclarece-populacao-sobre-relevante-ocorrencia-de-covid-19-dentro-da-unidade\/","title":{"rendered":"Santa Casa de Dracena esclarece popula\u00e7\u00e3o sobre relevante ocorr\u00eancia de COVID-19 dentro da Unidade"},"content":{"rendered":"<p>Santa Casa de Dracena &#8211; Patrim\u00f4nio da Comunidade<\/p>\n<p>NOTA DE ESCLARECIMENTO<\/p>\n<p style=\"text-align: justify;\">A SANTA CASA DE DRACENA, em respeito aos seus usu\u00e1rios, vem a p\u00fablico relatar; informar; e esclarecer a ocorr\u00eancia de fato relevante nas depend\u00eancias f\u00edsicas do hospital, cujo fato tem \u00edntima liga\u00e7\u00e3o com o seu objeto enquanto nosoc\u00f4mio.<\/p>\n<p style=\"text-align: justify;\">\u00c9 que, na manh\u00e3 desta segunda-feira (23.11.2020), um paciente internado na Unidade de Terapia Intensiva (UTI\u2013GERAL, N\u00c3O UTI\u2013COVID-19) teve diagnosticado ser portador do v\u00edrus COVID\u201319, levando \u00e0 dissemina\u00e7\u00e3o de infec\u00e7\u00e3o.<\/p>\n<p style=\"text-align: justify;\">O paciente em quest\u00e3o, diante do quadro ent\u00e3o constatado, foi removido para a UTI\u2013COVID\u201319.<\/p>\n<p style=\"text-align: justify;\">Na sequ\u00eancia, com rigorosa observ\u00e2ncia aos protocolos, foram adotadas todas as medidas sanit\u00e1rias, com a acomoda\u00e7\u00e3o da UTI GERAL em um novo ambiente, para onde foram regularmente e sem atropelos, transferidos todos os pacientes ali internados, para ent\u00e3o, promover-se a testagem de todos os pacientes internados naquela unidade; dos colaboradores diretos; ou daqueles que de qualquer modo tiveram contato com o paciente positivado.<\/p>\n<p style=\"text-align: justify;\">No in\u00edcio do per\u00edodo noturno desta ter\u00e7a-feira (24.11.2020) os colaboradores do setor de limpeza e higieniza\u00e7\u00e3o, sob a incans\u00e1vel; elogiosa; e profissional orienta\u00e7\u00e3o da CCIH \u2013 COMISS\u00c3O DE CONTROLE DE INFEC\u00c7\u00c3O HOSPITALAR, DIRETORIA T\u00c9CNICA, DIRETORIA CL\u00cdNICA e DIRETORIA ADMINISTRATIVA, efetuaram a desinfec\u00e7\u00e3o da UTI GERAL, que dentro de 48h00 (quarenta e oito) horas est\u00e1 apta a ter os pacientes de volta, seguindo a normalidade da unidade.<\/p>\n<p style=\"text-align: justify;\">No rescaldo da testagem para COVID\u201319, foram examinados colaboradores, m\u00e9dicos e param\u00e9dicos, de modo que, aqueles que testaram positivo foram afastados de suas fun\u00e7\u00f5es e seguem o tratamento conforme orienta\u00e7\u00f5es dos \u00f3rg\u00e3os reguladores, com o inafast\u00e1vel acompanhamento pela Santa Casa de Dracena.<\/p>\n<p style=\"text-align: justify;\">O fato \u00e9 lament\u00e1vel, mas dentro do planejamento estrat\u00e9gico da Santa Casa de Dracena, os colaboradores estavam precavidos\/treinados\/orientados quanto a maneira de agir, na eventualidade da ocorr\u00eancia de uma contamina\u00e7\u00e3o a exemplo desta que infelizmente se verificou.<\/p>\n<p style=\"text-align: justify;\">Imprescind\u00edvel informar que a rotina hospitalar, nos outros setores seguiu com a mais absoluta normalidade, tanto \u00e9 que a UTI GERAL retornar\u00e1 ao seu fluxo ordin\u00e1rio na tarde desta quinta-feira (26.11.2020), sem que fosse cogitado e que sequer tenha tangenciada a possibilidade de fechamento do hospital, cujo transtorno seria muito maior e tudo isso, gra\u00e7as ao comprometimento s\u00e9rio; id\u00f4neo; honesto; comprometido; e profissional dos seus colaboradores e de todos os atores envolvidos na solu\u00e7\u00e3o do problema, a situa\u00e7\u00e3o foi contornada e seguir\u00e1 o curso normal de suas atividades.<\/p>\n<p style=\"text-align: justify;\">Desde os primeiros momentos desta ocorr\u00eancia, a dire\u00e7\u00e3o do hospital tem mantido as autoridades informadas, notadamente acerca das medidas que estavam sendo ultimadas e adotadas com vistas ao restabelecimento normal e seguro dos servi\u00e7os.<\/p>\n<p style=\"text-align: justify;\">A dire\u00e7\u00e3o da Santa Casa de Dracena penhoradamente agradece o esfor\u00e7o de seus colaboradores e dos demais atores que n\u00e3o mediram for\u00e7as na busca de uma solu\u00e7\u00e3o t\u00e9cnica e segura.<\/p>\n<p style=\"text-align: justify;\">Agradece a compreens\u00e3o das autoridades para em arremate assegurar o breve e seguro restabelecimento das atividades na Unidade atingida, alcan\u00e7ando a normalidade, pois o hospital tem como objeto social o cuidado da vida do ser humano, nosso bem mais precioso.<\/p>\n<p style=\"text-align: justify;\">Dracena \u2013 S\u00e3o Paulo, em 26 de novembro de 2020.<\/p>\n<p>Diretoria Administrativa<br \/>\nSanta Casa de Dracena<\/p>\n","protected":false},"excerpt":{"rendered":"<p>Santa Casa de Dracena &#8211; Patrim\u00f4nio da Comunidade NOTA DE ESCLARECIMENTO A SANTA CASA DE DRACENA, em respeito aos seus usu\u00e1rios, vem a p\u00fablico relatar; informar; e esclarecer a ocorr\u00eancia de fato relevante nas depend\u00eancias f\u00edsicas do hospital, cujo fato tem \u00edntima liga\u00e7\u00e3o com o seu objeto enquanto nosoc\u00f4mio. \u00c9 que, na manh\u00e3 desta segunda-feira [&hellip;]<\/p>\n","protected":false},"author":1,"featured_media":39238,"comment_status":"closed","ping_status":"open","sticky":false,"template":"","format":"standard","meta":{"footnotes":""},"categories":[110,122],"tags":[],"class_list":["post-39237","post","type-post","status-publish","format-standard","has-post-thumbnail","hentry","category-noticiasdestaque","category-saudeeducacaoeconcurso"],"_links":{"self":[{"href":"https:\/\/jorgezanoni.com.br\/2019\/wp-json\/wp\/v2\/posts\/39237","targetHints":{"allow":["GET"]}}],"collection":[{"href":"https:\/\/jorgezanoni.com.br\/2019\/wp-json\/wp\/v2\/posts"}],"about":[{"href":"https:\/\/jorgezanoni.com.br\/2019\/wp-json\/wp\/v2\/types\/post"}],"author":[{"embeddable":true,"href":"https:\/\/jorgezanoni.com.br\/2019\/wp-json\/wp\/v2\/users\/1"}],"replies":[{"embeddable":true,"href":"https:\/\/jorgezanoni.com.br\/2019\/wp-json\/wp\/v2\/comments?post=39237"}],"version-history":[{"count":0,"href":"https:\/\/jorgezanoni.com.br\/2019\/wp-json\/wp\/v2\/posts\/39237\/revisions"}],"wp:featuredmedia":[{"embeddable":true,"href":"https:\/\/jorgezanoni.com.br\/2019\/wp-json\/wp\/v2\/media\/39238"}],"wp:attachment":[{"href":"https:\/\/jorgezanoni.com.br\/2019\/wp-json\/wp\/v2\/media?parent=39237"}],"wp:term":[{"taxonomy":"category","embeddable":true,"href":"https:\/\/jorgezanoni.com.br\/2019\/wp-json\/wp\/v2\/categories?post=39237"},{"taxonomy":"post_tag","embeddable":true,"href":"https:\/\/jorgezanoni.com.br\/2019\/wp-json\/wp\/v2\/tags?post=39237"}],"curies":[{"name":"wp","href":"https:\/\/api.w.org\/{rel}","templated":true}]}}