{"id":39229,"date":"2020-11-26T12:49:13","date_gmt":"2020-11-26T12:49:13","guid":{"rendered":"https:\/\/jorgezanoni.com.br\/2019\/?p=39229"},"modified":"2020-11-26T12:49:13","modified_gmt":"2020-11-26T12:49:13","slug":"morre-padre-carlos-artur-um-missionario-de-aparecida-aos-73-anos","status":"publish","type":"post","link":"https:\/\/jorgezanoni.com.br\/2019\/morre-padre-carlos-artur-um-missionario-de-aparecida-aos-73-anos\/","title":{"rendered":"Morre padre Carlos Artur, um mission\u00e1rio de Aparecida, aos 73 anos"},"content":{"rendered":"<p style=\"text-align: justify;\">Morreu nesta\u00a0<b>quarta-feira (25), \u00e0s 23h50<\/b>, em Guaratinguet\u00e1 (SP), no Hospital Frei Galv\u00e3o, o\u00a0<b>Mission\u00e1rio Redentorista Padre Carlos Artur Annuncia\u00e7\u00e3o<\/b>, aos 73 anos. O sepultamento ser\u00e1 realizado no cemit\u00e9rio Santa Rita, em\u00a0<b>Aparecida (SP).<\/b><\/p>\n<p style=\"text-align: justify;\">Dono de um<b>\u00a0carisma inigual\u00e1vel<\/b>, padre Carlos Artur emprestou sua\u00a0<b>voz marcante<\/b>\u00a0para anunciar a Palavra de Deus e divulgar a devo\u00e7\u00e3o a Nossa Senhora Aparecida, especialmente no Santu\u00e1rio Nacional.<\/p>\n<p style=\"text-align: justify;\">Foi em Aparecida que ele dedicou grande parte do seu minist\u00e9rio.\u00a0Dos 55 anos que viveu junto da\u00a0<b>Congrega\u00e7\u00e3o Redentorista<\/b>, 28 deles foram doados ao servi\u00e7o da\u00a0<b>Casa da M\u00e3e.<\/b>\u00a0Ali, junto do Altar da Padroeira do Brasil, ele foi\u00a0<b>reitor\u00a0<\/b>por quatro anos, vig\u00e1rio episcopal, superior de comunidade religiosa e sempre seu mission\u00e1rio e ap\u00f3stolo dedicado.<\/p>\n<p style=\"text-align: justify;\">Padre Carlos Artur completou, neste ano de 2020,\u00a0<b>43 anos de padre<\/b>\u00a0e\u00a0<b>50 anos de sua profiss\u00e3o religiosa.<\/b><\/p>\n<p style=\"text-align: justify;\">Com sorriso franco, afetuoso e reflex\u00f5es de grande profundidade, ao mesmo tempo, transmitidas numa linguagem simples, padre Carlos Artur conquistava o nosso cora\u00e7\u00e3o sem esfor\u00e7o.<\/p>\n<p style=\"text-align: justify;\">Dele queremos guardar seu ardor mission\u00e1rio e seu amor pelo carisma herdado de\u00a0<b>Santo Afonso.<\/b>\u00a0Que a M\u00e3e Aparecida o acolha junto de seu colo, que os santos redentoristas o recebam no c\u00e9u e que o bom Deus o acolha na luz de sua face e lhe conceda, no dia da ressurrei\u00e7\u00e3o, a plenitude da vida.<\/p>\n<div class=\"image\" style=\"text-align: justify;\" contenteditable=\"false\"><span class=\"image__credit\">Reprodu\u00e7\u00e3o<\/span><br \/>\n<img decoding=\"async\" title=\"Reprodu\u00e7\u00e3o\" src=\"https:\/\/www.a12.com\/source\/files\/originals\/padre_carlos_arthur-540276.jpg\" alt=\"Reprodu\u00e7\u00e3o\" data-id=\"236816\" \/><\/div>\n<p style=\"text-align: justify;\">Padre Carlos Artur esteve presente no\u00a0<b>programa Fam\u00edlia dos Devotos<\/b>\u00a0no dia 13 de outubro, falando sobre o<b>\u00a0sentido de consagrar a crian\u00e7a a Nossa Senhora<\/b>\u00a0e a\u00a0<b>import\u00e2ncia do Batismo.<\/b><\/p>\n<p style=\"text-align: justify;\"><a href=\"https:\/\/www.a12.com\/tv\/programas\/familia-dos-devotos\/pe-carlos-artur-fala-sobre-o-sentido-da-consagracao-a-nossa-senhora-14-10-2020-17-28-09\" target=\"_blank\" rel=\"noopener noreferrer\">:: Veja aqui a sua participa\u00e7\u00e3o<\/a><\/p>\n<p style=\"text-align: justify;\">Biografia completa<\/p>\n<p style=\"text-align: justify;\"><b>Padre Carlos Artur Annuncia\u00e7\u00e3o<\/b>\u00a0nasceu em\u00a0<b>09 de fevereiro de 1947<\/b>, bairro Bela Vista, em S\u00e3o Paulo (SP), filho de\u00a0C\u00e2ndido Arthur Annuncia\u00e7\u00e3o e Dalva Bassi Annuncia\u00e7\u00e3o.<\/p>\n<p style=\"text-align: justify;\">Ele entrou para o Semin\u00e1rio Santo Afonso, em Aparecida (SP), no dia 24 de janeiro de 1965 e ingressou no Noviciado no antigo Semin\u00e1rio S\u00e3o Geraldo, no Potim, em 1969. Fez sua primeira profiss\u00e3o religiosa na<b>\u00a0Congrega\u00e7\u00e3o do Sant\u00edssimo Redentor<\/b>, em Aparecida SP, no dia 20 de janeiro de 1970.<\/p>\n<p style=\"text-align: justify;\">Os estudos de Filosofia e Teologia foram feitos no Alfonsianum, no Instituto Redentorista de Estudos Superiores, em S\u00e3o Paulo, quando ainda era localizado na Rodovia Raposo Tavares. A Profiss\u00e3o Perp\u00e9tua foi celebrada, em Tiet\u00ea (SP), no dia 30 de janeiro de 1977.<\/p>\n<p style=\"text-align: justify;\">Foi ordenado sacerdote por\u00a0<b>Dom Ant\u00f4nio Celso Queiroz<\/b>, ent\u00e3o Bispo Auxiliar de S\u00e3o Paulo, no dia 25 de junho de 1977, na Igreja Matriz de S\u00e3o Vicente (SP).<\/p>\n<p style=\"text-align: justify;\">No ano seguinte, iniciou sua vida apost\u00f3lica como mission\u00e1rio das<b>\u00a0Miss\u00f5es Populares<\/b>, morando em S\u00e3o Jo\u00e3o da Boa Vista. Foi sempre um \u00f3timo mission\u00e1rio. Nas Miss\u00f5es Populares, ficou at\u00e9 dezembro de 1981, quando foi transferido para o Semin\u00e1rio Santo Afonso, em Aparecida, para ser formador de novos mission\u00e1rios.<\/p>\n<p style=\"text-align: justify;\">Em janeiro de 1984, foi eleito\u00a0<b>Conselheiro Provincial<\/b>, e ficou neste cargo por tr\u00eas anos. No mesmo per\u00edodo atuou no Semin\u00e1rio Santo Afonso, onde foi superior da comunidade, formador dos seminaristas e diretor do Semin\u00e1rio (1987). Em setembro de 1987 foi reeleito Conselheiro Provincial, por mais tr\u00eas anos.<\/p>\n<p style=\"text-align: justify;\"><span class=\"right\" contenteditable=\"false\"><span class=\"wg-text__see-also wg-text__see-also--right\"><span class=\"title\">Leia Mais<\/span><span class=\"list\"><span class=\"list__item\"><a href=\"https:\/\/www.a12.com\/tv\/programas\/familia-dos-devotos\/pe-carlos-artur-fala-sobre-o-sentido-da-consagracao-a-nossa-senhora-14-10-2020-17-28-09\">Pe. Carlos Artur fala sobre o sentido da consagra\u00e7\u00e3o \u00e0 Nossa Senhora<\/a><\/span><span class=\"list__item\"><a href=\"https:\/\/www.a12.com\/tv\/programas\/fortes-na-fe\/praticas-para-viver-bem-a-quaresma-tempo-de-renovacao\">Pr\u00e1ticas para viver bem a Quaresma, com Padre Carlos Artur<\/a><\/span><\/span><\/span><\/span>No Semin\u00e1rio Santo Afonso, ficou at\u00e9 dezembro de 1990, quando foi transferido para o Convento do Santu\u00e1rio, ao lado da Bas\u00edlica Nova, dedicando-se ao apostolado com os Romeiros.<\/p>\n<p style=\"text-align: justify;\">Seis anos depois, em 12 de dezembro de 1996, tomou posse como<b>\u00a0reitor do Santu\u00e1rio Nacional de Nossa Senhora Aparecida.<\/b>\u00a0Ali tamb\u00e9m foi nomeado Superior da Comunidade Redentorista do Santu\u00e1rio Nacional de Aparecida.<\/p>\n<p style=\"text-align: justify;\">Em 07 de mar\u00e7o de 1999, o ent\u00e3o Arcebispo de Aparecida\u00a0<b>Dom Alo\u00edsio, Cardeal Lorscheider\u00a0<\/b>nomeou-o Vig\u00e1rio Episcopal para o Santu\u00e1rio Nacional de Nossa Senhora Aparecida.<\/p>\n<p style=\"text-align: justify;\">Em dezembro de 1999, foi transferido para S\u00e3o Jo\u00e3o da Boa Vista, como respons\u00e1vel do\u00a0<b>Santu\u00e1rio de Nossa Senhora do Perp\u00e9tuo Socorro<\/b>, onde foi nomeado tamb\u00e9m Superior da Comunidade.<\/p>\n<p style=\"text-align: justify;\">Em 08 de dezembro de 2002, foi nomeado P\u00e1roco da Par\u00f3quia de Nossa Senhora do Perp\u00e9tuo Socorro, no Jardim Paulistano, em S\u00e3o Paulo. Em janeiro de 2007, retornou ao Santu\u00e1rio de Aparecida, a fim de colaborar na\u00a0<b>Pastoral dos Romeiros.<\/b><\/p>\n<p style=\"text-align: justify;\">Fonte: https:\/\/www.a12.com\/redentoristas\/noticias\/morre-padre-carlos-artur-um-missionario-de-aparecida-aos-73-anos<\/p>\n","protected":false},"excerpt":{"rendered":"<p>Morreu nesta\u00a0quarta-feira (25), \u00e0s 23h50, em Guaratinguet\u00e1 (SP), no Hospital Frei Galv\u00e3o, o\u00a0Mission\u00e1rio Redentorista Padre Carlos Artur Annuncia\u00e7\u00e3o, aos 73 anos. O sepultamento ser\u00e1 realizado no cemit\u00e9rio Santa Rita, em\u00a0Aparecida (SP). Dono de um\u00a0carisma inigual\u00e1vel, padre Carlos Artur emprestou sua\u00a0voz marcante\u00a0para anunciar a Palavra de Deus e divulgar a devo\u00e7\u00e3o a Nossa Senhora Aparecida, especialmente [&hellip;]<\/p>\n","protected":false},"author":1,"featured_media":39230,"comment_status":"closed","ping_status":"open","sticky":false,"template":"","format":"standard","meta":{"footnotes":""},"categories":[178,118],"tags":[],"class_list":["post-39229","post","type-post","status-publish","format-standard","has-post-thumbnail","hentry","category-notadefalecimento","category-religiaoesolidariedade"],"_links":{"self":[{"href":"https:\/\/jorgezanoni.com.br\/2019\/wp-json\/wp\/v2\/posts\/39229","targetHints":{"allow":["GET"]}}],"collection":[{"href":"https:\/\/jorgezanoni.com.br\/2019\/wp-json\/wp\/v2\/posts"}],"about":[{"href":"https:\/\/jorgezanoni.com.br\/2019\/wp-json\/wp\/v2\/types\/post"}],"author":[{"embeddable":true,"href":"https:\/\/jorgezanoni.com.br\/2019\/wp-json\/wp\/v2\/users\/1"}],"replies":[{"embeddable":true,"href":"https:\/\/jorgezanoni.com.br\/2019\/wp-json\/wp\/v2\/comments?post=39229"}],"version-history":[{"count":0,"href":"https:\/\/jorgezanoni.com.br\/2019\/wp-json\/wp\/v2\/posts\/39229\/revisions"}],"wp:featuredmedia":[{"embeddable":true,"href":"https:\/\/jorgezanoni.com.br\/2019\/wp-json\/wp\/v2\/media\/39230"}],"wp:attachment":[{"href":"https:\/\/jorgezanoni.com.br\/2019\/wp-json\/wp\/v2\/media?parent=39229"}],"wp:term":[{"taxonomy":"category","embeddable":true,"href":"https:\/\/jorgezanoni.com.br\/2019\/wp-json\/wp\/v2\/categories?post=39229"},{"taxonomy":"post_tag","embeddable":true,"href":"https:\/\/jorgezanoni.com.br\/2019\/wp-json\/wp\/v2\/tags?post=39229"}],"curies":[{"name":"wp","href":"https:\/\/api.w.org\/{rel}","templated":true}]}}