{"id":39204,"date":"2020-11-25T21:53:49","date_gmt":"2020-11-25T21:53:49","guid":{"rendered":"https:\/\/jorgezanoni.com.br\/2019\/?p=39204"},"modified":"2020-11-25T21:53:49","modified_gmt":"2020-11-25T21:53:49","slug":"homem-fica-presos-nas-ferragens-em-acidente-entre-caminhonete-e-caminhao-na-sp-294","status":"publish","type":"post","link":"https:\/\/jorgezanoni.com.br\/2019\/homem-fica-presos-nas-ferragens-em-acidente-entre-caminhonete-e-caminhao-na-sp-294\/","title":{"rendered":"Homem fica presos nas ferragens em acidente entre caminhonete e caminh\u00e3o na SP-294"},"content":{"rendered":"<p style=\"text-align: justify;\">Na manh\u00e3 desta quarta-feira o condutor de um caminh\u00e3o, com placa de Mat\u00e3o, realizava uma convers\u00e3o logo ap\u00f3s o canteiro central que existe em frente ao \u201cPostinho de Iacri\u201d para cruzar a pista, quando n\u00e3o se atentou para uma caminhonete Hilux que trafegava no sentido Iacri para Tup\u00e3 da Rodovia Comandante Jo\u00e3o Ribeiro de Barros.<\/p>\n<p style=\"text-align: justify;\"><a href=\"https:\/\/i0.wp.com\/ifolharegional.com.br\/wp-content\/uploads\/2020\/11\/cam.jpg?ssl=1\"><img loading=\"lazy\" decoding=\"async\" class=\"aligncenter size-full wp-image-28346\" src=\"https:\/\/i0.wp.com\/ifolharegional.com.br\/wp-content\/uploads\/2020\/11\/cam.jpg?resize=640%2C360&amp;ssl=1\" sizes=\"auto, (max-width: 640px) 100vw, 640px\" srcset=\"https:\/\/i0.wp.com\/ifolharegional.com.br\/wp-content\/uploads\/2020\/11\/cam.jpg?w=640&amp;ssl=1 640w, https:\/\/i0.wp.com\/ifolharegional.com.br\/wp-content\/uploads\/2020\/11\/cam.jpg?resize=300%2C169&amp;ssl=1 300w\" alt=\"\" width=\"640\" height=\"360\" data-attachment-id=\"28346\" data-permalink=\"https:\/\/ifolharegional.com.br\/2020\/11\/25\/homem-fica-presos-nas-ferragens-em-acidente-entre-caminhonete-e-caminhao-na-sp-294\/cam-2\/\" data-orig-file=\"https:\/\/i0.wp.com\/ifolharegional.com.br\/wp-content\/uploads\/2020\/11\/cam.jpg?fit=640%2C360&amp;ssl=1\" data-orig-size=\"640,360\" data-comments-opened=\"0\" data-image-meta=\"{&quot;aperture&quot;:&quot;0&quot;,&quot;credit&quot;:&quot;&quot;,&quot;camera&quot;:&quot;&quot;,&quot;caption&quot;:&quot;&quot;,&quot;created_timestamp&quot;:&quot;0&quot;,&quot;copyright&quot;:&quot;&quot;,&quot;focal_length&quot;:&quot;0&quot;,&quot;iso&quot;:&quot;0&quot;,&quot;shutter_speed&quot;:&quot;0&quot;,&quot;title&quot;:&quot;&quot;,&quot;orientation&quot;:&quot;0&quot;}\" data-image-title=\"cam\" data-image-description=\"\" data-medium-file=\"https:\/\/i0.wp.com\/ifolharegional.com.br\/wp-content\/uploads\/2020\/11\/cam.jpg?fit=300%2C169&amp;ssl=1\" data-large-file=\"https:\/\/i0.wp.com\/ifolharegional.com.br\/wp-content\/uploads\/2020\/11\/cam.jpg?fit=640%2C360&amp;ssl=1\" data-recalc-dims=\"1\" \/><\/a>O condutor da caminhonete n\u00e3o conseguiu evitar a colis\u00e3o, atingindo violentamente a lateral do caminh\u00e3o. Com o impacto o motorista ficou retido nas ferragens, sendo necess\u00e1rio que o Corpo de Bombeiros de Tup\u00e3 utilizasse ferramentas hidr\u00e1ulicas para libera\u00e7\u00e3o da v\u00edtima.<\/p>\n<p style=\"text-align: justify;\">Ap\u00f3s o trabalho dos Bombeiros a Unidade de Suporte Avan\u00e7ado da concession\u00e1ria Eixo conduziu a v\u00edtima para Santa Casa de Tup\u00e3. A Pol\u00edcia Militar Rodovi\u00e1ria esteve no local para registro do boletim de ocorr\u00eancia.<\/p>\n<p style=\"text-align: justify;\">Fonte: Mais Tup\u00e3<\/p>\n","protected":false},"excerpt":{"rendered":"<p>Na manh\u00e3 desta quarta-feira o condutor de um caminh\u00e3o, com placa de Mat\u00e3o, realizava uma convers\u00e3o logo ap\u00f3s o canteiro central que existe em frente ao \u201cPostinho de Iacri\u201d para cruzar a pista, quando n\u00e3o se atentou para uma caminhonete Hilux que trafegava no sentido Iacri para Tup\u00e3 da Rodovia Comandante Jo\u00e3o Ribeiro de Barros. [&hellip;]<\/p>\n","protected":false},"author":1,"featured_media":39205,"comment_status":"closed","ping_status":"open","sticky":false,"template":"","format":"standard","meta":{"footnotes":""},"categories":[170,110],"tags":[],"class_list":["post-39204","post","type-post","status-publish","format-standard","has-post-thumbnail","hentry","category-acidentes","category-noticiasdestaque"],"_links":{"self":[{"href":"https:\/\/jorgezanoni.com.br\/2019\/wp-json\/wp\/v2\/posts\/39204","targetHints":{"allow":["GET"]}}],"collection":[{"href":"https:\/\/jorgezanoni.com.br\/2019\/wp-json\/wp\/v2\/posts"}],"about":[{"href":"https:\/\/jorgezanoni.com.br\/2019\/wp-json\/wp\/v2\/types\/post"}],"author":[{"embeddable":true,"href":"https:\/\/jorgezanoni.com.br\/2019\/wp-json\/wp\/v2\/users\/1"}],"replies":[{"embeddable":true,"href":"https:\/\/jorgezanoni.com.br\/2019\/wp-json\/wp\/v2\/comments?post=39204"}],"version-history":[{"count":0,"href":"https:\/\/jorgezanoni.com.br\/2019\/wp-json\/wp\/v2\/posts\/39204\/revisions"}],"wp:featuredmedia":[{"embeddable":true,"href":"https:\/\/jorgezanoni.com.br\/2019\/wp-json\/wp\/v2\/media\/39205"}],"wp:attachment":[{"href":"https:\/\/jorgezanoni.com.br\/2019\/wp-json\/wp\/v2\/media?parent=39204"}],"wp:term":[{"taxonomy":"category","embeddable":true,"href":"https:\/\/jorgezanoni.com.br\/2019\/wp-json\/wp\/v2\/categories?post=39204"},{"taxonomy":"post_tag","embeddable":true,"href":"https:\/\/jorgezanoni.com.br\/2019\/wp-json\/wp\/v2\/tags?post=39204"}],"curies":[{"name":"wp","href":"https:\/\/api.w.org\/{rel}","templated":true}]}}