{"id":39201,"date":"2020-11-25T21:44:50","date_gmt":"2020-11-25T21:44:50","guid":{"rendered":"https:\/\/jorgezanoni.com.br\/2019\/?p=39201"},"modified":"2020-11-25T21:44:50","modified_gmt":"2020-11-25T21:44:50","slug":"construcao-de-praca-de-pedagio-altera-fluxo-na-rodovia-sp-294","status":"publish","type":"post","link":"https:\/\/jorgezanoni.com.br\/2019\/construcao-de-praca-de-pedagio-altera-fluxo-na-rodovia-sp-294\/","title":{"rendered":"Constru\u00e7\u00e3o de pra\u00e7a de ped\u00e1gio altera fluxo na Rodovia SP-294"},"content":{"rendered":"<p style=\"text-align: justify;\">A Eixo SP Concession\u00e1ria de Rodovias d\u00e1 in\u00edcio nesta sexta-feira, 27, ao plano operacional que altera o tr\u00e1fego no trecho de\u00a0<span class=\"m_3749117623862285540mark7pe8g9aq1\">In\u00fabia<\/span>\u00a0Paulista da SP 294 \u2013 Rodovia Comandante Jo\u00e3o Ribeiro de Barros. O fluxo de ve\u00edculos ser\u00e1 remanejado, temporariamente, para o acostamento, para a constru\u00e7\u00e3o de pra\u00e7a de ped\u00e1gio.\u00a0\u00a0<u><\/u><u><\/u><\/p>\n<p style=\"text-align: justify;\">Em alinhamento com a ARTESP \u2013 Ag\u00eancia Reguladora de Transportes do Estado de S\u00e3o Paulo, a interfer\u00eancia ocorrer\u00e1 a partir do quil\u00f4metro 581+700. O local foi devidamente preparado para a circula\u00e7\u00e3o de ve\u00edculos, com sinaliza\u00e7\u00e3o vertical e horizontal, al\u00e9m de placas de orienta\u00e7\u00e3o sobre a velocidade recomendada.\u00a0\u00a0<u><\/u><u><\/u><\/p>\n<p style=\"text-align: justify;\">A recomenda\u00e7\u00e3o ao motorista \u00e9 que trafegue em velocidade reduzida e evite parar sobre a pista para observar o trabalho das equipes, conduta que oferece o risco de colis\u00e3o traseira. \u201cEsta \u00e9 mais uma obra que causa altera\u00e7\u00f5es pontuais na malha administrada pela Concession\u00e1ria. Diariamente, equipes s\u00e3o mobilizadas para manuten\u00e7\u00e3o do pavimento e revitaliza\u00e7\u00e3o da faixa de dom\u00ednio, procedimentos que demandam cautela do condutor ao passar por estas interven\u00e7\u00f5es\u201d, observa Jos\u00e9 Geraldo de Andrade, superintendente de Obras da Eixo SP.<\/p>\n<p style=\"text-align: justify;\">Fonte: adamantinanet.com.br<\/p>\n","protected":false},"excerpt":{"rendered":"<p>A Eixo SP Concession\u00e1ria de Rodovias d\u00e1 in\u00edcio nesta sexta-feira, 27, ao plano operacional que altera o tr\u00e1fego no trecho de\u00a0In\u00fabia\u00a0Paulista da SP 294 \u2013 Rodovia Comandante Jo\u00e3o Ribeiro de Barros. O fluxo de ve\u00edculos ser\u00e1 remanejado, temporariamente, para o acostamento, para a constru\u00e7\u00e3o de pra\u00e7a de ped\u00e1gio.\u00a0\u00a0 Em alinhamento com a ARTESP \u2013 Ag\u00eancia [&hellip;]<\/p>\n","protected":false},"author":1,"featured_media":39202,"comment_status":"closed","ping_status":"open","sticky":false,"template":"","format":"standard","meta":{"footnotes":""},"categories":[180,110],"tags":[],"class_list":["post-39201","post","type-post","status-publish","format-standard","has-post-thumbnail","hentry","category-estradastransitoveiculos","category-noticiasdestaque"],"_links":{"self":[{"href":"https:\/\/jorgezanoni.com.br\/2019\/wp-json\/wp\/v2\/posts\/39201","targetHints":{"allow":["GET"]}}],"collection":[{"href":"https:\/\/jorgezanoni.com.br\/2019\/wp-json\/wp\/v2\/posts"}],"about":[{"href":"https:\/\/jorgezanoni.com.br\/2019\/wp-json\/wp\/v2\/types\/post"}],"author":[{"embeddable":true,"href":"https:\/\/jorgezanoni.com.br\/2019\/wp-json\/wp\/v2\/users\/1"}],"replies":[{"embeddable":true,"href":"https:\/\/jorgezanoni.com.br\/2019\/wp-json\/wp\/v2\/comments?post=39201"}],"version-history":[{"count":0,"href":"https:\/\/jorgezanoni.com.br\/2019\/wp-json\/wp\/v2\/posts\/39201\/revisions"}],"wp:featuredmedia":[{"embeddable":true,"href":"https:\/\/jorgezanoni.com.br\/2019\/wp-json\/wp\/v2\/media\/39202"}],"wp:attachment":[{"href":"https:\/\/jorgezanoni.com.br\/2019\/wp-json\/wp\/v2\/media?parent=39201"}],"wp:term":[{"taxonomy":"category","embeddable":true,"href":"https:\/\/jorgezanoni.com.br\/2019\/wp-json\/wp\/v2\/categories?post=39201"},{"taxonomy":"post_tag","embeddable":true,"href":"https:\/\/jorgezanoni.com.br\/2019\/wp-json\/wp\/v2\/tags?post=39201"}],"curies":[{"name":"wp","href":"https:\/\/api.w.org\/{rel}","templated":true}]}}