{"id":39195,"date":"2020-11-25T15:35:15","date_gmt":"2020-11-25T15:35:15","guid":{"rendered":"https:\/\/jorgezanoni.com.br\/2019\/?p=39195"},"modified":"2020-11-25T15:35:15","modified_gmt":"2020-11-25T15:35:15","slug":"trigesimo-obito-por-covid-19-e-registrado-em-dracena","status":"publish","type":"post","link":"https:\/\/jorgezanoni.com.br\/2019\/trigesimo-obito-por-covid-19-e-registrado-em-dracena\/","title":{"rendered":"Trig\u00e9simo \u00f3bito por COVID-19 \u00e9 registrado em Dracena"},"content":{"rendered":"<div class=\"kvgmc6g5 cxmmr5t8 oygrvhab hcukyx3x c1et5uql ii04i59q\">\n<div dir=\"auto\" style=\"text-align: justify;\">NOTA OFICIAL<\/div>\n<\/div>\n<div class=\"o9v6fnle cxmmr5t8 oygrvhab hcukyx3x c1et5uql ii04i59q\" style=\"text-align: justify;\">\n<div dir=\"auto\">Um idoso de 86 anos faleceu ontem (24) em Dracena por Covid-19. O paciente estava internado desde o dia 14 de novembro. Ele era morador de Dracena.<\/div>\n<\/div>\n<div class=\"o9v6fnle cxmmr5t8 oygrvhab hcukyx3x c1et5uql ii04i59q\" style=\"text-align: justify;\">\n<div dir=\"auto\">Este \u00e9 o trig\u00e9simo falecimento por Covid-19 em nosso munic\u00edpio.<\/div>\n<\/div>\n<div class=\"o9v6fnle cxmmr5t8 oygrvhab hcukyx3x c1et5uql ii04i59q\">\n<div dir=\"auto\" style=\"text-align: justify;\">A Prefeitura de Dracena lamenta o ocorrido e externa solidariedade aos familiares e amigos da v\u00edtima.<\/div>\n<\/div>\n<div dir=\"auto\"><\/div>\n<div dir=\"auto\">Fonte: https:\/\/www.facebook.com\/prefeituradracena<\/div>\n","protected":false},"excerpt":{"rendered":"<p>NOTA OFICIAL Um idoso de 86 anos faleceu ontem (24) em Dracena por Covid-19. O paciente estava internado desde o dia 14 de novembro. Ele era morador de Dracena. Este \u00e9 o trig\u00e9simo falecimento por Covid-19 em nosso munic\u00edpio. A Prefeitura de Dracena lamenta o ocorrido e externa solidariedade aos familiares e amigos da v\u00edtima. [&hellip;]<\/p>\n","protected":false},"author":1,"featured_media":39196,"comment_status":"closed","ping_status":"open","sticky":false,"template":"","format":"standard","meta":{"footnotes":""},"categories":[179,184,110],"tags":[],"class_list":["post-39195","post","type-post","status-publish","format-standard","has-post-thumbnail","hentry","category-cidadeseregiao","category-dracena","category-noticiasdestaque"],"_links":{"self":[{"href":"https:\/\/jorgezanoni.com.br\/2019\/wp-json\/wp\/v2\/posts\/39195","targetHints":{"allow":["GET"]}}],"collection":[{"href":"https:\/\/jorgezanoni.com.br\/2019\/wp-json\/wp\/v2\/posts"}],"about":[{"href":"https:\/\/jorgezanoni.com.br\/2019\/wp-json\/wp\/v2\/types\/post"}],"author":[{"embeddable":true,"href":"https:\/\/jorgezanoni.com.br\/2019\/wp-json\/wp\/v2\/users\/1"}],"replies":[{"embeddable":true,"href":"https:\/\/jorgezanoni.com.br\/2019\/wp-json\/wp\/v2\/comments?post=39195"}],"version-history":[{"count":0,"href":"https:\/\/jorgezanoni.com.br\/2019\/wp-json\/wp\/v2\/posts\/39195\/revisions"}],"wp:featuredmedia":[{"embeddable":true,"href":"https:\/\/jorgezanoni.com.br\/2019\/wp-json\/wp\/v2\/media\/39196"}],"wp:attachment":[{"href":"https:\/\/jorgezanoni.com.br\/2019\/wp-json\/wp\/v2\/media?parent=39195"}],"wp:term":[{"taxonomy":"category","embeddable":true,"href":"https:\/\/jorgezanoni.com.br\/2019\/wp-json\/wp\/v2\/categories?post=39195"},{"taxonomy":"post_tag","embeddable":true,"href":"https:\/\/jorgezanoni.com.br\/2019\/wp-json\/wp\/v2\/tags?post=39195"}],"curies":[{"name":"wp","href":"https:\/\/api.w.org\/{rel}","templated":true}]}}