{"id":39154,"date":"2020-11-24T22:22:46","date_gmt":"2020-11-24T22:22:46","guid":{"rendered":"https:\/\/jorgezanoni.com.br\/2019\/?p=39154"},"modified":"2020-11-24T22:24:01","modified_gmt":"2020-11-24T22:24:01","slug":"reciclando-conhecimentos-e-atitudes-em-epoca-de-dificuldades-anuar-mamede","status":"publish","type":"post","link":"https:\/\/jorgezanoni.com.br\/2019\/reciclando-conhecimentos-e-atitudes-em-epoca-de-dificuldades-anuar-mamede\/","title":{"rendered":"Reciclando conhecimentos e atitudes em \u00e9poca de dificuldades (Anuar Mamede)"},"content":{"rendered":"<p><strong>RECICLANDO CONHECIMENTOS E ATITUDES EM \u00c9POCA DE DIFICULDADES<\/strong><strong>\u00a0<\/strong><\/p>\n<p style=\"text-align: justify;\">Ol\u00e1 caro leitor!<\/p>\n<p style=\"text-align: justify;\">Sou Anuar Mamede, Psic\u00f3logo Psicoterapeuta, Consultor e Palestrante que mais uma vez, tem o privil\u00e9gio de escrever aqui para este importante site de not\u00edcias.<\/p>\n<p style=\"text-align: justify;\">Pensando no momento delicado no qual estamos, preparei estas reflex\u00f5es em torno do seu desenvolvimento profissional e pessoal.\u00a0 Leia, avalie e depois coloque em pr\u00e1tica caso concorde com esta linha de racioc\u00ednio.<\/p>\n<p style=\"text-align: justify;\">Com a proximidade das festas natalinas e de final de ano o comercio prepara-se para disponibilizar produtos e servi\u00e7os para a ocasi\u00e3o. Por\u00e9m, \u00e9 preciso que aconte\u00e7a um preparo e uma reciclagem na postura e nos conhecimentos dos comerciantes, atendentes e vendedores para que os objetivos possam ser alcan\u00e7ados de verdade.<\/p>\n<p style=\"text-align: justify;\">A qualifica\u00e7\u00e3o profissional e a requalifica\u00e7\u00e3o j\u00e1 s\u00e3o requisitos b\u00e1sicos para qualquer pessoa que tem interesse em construir uma carreira s\u00f3lida no mercado de trabalho, principalmente os mais jovens e menos experientes neste momento de dificuldades e pandemia.<\/p>\n<p style=\"text-align: justify;\">Estou falando que \u00e9 necess\u00e1rio que voc\u00ea comerciante ou comerci\u00e1rio tenham um conjunto de habilidades e\u00a0<a href=\"https:\/\/www.roberthalf.com.br\/blog\/carreira\/consistencia-exige-competencia\">compet\u00eancias profissionais<\/a>\u00a0para lidar com a sua miss\u00e3o de atender bem e realizar boas vendas. Muitas delas s\u00e3o desenvolvidas por meio da experi\u00eancia e, na falta dela, por muito estudo e prepara\u00e7\u00e3o.<\/p>\n<p style=\"text-align: justify;\">Assim sendo, a reciclagem de seus conhecimentos profissionais \u00a0consegue \u00a0te inserir no mercado de trabalho. Ela tamb\u00e9m amplia as possibilidades para que aqueles profissionais que almejam um posicionamento melhor conquistem as vagas desejadas.<\/p>\n<p style=\"text-align: justify;\">Este momento de pandemia do Covid-19 transformou a qualifica\u00e7\u00e3o profissional em uma necessidade para todos os profissionais, pois, quando passar, muita coisa ter\u00e1 mudado no contexto empresarial.<\/p>\n<p style=\"text-align: justify;\">Agora \u00e9 hora de aproveitar o isolamento ou as quarentenas para buscar a qualifica\u00e7\u00e3o. Mas tamb\u00e9m que \u00e9 a hora de aproveitar as oportunidades presenciais de aprendizado desde que estes eventos aconte\u00e7am dentro dos par\u00e2metros e protocolos preventivos preconizados pelas autoridades da sa\u00fade.<\/p>\n<p style=\"text-align: justify;\">Este \u00e9 o momento que novas compet\u00eancias ser\u00e3o exigidas e que algumas modifica\u00e7\u00f5es que foram praticamente for\u00e7adas pela pandemia conquistem de vez o mercado. Um exemplo disso \u00e9 o home office, que j\u00e1 vinha sendo apontada como uma das promessas para o futuro do trabalho e hoje \u00e9 o modelo oficial de muitas de empresas.<\/p>\n<p style=\"text-align: justify;\">Este \u00e9 o momento de encontrar respostas pr\u00e1ticas para perguntas como estas:<\/p>\n<p style=\"text-align: justify;\"><em>Qual a import\u00e2ncia da qualifica\u00e7\u00e3o profissional neste momento da sua vida?<\/em><\/p>\n<p style=\"text-align: justify;\"><em>Como aproveitar a quarentena para se qualificar?<\/em><\/p>\n<p style=\"text-align: justify;\"><em>Quais institui\u00e7\u00f5es est\u00e3o oferecendo cursos de qualifica\u00e7\u00e3o e requalifica\u00e7\u00e3o neste momento? <\/em><\/p>\n<p style=\"text-align: justify;\"><em>\u00c9 poss\u00edvel requalificar-se participando de cursos e treinamentos presenciais mesmo em \u00e9poca de pandemia?<\/em><\/p>\n<p style=\"text-align: justify;\"><em>Quais ser\u00e3o as principais qualifica\u00e7\u00f5es exigidas no futuro?<\/em><\/p>\n<p style=\"text-align: justify;\"><em>Quais s\u00e3o as consequ\u00eancias de n\u00e3o se qualificar profissionalmente?<\/em><\/p>\n<p style=\"text-align: justify;\"><em>Quais as habilidades exigidas neste momento?<\/em><\/p>\n<p style=\"text-align: justify;\"><em>Qual a import\u00e2ncia do idioma na qualifica\u00e7\u00e3o profissional?<\/em><\/p>\n<p style=\"text-align: justify;\"><em>Como est\u00e1 a sua comunica\u00e7\u00e3o para lidar com os desafios deste seu\u00a0 momento profissional?<\/em><\/p>\n<p style=\"text-align: justify;\"><em>Como est\u00e1 a sua motiva\u00e7\u00e3o e a sua auto-estima para enfrentar este momento?<\/em><\/p>\n<p style=\"text-align: justify;\"><em>Est\u00e1 disposto ou disposta a dedicar tempo e energia na reciclagem e no aprendizado?<\/em><em>\u00a0<\/em><\/p>\n<p style=\"text-align: justify;\">\u00c9 preciso ampliar seus conhecimentos e habilidades, concorda comigo?<\/p>\n<ul style=\"text-align: justify;\">\n<li>Amplie seus conhecimentos e suas habilidades, desenvolvendo novas compet\u00eancias;<\/li>\n<li>Complemente os conhecimentos que voc\u00ea j\u00e1 tem;<\/li>\n<li>Busque a sua atualiza\u00e7\u00e3o;<\/li>\n<li>Expanda as suas habilidades;<\/li>\n<li>Aprenda novas estrat\u00e9gias para trabalhar no atendimento ao p\u00fablico e em vendas.<\/li>\n<\/ul>\n<p style=\"text-align: justify;\">Por isso, \u00e9 importante correr atr\u00e1s da aquisi\u00e7\u00e3o de novas compet\u00eancias relacionadas ao trabalho, atualizando o conhecimento e aprimorando as habilidades. Todos devem estar preparados para a retomada da economia ap\u00f3s a crise global. Quanto mais qualificada for a m\u00e3o de obra, o pa\u00eds ter\u00e1 menos dificuldade para se reerguer.<\/p>\n<p style=\"text-align: justify;\">Falta pouco para que as vacinas sejam oferecidas\u00a0 para a popula\u00e7\u00e3o. A partir da\u00ed, teremos o novo normal.<\/p>\n<p style=\"text-align: justify;\">Enquanto isto n\u00e3o acontece, lembre-se de que a pandemia ainda existe, n\u00e3o acabou. Esteja consciente de seus comportamentos preventivos. Aplique aquilo que as autoridades est\u00e3o solicitando no quesito preven\u00e7\u00e3o.<\/p>\n<p style=\"text-align: justify;\">Aceite o meu convite para que inscreva-se e participe por v\u00eddeo confer\u00eancia ou presencialmente do imperd\u00edvel treinamento para as vendas de final de ano em sua cidade. Preparei muitas novidades para tais eventos. Vai valer a pena!<\/p>\n<p style=\"text-align: justify;\">Entre em contato com o fone 18 991674061 e fale com o Wagner para garantir a sua vaga.<\/p>\n<p style=\"text-align: justify;\">Agrade\u00e7o muito por sua aten\u00e7\u00e3o e pelo tempo dedicado a esta leitura.<\/p>\n<p style=\"text-align: justify;\">Receba os meus cumprimentos e os votos de muita sa\u00fade , paz e sucesso!<\/p>\n<p style=\"text-align: justify;\">\u00a0\u00a0\u00a0\u00a0\u00a0\u00a0\u00a0\u00a0\u00a0\u00a0\u00a0\u00a0\u00a0\u00a0\u00a0\u00a0\u00a0\u00a0\u00a0\u00a0\u00a0\u00a0\u00a0\u00a0\u00a0\u00a0\u00a0\u00a0\u00a0\u00a0\u00a0 <strong>Quem \u00e9 Anuar Mamede?<\/strong><\/p>\n<p style=\"text-align: justify;\">Psic\u00f3logo, formado pela Universidade Estadual Paulista de Assis S.P. UNESP, p\u00f3sgraduado em recursos humanos, orientador vocacional e profissional, psicoterapeuta individual e familiar, consultor de empresas, ministra cursos e palestras para empresas comerciais, agr\u00edcolas e industriais, escolas, cooperativas, fazendas, universidades, prefeituras, associa\u00e7\u00f5es comerciais, sindicatos, cl\u00ednicas , hospitais , redes de drogarias e farm\u00e1cias , diretorias de ensino, postos de combust\u00edveis, usinas de alcool e a\u00e7ucar, usinas de beneficiamento do l\u00e1tex, Redes de Lojas e \u00f3ticas, hot\u00e9is e restaurantes. \u00c9 Consultor e Palestrante homologado pela ODONTOCOMPANY e PARTMED.<\/p>\n","protected":false},"excerpt":{"rendered":"<p>RECICLANDO CONHECIMENTOS E ATITUDES EM \u00c9POCA DE DIFICULDADES\u00a0 Ol\u00e1 caro leitor! Sou Anuar Mamede, Psic\u00f3logo Psicoterapeuta, Consultor e Palestrante que mais uma vez, tem o privil\u00e9gio de escrever aqui para este importante site de not\u00edcias. Pensando no momento delicado no qual estamos, preparei estas reflex\u00f5es em torno do seu desenvolvimento profissional e pessoal.\u00a0 Leia, avalie [&hellip;]<\/p>\n","protected":false},"author":1,"featured_media":39155,"comment_status":"closed","ping_status":"open","sticky":false,"template":"","format":"standard","meta":{"footnotes":""},"categories":[175],"tags":[],"class_list":["post-39154","post","type-post","status-publish","format-standard","has-post-thumbnail","hentry","category-artigos"],"_links":{"self":[{"href":"https:\/\/jorgezanoni.com.br\/2019\/wp-json\/wp\/v2\/posts\/39154","targetHints":{"allow":["GET"]}}],"collection":[{"href":"https:\/\/jorgezanoni.com.br\/2019\/wp-json\/wp\/v2\/posts"}],"about":[{"href":"https:\/\/jorgezanoni.com.br\/2019\/wp-json\/wp\/v2\/types\/post"}],"author":[{"embeddable":true,"href":"https:\/\/jorgezanoni.com.br\/2019\/wp-json\/wp\/v2\/users\/1"}],"replies":[{"embeddable":true,"href":"https:\/\/jorgezanoni.com.br\/2019\/wp-json\/wp\/v2\/comments?post=39154"}],"version-history":[{"count":0,"href":"https:\/\/jorgezanoni.com.br\/2019\/wp-json\/wp\/v2\/posts\/39154\/revisions"}],"wp:featuredmedia":[{"embeddable":true,"href":"https:\/\/jorgezanoni.com.br\/2019\/wp-json\/wp\/v2\/media\/39155"}],"wp:attachment":[{"href":"https:\/\/jorgezanoni.com.br\/2019\/wp-json\/wp\/v2\/media?parent=39154"}],"wp:term":[{"taxonomy":"category","embeddable":true,"href":"https:\/\/jorgezanoni.com.br\/2019\/wp-json\/wp\/v2\/categories?post=39154"},{"taxonomy":"post_tag","embeddable":true,"href":"https:\/\/jorgezanoni.com.br\/2019\/wp-json\/wp\/v2\/tags?post=39154"}],"curies":[{"name":"wp","href":"https:\/\/api.w.org\/{rel}","templated":true}]}}