{"id":39134,"date":"2020-11-24T15:53:10","date_gmt":"2020-11-24T15:53:10","guid":{"rendered":"https:\/\/jorgezanoni.com.br\/2019\/?p=39134"},"modified":"2020-11-24T15:53:10","modified_gmt":"2020-11-24T15:53:10","slug":"semana-de-palestras-na-emdaep-foi-iniciada","status":"publish","type":"post","link":"https:\/\/jorgezanoni.com.br\/2019\/semana-de-palestras-na-emdaep-foi-iniciada\/","title":{"rendered":"Semana de Palestras na Emdaep foi iniciada"},"content":{"rendered":"<p style=\"text-align: justify;\">Funcion\u00e1rios\u00a0da\u00a0Emdaep\u00a0participam\u00a0de\u00a0palestras<\/p>\n<p>A Semana Interna de Preven\u00e7\u00e3o de Acidentes de Trabalho, com a participa\u00e7\u00e3o de funcion\u00e1rios da Emdaep, come\u00e7ou na segunda-feira. A palestra \u201cNovembro Azul \u2013 Sa\u00fade do homem\u201d foi apresentada pela enfermeira Nat\u00e1lia Liberato Norberto Angeloni.<br \/>\nEst\u00e3o programadas ainda mais duas palestras. Quarta-feira, \u00e0s 12h30, o engenheiro H\u00e9lio Pesce Guastaldi vai destacar o tema \u201cSeguran\u00e7a do trabalhador\u201d.<br \/>\nO encerramento est\u00e1 previsto para sexta-feira, com a palestra \u201cNutri\u00e7\u00e3o saud\u00e1vel\u201d, com a nutricionista La\u00edsa Machado Scaliante.<\/p>\n<p style=\"text-align: justify;\"><img loading=\"lazy\" decoding=\"async\" class=\"alignnone size-full wp-image-39135\" src=\"https:\/\/jorgezanoni.com.br\/2019\/wp-content\/uploads\/2020\/11\/emda.jpg\" alt=\"\" width=\"1024\" height=\"463\" srcset=\"https:\/\/jorgezanoni.com.br\/2019\/wp-content\/uploads\/2020\/11\/emda.jpg 1024w, https:\/\/jorgezanoni.com.br\/2019\/wp-content\/uploads\/2020\/11\/emda-300x136.jpg 300w, https:\/\/jorgezanoni.com.br\/2019\/wp-content\/uploads\/2020\/11\/emda-768x347.jpg 768w, https:\/\/jorgezanoni.com.br\/2019\/wp-content\/uploads\/2020\/11\/emda-696x315.jpg 696w, https:\/\/jorgezanoni.com.br\/2019\/wp-content\/uploads\/2020\/11\/emda-929x420.jpg 929w\" sizes=\"auto, (max-width: 1024px) 100vw, 1024px\" \/> <img loading=\"lazy\" decoding=\"async\" class=\"alignnone size-full wp-image-39136\" src=\"https:\/\/jorgezanoni.com.br\/2019\/wp-content\/uploads\/2020\/11\/emda1.jpg\" alt=\"\" width=\"1024\" height=\"448\" srcset=\"https:\/\/jorgezanoni.com.br\/2019\/wp-content\/uploads\/2020\/11\/emda1.jpg 1024w, https:\/\/jorgezanoni.com.br\/2019\/wp-content\/uploads\/2020\/11\/emda1-300x131.jpg 300w, https:\/\/jorgezanoni.com.br\/2019\/wp-content\/uploads\/2020\/11\/emda1-768x336.jpg 768w, https:\/\/jorgezanoni.com.br\/2019\/wp-content\/uploads\/2020\/11\/emda1-696x305.jpg 696w, https:\/\/jorgezanoni.com.br\/2019\/wp-content\/uploads\/2020\/11\/emda1-960x420.jpg 960w\" sizes=\"auto, (max-width: 1024px) 100vw, 1024px\" \/><\/p>\n<p>Ass. Rela\u00e7\u00f5es P\u00fablicas da Emdaep<\/p>\n","protected":false},"excerpt":{"rendered":"<p>Funcion\u00e1rios\u00a0da\u00a0Emdaep\u00a0participam\u00a0de\u00a0palestras A Semana Interna de Preven\u00e7\u00e3o de Acidentes de Trabalho, com a participa\u00e7\u00e3o de funcion\u00e1rios da Emdaep, come\u00e7ou na segunda-feira. A palestra \u201cNovembro Azul \u2013 Sa\u00fade do homem\u201d foi apresentada pela enfermeira Nat\u00e1lia Liberato Norberto Angeloni. Est\u00e3o programadas ainda mais duas palestras. Quarta-feira, \u00e0s 12h30, o engenheiro H\u00e9lio Pesce Guastaldi vai destacar o tema \u201cSeguran\u00e7a [&hellip;]<\/p>\n","protected":false},"author":1,"featured_media":39137,"comment_status":"closed","ping_status":"open","sticky":false,"template":"","format":"standard","meta":{"footnotes":""},"categories":[114],"tags":[],"class_list":["post-39134","post","type-post","status-publish","format-standard","has-post-thumbnail","hentry","category-geralecomercio"],"_links":{"self":[{"href":"https:\/\/jorgezanoni.com.br\/2019\/wp-json\/wp\/v2\/posts\/39134","targetHints":{"allow":["GET"]}}],"collection":[{"href":"https:\/\/jorgezanoni.com.br\/2019\/wp-json\/wp\/v2\/posts"}],"about":[{"href":"https:\/\/jorgezanoni.com.br\/2019\/wp-json\/wp\/v2\/types\/post"}],"author":[{"embeddable":true,"href":"https:\/\/jorgezanoni.com.br\/2019\/wp-json\/wp\/v2\/users\/1"}],"replies":[{"embeddable":true,"href":"https:\/\/jorgezanoni.com.br\/2019\/wp-json\/wp\/v2\/comments?post=39134"}],"version-history":[{"count":0,"href":"https:\/\/jorgezanoni.com.br\/2019\/wp-json\/wp\/v2\/posts\/39134\/revisions"}],"wp:featuredmedia":[{"embeddable":true,"href":"https:\/\/jorgezanoni.com.br\/2019\/wp-json\/wp\/v2\/media\/39137"}],"wp:attachment":[{"href":"https:\/\/jorgezanoni.com.br\/2019\/wp-json\/wp\/v2\/media?parent=39134"}],"wp:term":[{"taxonomy":"category","embeddable":true,"href":"https:\/\/jorgezanoni.com.br\/2019\/wp-json\/wp\/v2\/categories?post=39134"},{"taxonomy":"post_tag","embeddable":true,"href":"https:\/\/jorgezanoni.com.br\/2019\/wp-json\/wp\/v2\/tags?post=39134"}],"curies":[{"name":"wp","href":"https:\/\/api.w.org\/{rel}","templated":true}]}}