{"id":3913,"date":"2019-08-15T11:31:43","date_gmt":"2019-08-15T11:31:43","guid":{"rendered":"https:\/\/jorgezanoni.com.br\/2019\/?p=3913"},"modified":"2019-08-15T11:31:43","modified_gmt":"2019-08-15T11:31:43","slug":"aniversariantes-do-dia-15-08-19","status":"publish","type":"post","link":"https:\/\/jorgezanoni.com.br\/2019\/aniversariantes-do-dia-15-08-19\/","title":{"rendered":"Aniversariantes do Dia 15\/08\/19"},"content":{"rendered":"<p>PARABENIZAMOS OS ANIVERSARIANTES DE HOJE:<\/p>\n<p><img loading=\"lazy\" decoding=\"async\" class=\"alignnone size-full wp-image-3914\" src=\"https:\/\/jorgezanoni.com.br\/2019\/wp-content\/uploads\/2019\/08\/Adriana-Santos.jpg\" alt=\"\" width=\"960\" height=\"960\" srcset=\"https:\/\/jorgezanoni.com.br\/2019\/wp-content\/uploads\/2019\/08\/Adriana-Santos.jpg 960w, https:\/\/jorgezanoni.com.br\/2019\/wp-content\/uploads\/2019\/08\/Adriana-Santos-150x150.jpg 150w, https:\/\/jorgezanoni.com.br\/2019\/wp-content\/uploads\/2019\/08\/Adriana-Santos-300x300.jpg 300w, https:\/\/jorgezanoni.com.br\/2019\/wp-content\/uploads\/2019\/08\/Adriana-Santos-768x768.jpg 768w, https:\/\/jorgezanoni.com.br\/2019\/wp-content\/uploads\/2019\/08\/Adriana-Santos-696x696.jpg 696w, https:\/\/jorgezanoni.com.br\/2019\/wp-content\/uploads\/2019\/08\/Adriana-Santos-420x420.jpg 420w\" sizes=\"auto, (max-width: 960px) 100vw, 960px\" \/><\/p>\n<p>Adriana Santos<\/p>\n<p><img loading=\"lazy\" decoding=\"async\" class=\"alignnone size-full wp-image-3915\" src=\"https:\/\/jorgezanoni.com.br\/2019\/wp-content\/uploads\/2019\/08\/Ang\u00e9lica-Reis.jpg\" alt=\"\" width=\"640\" height=\"480\" srcset=\"https:\/\/jorgezanoni.com.br\/2019\/wp-content\/uploads\/2019\/08\/Ang\u00e9lica-Reis.jpg 640w, https:\/\/jorgezanoni.com.br\/2019\/wp-content\/uploads\/2019\/08\/Ang\u00e9lica-Reis-300x225.jpg 300w, https:\/\/jorgezanoni.com.br\/2019\/wp-content\/uploads\/2019\/08\/Ang\u00e9lica-Reis-80x60.jpg 80w, https:\/\/jorgezanoni.com.br\/2019\/wp-content\/uploads\/2019\/08\/Ang\u00e9lica-Reis-265x198.jpg 265w, https:\/\/jorgezanoni.com.br\/2019\/wp-content\/uploads\/2019\/08\/Ang\u00e9lica-Reis-560x420.jpg 560w\" sizes=\"auto, (max-width: 640px) 100vw, 640px\" \/><\/p>\n<p>Ang\u00e9lica Reis<\/p>\n<p><img loading=\"lazy\" decoding=\"async\" class=\"alignnone size-full wp-image-3916\" src=\"https:\/\/jorgezanoni.com.br\/2019\/wp-content\/uploads\/2019\/08\/Arlete-Carvalho-Zanoni.jpg\" alt=\"\" width=\"641\" height=\"650\" srcset=\"https:\/\/jorgezanoni.com.br\/2019\/wp-content\/uploads\/2019\/08\/Arlete-Carvalho-Zanoni.jpg 641w, https:\/\/jorgezanoni.com.br\/2019\/wp-content\/uploads\/2019\/08\/Arlete-Carvalho-Zanoni-296x300.jpg 296w, https:\/\/jorgezanoni.com.br\/2019\/wp-content\/uploads\/2019\/08\/Arlete-Carvalho-Zanoni-414x420.jpg 414w\" sizes=\"auto, (max-width: 641px) 100vw, 641px\" \/><\/p>\n<p>Arlete Carvalho Zanoni<\/p>\n<p><img loading=\"lazy\" decoding=\"async\" class=\"alignnone size-full wp-image-3917\" src=\"https:\/\/jorgezanoni.com.br\/2019\/wp-content\/uploads\/2019\/08\/Carina-Carvalho.jpg\" alt=\"\" width=\"960\" height=\"958\" srcset=\"https:\/\/jorgezanoni.com.br\/2019\/wp-content\/uploads\/2019\/08\/Carina-Carvalho.jpg 960w, https:\/\/jorgezanoni.com.br\/2019\/wp-content\/uploads\/2019\/08\/Carina-Carvalho-150x150.jpg 150w, https:\/\/jorgezanoni.com.br\/2019\/wp-content\/uploads\/2019\/08\/Carina-Carvalho-300x300.jpg 300w, https:\/\/jorgezanoni.com.br\/2019\/wp-content\/uploads\/2019\/08\/Carina-Carvalho-768x766.jpg 768w, https:\/\/jorgezanoni.com.br\/2019\/wp-content\/uploads\/2019\/08\/Carina-Carvalho-696x695.jpg 696w, https:\/\/jorgezanoni.com.br\/2019\/wp-content\/uploads\/2019\/08\/Carina-Carvalho-421x420.jpg 421w\" sizes=\"auto, (max-width: 960px) 100vw, 960px\" \/><\/p>\n<p>Carina Carvalho<\/p>\n<p><img loading=\"lazy\" decoding=\"async\" class=\"alignnone size-full wp-image-3919\" src=\"https:\/\/jorgezanoni.com.br\/2019\/wp-content\/uploads\/2019\/08\/Cida-Coelho.jpg\" alt=\"\" width=\"955\" height=\"960\" srcset=\"https:\/\/jorgezanoni.com.br\/2019\/wp-content\/uploads\/2019\/08\/Cida-Coelho.jpg 955w, https:\/\/jorgezanoni.com.br\/2019\/wp-content\/uploads\/2019\/08\/Cida-Coelho-150x150.jpg 150w, https:\/\/jorgezanoni.com.br\/2019\/wp-content\/uploads\/2019\/08\/Cida-Coelho-298x300.jpg 298w, https:\/\/jorgezanoni.com.br\/2019\/wp-content\/uploads\/2019\/08\/Cida-Coelho-768x772.jpg 768w, https:\/\/jorgezanoni.com.br\/2019\/wp-content\/uploads\/2019\/08\/Cida-Coelho-696x700.jpg 696w, https:\/\/jorgezanoni.com.br\/2019\/wp-content\/uploads\/2019\/08\/Cida-Coelho-418x420.jpg 418w\" sizes=\"auto, (max-width: 955px) 100vw, 955px\" \/><\/p>\n<p>Cida Coelho<\/p>\n<p><img loading=\"lazy\" decoding=\"async\" class=\"alignnone size-full wp-image-3920\" src=\"https:\/\/jorgezanoni.com.br\/2019\/wp-content\/uploads\/2019\/08\/Francine-Viriato-Trevizan.jpg\" alt=\"\" width=\"899\" height=\"909\" srcset=\"https:\/\/jorgezanoni.com.br\/2019\/wp-content\/uploads\/2019\/08\/Francine-Viriato-Trevizan.jpg 899w, https:\/\/jorgezanoni.com.br\/2019\/wp-content\/uploads\/2019\/08\/Francine-Viriato-Trevizan-297x300.jpg 297w, https:\/\/jorgezanoni.com.br\/2019\/wp-content\/uploads\/2019\/08\/Francine-Viriato-Trevizan-768x777.jpg 768w, https:\/\/jorgezanoni.com.br\/2019\/wp-content\/uploads\/2019\/08\/Francine-Viriato-Trevizan-696x704.jpg 696w, https:\/\/jorgezanoni.com.br\/2019\/wp-content\/uploads\/2019\/08\/Francine-Viriato-Trevizan-415x420.jpg 415w\" sizes=\"auto, (max-width: 899px) 100vw, 899px\" \/><\/p>\n<p>Francine Viriato Trevizan<\/p>\n<p><img loading=\"lazy\" decoding=\"async\" class=\"alignnone size-full wp-image-3921\" src=\"https:\/\/jorgezanoni.com.br\/2019\/wp-content\/uploads\/2019\/08\/Hegimara-P.-Bifon.jpg\" alt=\"\" width=\"640\" height=\"480\" srcset=\"https:\/\/jorgezanoni.com.br\/2019\/wp-content\/uploads\/2019\/08\/Hegimara-P.-Bifon.jpg 640w, https:\/\/jorgezanoni.com.br\/2019\/wp-content\/uploads\/2019\/08\/Hegimara-P.-Bifon-300x225.jpg 300w, https:\/\/jorgezanoni.com.br\/2019\/wp-content\/uploads\/2019\/08\/Hegimara-P.-Bifon-80x60.jpg 80w, https:\/\/jorgezanoni.com.br\/2019\/wp-content\/uploads\/2019\/08\/Hegimara-P.-Bifon-265x198.jpg 265w, https:\/\/jorgezanoni.com.br\/2019\/wp-content\/uploads\/2019\/08\/Hegimara-P.-Bifon-560x420.jpg 560w\" sizes=\"auto, (max-width: 640px) 100vw, 640px\" \/><\/p>\n<p>Hegimara P. Bifon<\/p>\n<p><img loading=\"lazy\" decoding=\"async\" class=\"alignnone size-full wp-image-3922\" src=\"https:\/\/jorgezanoni.com.br\/2019\/wp-content\/uploads\/2019\/08\/Lucinha-Machado-Netto.jpg\" alt=\"\" width=\"662\" height=\"960\" srcset=\"https:\/\/jorgezanoni.com.br\/2019\/wp-content\/uploads\/2019\/08\/Lucinha-Machado-Netto.jpg 662w, https:\/\/jorgezanoni.com.br\/2019\/wp-content\/uploads\/2019\/08\/Lucinha-Machado-Netto-207x300.jpg 207w, https:\/\/jorgezanoni.com.br\/2019\/wp-content\/uploads\/2019\/08\/Lucinha-Machado-Netto-290x420.jpg 290w\" sizes=\"auto, (max-width: 662px) 100vw, 662px\" \/><\/p>\n<p>Lucinha Carvalho Neto<\/p>\n<p><img loading=\"lazy\" decoding=\"async\" class=\"alignnone size-full wp-image-3923\" src=\"https:\/\/jorgezanoni.com.br\/2019\/wp-content\/uploads\/2019\/08\/Maria-Regina-Morais.jpg\" alt=\"\" width=\"960\" height=\"540\" srcset=\"https:\/\/jorgezanoni.com.br\/2019\/wp-content\/uploads\/2019\/08\/Maria-Regina-Morais.jpg 960w, https:\/\/jorgezanoni.com.br\/2019\/wp-content\/uploads\/2019\/08\/Maria-Regina-Morais-300x169.jpg 300w, https:\/\/jorgezanoni.com.br\/2019\/wp-content\/uploads\/2019\/08\/Maria-Regina-Morais-768x432.jpg 768w, https:\/\/jorgezanoni.com.br\/2019\/wp-content\/uploads\/2019\/08\/Maria-Regina-Morais-696x392.jpg 696w, https:\/\/jorgezanoni.com.br\/2019\/wp-content\/uploads\/2019\/08\/Maria-Regina-Morais-747x420.jpg 747w\" sizes=\"auto, (max-width: 960px) 100vw, 960px\" \/><\/p>\n<p>Maria Regina Morais<\/p>\n<p><img loading=\"lazy\" decoding=\"async\" class=\"alignnone size-full wp-image-3924\" src=\"https:\/\/jorgezanoni.com.br\/2019\/wp-content\/uploads\/2019\/08\/Neia-Manfr\u00e9.jpg\" alt=\"\" width=\"570\" height=\"567\" srcset=\"https:\/\/jorgezanoni.com.br\/2019\/wp-content\/uploads\/2019\/08\/Neia-Manfr\u00e9.jpg 570w, https:\/\/jorgezanoni.com.br\/2019\/wp-content\/uploads\/2019\/08\/Neia-Manfr\u00e9-150x150.jpg 150w, https:\/\/jorgezanoni.com.br\/2019\/wp-content\/uploads\/2019\/08\/Neia-Manfr\u00e9-300x298.jpg 300w, https:\/\/jorgezanoni.com.br\/2019\/wp-content\/uploads\/2019\/08\/Neia-Manfr\u00e9-422x420.jpg 422w\" sizes=\"auto, (max-width: 570px) 100vw, 570px\" \/><\/p>\n<p>N\u00e9ia Manfr\u00e9<\/p>\n<p><img loading=\"lazy\" decoding=\"async\" class=\"alignnone size-full wp-image-3925\" src=\"https:\/\/jorgezanoni.com.br\/2019\/wp-content\/uploads\/2019\/08\/Ney-Vieira-dos-Santos.jpg\" alt=\"\" width=\"960\" height=\"720\" srcset=\"https:\/\/jorgezanoni.com.br\/2019\/wp-content\/uploads\/2019\/08\/Ney-Vieira-dos-Santos.jpg 960w, https:\/\/jorgezanoni.com.br\/2019\/wp-content\/uploads\/2019\/08\/Ney-Vieira-dos-Santos-300x225.jpg 300w, https:\/\/jorgezanoni.com.br\/2019\/wp-content\/uploads\/2019\/08\/Ney-Vieira-dos-Santos-768x576.jpg 768w, https:\/\/jorgezanoni.com.br\/2019\/wp-content\/uploads\/2019\/08\/Ney-Vieira-dos-Santos-80x60.jpg 80w, https:\/\/jorgezanoni.com.br\/2019\/wp-content\/uploads\/2019\/08\/Ney-Vieira-dos-Santos-265x198.jpg 265w, https:\/\/jorgezanoni.com.br\/2019\/wp-content\/uploads\/2019\/08\/Ney-Vieira-dos-Santos-696x522.jpg 696w, https:\/\/jorgezanoni.com.br\/2019\/wp-content\/uploads\/2019\/08\/Ney-Vieira-dos-Santos-560x420.jpg 560w\" sizes=\"auto, (max-width: 960px) 100vw, 960px\" \/><\/p>\n<p>Ney Vieira dos Santos<\/p>\n<p><img loading=\"lazy\" decoding=\"async\" class=\"alignnone size-full wp-image-3926\" src=\"https:\/\/jorgezanoni.com.br\/2019\/wp-content\/uploads\/2019\/08\/Regina-Veri-Catani.jpg\" alt=\"\" width=\"960\" height=\"960\" srcset=\"https:\/\/jorgezanoni.com.br\/2019\/wp-content\/uploads\/2019\/08\/Regina-Veri-Catani.jpg 960w, https:\/\/jorgezanoni.com.br\/2019\/wp-content\/uploads\/2019\/08\/Regina-Veri-Catani-150x150.jpg 150w, https:\/\/jorgezanoni.com.br\/2019\/wp-content\/uploads\/2019\/08\/Regina-Veri-Catani-300x300.jpg 300w, https:\/\/jorgezanoni.com.br\/2019\/wp-content\/uploads\/2019\/08\/Regina-Veri-Catani-768x768.jpg 768w, https:\/\/jorgezanoni.com.br\/2019\/wp-content\/uploads\/2019\/08\/Regina-Veri-Catani-696x696.jpg 696w, https:\/\/jorgezanoni.com.br\/2019\/wp-content\/uploads\/2019\/08\/Regina-Veri-Catani-420x420.jpg 420w\" sizes=\"auto, (max-width: 960px) 100vw, 960px\" \/><\/p>\n<p>Regina Veri Catani<\/p>\n<p><img loading=\"lazy\" decoding=\"async\" class=\"alignnone size-full wp-image-3927\" src=\"https:\/\/jorgezanoni.com.br\/2019\/wp-content\/uploads\/2019\/08\/Viviane-Araujo.jpg\" alt=\"\" width=\"540\" height=\"960\" srcset=\"https:\/\/jorgezanoni.com.br\/2019\/wp-content\/uploads\/2019\/08\/Viviane-Araujo.jpg 540w, https:\/\/jorgezanoni.com.br\/2019\/wp-content\/uploads\/2019\/08\/Viviane-Araujo-169x300.jpg 169w, https:\/\/jorgezanoni.com.br\/2019\/wp-content\/uploads\/2019\/08\/Viviane-Araujo-236x420.jpg 236w\" sizes=\"auto, (max-width: 540px) 100vw, 540px\" \/><\/p>\n<p>Viviane Ara\u00fajo<\/p>\n<p>&nbsp;<\/p>\n","protected":false},"excerpt":{"rendered":"<p>PARABENIZAMOS OS ANIVERSARIANTES DE HOJE: Adriana Santos Ang\u00e9lica Reis Arlete Carvalho Zanoni Carina Carvalho Cida Coelho Francine Viriato Trevizan Hegimara P. Bifon Lucinha Carvalho Neto Maria Regina Morais N\u00e9ia Manfr\u00e9 Ney Vieira dos Santos Regina Veri Catani Viviane Ara\u00fajo &nbsp;<\/p>\n","protected":false},"author":1,"featured_media":3915,"comment_status":"closed","ping_status":"open","sticky":false,"template":"","format":"standard","meta":{"footnotes":""},"categories":[174],"tags":[],"class_list":["post-3913","post","type-post","status-publish","format-standard","has-post-thumbnail","hentry","category-aniversariantes"],"_links":{"self":[{"href":"https:\/\/jorgezanoni.com.br\/2019\/wp-json\/wp\/v2\/posts\/3913","targetHints":{"allow":["GET"]}}],"collection":[{"href":"https:\/\/jorgezanoni.com.br\/2019\/wp-json\/wp\/v2\/posts"}],"about":[{"href":"https:\/\/jorgezanoni.com.br\/2019\/wp-json\/wp\/v2\/types\/post"}],"author":[{"embeddable":true,"href":"https:\/\/jorgezanoni.com.br\/2019\/wp-json\/wp\/v2\/users\/1"}],"replies":[{"embeddable":true,"href":"https:\/\/jorgezanoni.com.br\/2019\/wp-json\/wp\/v2\/comments?post=3913"}],"version-history":[{"count":0,"href":"https:\/\/jorgezanoni.com.br\/2019\/wp-json\/wp\/v2\/posts\/3913\/revisions"}],"wp:featuredmedia":[{"embeddable":true,"href":"https:\/\/jorgezanoni.com.br\/2019\/wp-json\/wp\/v2\/media\/3915"}],"wp:attachment":[{"href":"https:\/\/jorgezanoni.com.br\/2019\/wp-json\/wp\/v2\/media?parent=3913"}],"wp:term":[{"taxonomy":"category","embeddable":true,"href":"https:\/\/jorgezanoni.com.br\/2019\/wp-json\/wp\/v2\/categories?post=3913"},{"taxonomy":"post_tag","embeddable":true,"href":"https:\/\/jorgezanoni.com.br\/2019\/wp-json\/wp\/v2\/tags?post=3913"}],"curies":[{"name":"wp","href":"https:\/\/api.w.org\/{rel}","templated":true}]}}