{"id":39128,"date":"2020-11-24T15:24:32","date_gmt":"2020-11-24T15:24:32","guid":{"rendered":"https:\/\/jorgezanoni.com.br\/2019\/?p=39128"},"modified":"2020-11-24T15:24:32","modified_gmt":"2020-11-24T15:24:32","slug":"alunos-do-anglo-cid-participam-de-webpalestra-sobre-a-historia-de-dracena","status":"publish","type":"post","link":"https:\/\/jorgezanoni.com.br\/2019\/alunos-do-anglo-cid-participam-de-webpalestra-sobre-a-historia-de-dracena\/","title":{"rendered":"Alunos do Anglo-CID participam de webpalestra sobre a hist\u00f3ria de Dracena"},"content":{"rendered":"<p dir=\"ltr\" style=\"text-align: justify;\">Os alunos do 3\u00ba ano do Ensino Fundamental do Col\u00e9gio Anglo-CID de Dracena participaram, no dia 30 de outubro, de uma webpalestra, com o dracenense e escritor do e-book &#8220;Minha mem\u00f3ria minha hist\u00f3ria&#8221; Rog\u00e9rio Edson dos Santos.<\/p>\n<p dir=\"ltr\" style=\"text-align: justify;\">A Profa. Isabel Malisse Breschi explicou que, durante a palestra, foram abordados os detalhes do munic\u00edpio desde a sua funda\u00e7\u00e3o at\u00e9 as transforma\u00e7\u00f5es dos dias atuais, com o objetivo de conhecer alguns aspectos da hist\u00f3ria do lugar onde se localiza a escola, compreender que os sujeitos hist\u00f3ricos deixam ind\u00edcios de sua passagem, al\u00e9m de ampliar conhecimentos e reconhecer a import\u00e2ncia das fontes para a mem\u00f3ria hist\u00f3rica.<\/p>\n<p dir=\"ltr\" style=\"text-align: justify;\">A assistente de coordena\u00e7\u00e3o do ensino fundamental do Anglo-CID Vera L\u00facia tamb\u00e9m participou da webpalestra.<\/p>\n<p dir=\"ltr\" style=\"text-align: justify;\">A diretora do Anglo-CID Profa. Eul\u00e1lia Pires Fava agradeceu a disponibilidade do Sr. Rog\u00e9rio que, h\u00e1 alguns anos, gentilmente participa desta atividade de forma presencial e, neste ano letivo, de forma remota, contribuiu mais uma vez com seus conhecimentos e viv\u00eancia da hist\u00f3ria do bairro Metr\u00f3pole, onde est\u00e1 localizado o col\u00e9gio Anglo-CID.<span id=\"gmail-docs-internal-guid-5b0d82e4-7fff-09bf-22a2-290eaf12cc9c\"><\/span><\/p>\n<div class=\"gmail_signature\" dir=\"ltr\">\n<div dir=\"ltr\" style=\"text-align: justify;\">Carolina Colnago<br \/>\nAssistente de Comunica\u00e7\u00e3o<br \/>\nFunda\u00e7\u00e3o Dracenense de Educa\u00e7\u00e3o e Cultura<\/div>\n<\/div>\n","protected":false},"excerpt":{"rendered":"<p>Os alunos do 3\u00ba ano do Ensino Fundamental do Col\u00e9gio Anglo-CID de Dracena participaram, no dia 30 de outubro, de uma webpalestra, com o dracenense e escritor do e-book &#8220;Minha mem\u00f3ria minha hist\u00f3ria&#8221; Rog\u00e9rio Edson dos Santos. A Profa. Isabel Malisse Breschi explicou que, durante a palestra, foram abordados os detalhes do munic\u00edpio desde a [&hellip;]<\/p>\n","protected":false},"author":1,"featured_media":39129,"comment_status":"closed","ping_status":"open","sticky":false,"template":"","format":"standard","meta":{"footnotes":""},"categories":[122],"tags":[],"class_list":["post-39128","post","type-post","status-publish","format-standard","has-post-thumbnail","hentry","category-saudeeducacaoeconcurso"],"_links":{"self":[{"href":"https:\/\/jorgezanoni.com.br\/2019\/wp-json\/wp\/v2\/posts\/39128","targetHints":{"allow":["GET"]}}],"collection":[{"href":"https:\/\/jorgezanoni.com.br\/2019\/wp-json\/wp\/v2\/posts"}],"about":[{"href":"https:\/\/jorgezanoni.com.br\/2019\/wp-json\/wp\/v2\/types\/post"}],"author":[{"embeddable":true,"href":"https:\/\/jorgezanoni.com.br\/2019\/wp-json\/wp\/v2\/users\/1"}],"replies":[{"embeddable":true,"href":"https:\/\/jorgezanoni.com.br\/2019\/wp-json\/wp\/v2\/comments?post=39128"}],"version-history":[{"count":0,"href":"https:\/\/jorgezanoni.com.br\/2019\/wp-json\/wp\/v2\/posts\/39128\/revisions"}],"wp:featuredmedia":[{"embeddable":true,"href":"https:\/\/jorgezanoni.com.br\/2019\/wp-json\/wp\/v2\/media\/39129"}],"wp:attachment":[{"href":"https:\/\/jorgezanoni.com.br\/2019\/wp-json\/wp\/v2\/media?parent=39128"}],"wp:term":[{"taxonomy":"category","embeddable":true,"href":"https:\/\/jorgezanoni.com.br\/2019\/wp-json\/wp\/v2\/categories?post=39128"},{"taxonomy":"post_tag","embeddable":true,"href":"https:\/\/jorgezanoni.com.br\/2019\/wp-json\/wp\/v2\/tags?post=39128"}],"curies":[{"name":"wp","href":"https:\/\/api.w.org\/{rel}","templated":true}]}}