{"id":39113,"date":"2020-11-24T14:16:40","date_gmt":"2020-11-24T14:16:40","guid":{"rendered":"https:\/\/jorgezanoni.com.br\/2019\/?p=39113"},"modified":"2020-11-24T14:16:40","modified_gmt":"2020-11-24T14:16:40","slug":"islamismo-reflexao-e-dialogo-no-curso-de-historia-da-unifai","status":"publish","type":"post","link":"https:\/\/jorgezanoni.com.br\/2019\/islamismo-reflexao-e-dialogo-no-curso-de-historia-da-unifai\/","title":{"rendered":"ISLAMISMO: Reflex\u00e3o e Di\u00e1logo no Curso de Hist\u00f3ria da UNIFAI!"},"content":{"rendered":"<p style=\"text-align: justify;\"><strong>ISLAMISMO: REFLEX\u00c3O E DI\u00c1LOGO NO CURSO DE HIST\u00d3RIA DA UNIFAI!<\/strong><\/p>\n<p style=\"text-align: justify;\"><strong><em>\u201cQuem busca o conhecimento e o acha, obter\u00e1 dois pr\u00e9mios: um por procur\u00e1-lo, e outro por ach\u00e1-lo. Se n\u00e3o o encontrar, ainda restar\u00e1 o primeiro pr\u00e9mio\u201c (Maom\u00e9)<\/em><\/strong><strong><em><br \/>\n<\/em><\/strong><strong>Fonte: https:\/\/citacoes.in\/autores\/maome\/<\/strong><\/p>\n<p style=\"text-align: justify;\"><strong><em>S\u00e9rgio Barbosa (*) <\/em><\/strong><\/p>\n<p style=\"text-align: justify;\">Em tempo de PANDEMIA e PRECONCEITOS diversos em todas as \u00e1reas da sociedade contempor\u00e2nea, torna-se necess\u00e1rio estar em conex\u00e3o com a REFLEX\u00c3O CR\u00cdTICA para uma aproxima\u00e7\u00e3o com as novas propostas mediadas pela p\u00f3s-globaliza\u00e7\u00e3o em n\u00edvel GLOCAL, ou seja, do GLOBAL para o LOCAL..<\/p>\n<p style=\"text-align: justify;\">Neste cen\u00e1rio, ocorreu nesta segunda-feira, 23, das 21h10 \u00e0s 22H30, VIDEOCONFER\u00caNCIA com o tema, a saber: UMA BREVE INTRODU\u00c7\u00c3O SOBRE A HIST\u00d3RIA DO ISLAMISMO por meio da disciplina HIST\u00d3RIA E RELIGI\u00c3O (VI Termo) no curso de HIST\u00d3RIA&#8230;<\/p>\n<p style=\"text-align: justify;\">Para explanar este tema um tanto quanto complexo para a maioria das\/os profissionais que atuam no mercado, bem como, discentes e docentes da \u00e1rea acad\u00eamica, ainda, comunidade em geral, esteve dialogando com os\/as discentes, GABRIEL APARECIDO MIRANDA DA SILVA&#8230;<\/p>\n<p style=\"text-align: justify;\">Deve-se destacar que GABRIEL est\u00e1 cursando o \u00faltimo semestre do Curso de Hist\u00f3ria na institui\u00e7\u00e3o, por\u00e9m, vem pesquisando este tema e tem\u00e1ticas relacionados com o ISLAMISMO (mu\u00e7ulmanos) nos \u00faltimos meses para uma compreens\u00e3o mais de acordo com a proposta desta RELIGI\u00c3O em n\u00edvel Mundial&#8230;<\/p>\n<p style=\"text-align: justify;\"><strong>CONVITE e DESAFIO<\/strong><\/p>\n<p style=\"text-align: justify;\">A presen\u00e7a de MIRANDA neste contexto discente, todavia, de acordo com o Plano de Ensino da disciplina, deve ser entendido de acordo coma proposta pedag\u00f3gica apresentada no in\u00edcio do semestre quando ao debate sobre as denominadas GRANDES RELIGI\u00d5ES DA HUMANIDADE (Juda\u00edsmo, Cristianismo, Budismo, Islamismo e Hindu\u00edsmo)&#8230;<\/p>\n<p style=\"text-align: justify;\">Desta forma, o convite para assumir tal desafio acad\u00eamico como pesquisador do tema, partiu do docente respons\u00e1vel pela disciplina ministrada, ou seja, HIST\u00d3RIA E RELIGI\u00c3O, portanto, GABRIEL apresentou diversas considera\u00e7\u00f5es mediadas pelas propostas do ISLAMISMO neste DI\u00c1LOGO que est\u00e1 al\u00e9m do radicalismo patrocinado pelas RELIGI\u00d5ES no cen\u00e1rio GLOBAL neste tempo novo tempo que se chama hoje&#8230;<\/p>\n<p style=\"text-align: justify;\">Como sempre, n\u00e3o se podem deixar de lado todas as propostas do ISLAMISMO e de acordo com as convic\u00e7\u00f5es registradas no ALCOR\u00c3O (livro sagrado) para uma aproxima\u00e7\u00e3o com as diretrizes dos MU\u00c7ULMANOS em atividades afins aos objetivos desta RELIGI\u00c3O&#8230;<\/p>\n<p style=\"text-align: justify;\">O conhecimento continua sendo a CHAVE MESTRA para o entendimento quanto aos processos hist\u00f3ricos relacionados com o surgimento do ISLAMISMO, assim, GABRIEL apresentou nesta CONFER\u00caNCIA as diversas alternativas que envolvem a proposta desta RELIGI\u00c3O, assim, os\/as discentes do VI Termo do Curso de Hist\u00f3ria, marcaram presen\u00e7a e participaram das atividades sob a coordena\u00e7\u00e3o do docente respons\u00e1vel pela disciplina&#8230;<\/p>\n<p style=\"text-align: justify;\">Tamb\u00e9m, deve-se registrar que no encerramento deste encontro mais do que interessante para todos\/as, a TURMA DO VI TERMO registraram o momento por meio da abertura das c\u00e2maras para uma bate papo entre discentes e docentes em ritmo de encerramento das aulas&#8230;<\/p>\n<p style=\"text-align: justify;\"><strong><em>____________________________<\/em><\/strong><\/p>\n<p style=\"text-align: justify;\"><strong><em>(*) jornalista diplomado, cursou teologia na ftimb, mestre em ci\u00eancias da religi\u00e3o\/sociologia pelo ppg\/cr da umesp e docente dos cursos de hist\u00f3ria e administra\u00e7\u00e3o da unifai.<\/em><\/strong><\/p>\n<p><img loading=\"lazy\" decoding=\"async\" class=\"alignnone size-full wp-image-39116\" src=\"https:\/\/jorgezanoni.com.br\/2019\/wp-content\/uploads\/2020\/11\/Materia1-1.jpg\" alt=\"\" width=\"1280\" height=\"960\" srcset=\"https:\/\/jorgezanoni.com.br\/2019\/wp-content\/uploads\/2020\/11\/Materia1-1.jpg 1280w, https:\/\/jorgezanoni.com.br\/2019\/wp-content\/uploads\/2020\/11\/Materia1-1-300x225.jpg 300w, https:\/\/jorgezanoni.com.br\/2019\/wp-content\/uploads\/2020\/11\/Materia1-1-1024x768.jpg 1024w, https:\/\/jorgezanoni.com.br\/2019\/wp-content\/uploads\/2020\/11\/Materia1-1-768x576.jpg 768w, https:\/\/jorgezanoni.com.br\/2019\/wp-content\/uploads\/2020\/11\/Materia1-1-80x60.jpg 80w, https:\/\/jorgezanoni.com.br\/2019\/wp-content\/uploads\/2020\/11\/Materia1-1-265x198.jpg 265w, https:\/\/jorgezanoni.com.br\/2019\/wp-content\/uploads\/2020\/11\/Materia1-1-696x522.jpg 696w, https:\/\/jorgezanoni.com.br\/2019\/wp-content\/uploads\/2020\/11\/Materia1-1-1068x801.jpg 1068w, https:\/\/jorgezanoni.com.br\/2019\/wp-content\/uploads\/2020\/11\/Materia1-1-560x420.jpg 560w\" sizes=\"auto, (max-width: 1280px) 100vw, 1280px\" \/><\/p>\n","protected":false},"excerpt":{"rendered":"<p>ISLAMISMO: REFLEX\u00c3O E DI\u00c1LOGO NO CURSO DE HIST\u00d3RIA DA UNIFAI! \u201cQuem busca o conhecimento e o acha, obter\u00e1 dois pr\u00e9mios: um por procur\u00e1-lo, e outro por ach\u00e1-lo. Se n\u00e3o o encontrar, ainda restar\u00e1 o primeiro pr\u00e9mio\u201c (Maom\u00e9) Fonte: https:\/\/citacoes.in\/autores\/maome\/ S\u00e9rgio Barbosa (*) Em tempo de PANDEMIA e PRECONCEITOS diversos em todas as \u00e1reas da sociedade [&hellip;]<\/p>\n","protected":false},"author":1,"featured_media":39114,"comment_status":"closed","ping_status":"open","sticky":false,"template":"","format":"standard","meta":{"footnotes":""},"categories":[122],"tags":[],"class_list":["post-39113","post","type-post","status-publish","format-standard","has-post-thumbnail","hentry","category-saudeeducacaoeconcurso"],"_links":{"self":[{"href":"https:\/\/jorgezanoni.com.br\/2019\/wp-json\/wp\/v2\/posts\/39113","targetHints":{"allow":["GET"]}}],"collection":[{"href":"https:\/\/jorgezanoni.com.br\/2019\/wp-json\/wp\/v2\/posts"}],"about":[{"href":"https:\/\/jorgezanoni.com.br\/2019\/wp-json\/wp\/v2\/types\/post"}],"author":[{"embeddable":true,"href":"https:\/\/jorgezanoni.com.br\/2019\/wp-json\/wp\/v2\/users\/1"}],"replies":[{"embeddable":true,"href":"https:\/\/jorgezanoni.com.br\/2019\/wp-json\/wp\/v2\/comments?post=39113"}],"version-history":[{"count":0,"href":"https:\/\/jorgezanoni.com.br\/2019\/wp-json\/wp\/v2\/posts\/39113\/revisions"}],"wp:featuredmedia":[{"embeddable":true,"href":"https:\/\/jorgezanoni.com.br\/2019\/wp-json\/wp\/v2\/media\/39114"}],"wp:attachment":[{"href":"https:\/\/jorgezanoni.com.br\/2019\/wp-json\/wp\/v2\/media?parent=39113"}],"wp:term":[{"taxonomy":"category","embeddable":true,"href":"https:\/\/jorgezanoni.com.br\/2019\/wp-json\/wp\/v2\/categories?post=39113"},{"taxonomy":"post_tag","embeddable":true,"href":"https:\/\/jorgezanoni.com.br\/2019\/wp-json\/wp\/v2\/tags?post=39113"}],"curies":[{"name":"wp","href":"https:\/\/api.w.org\/{rel}","templated":true}]}}