{"id":39091,"date":"2020-11-23T22:26:18","date_gmt":"2020-11-23T22:26:18","guid":{"rendered":"https:\/\/jorgezanoni.com.br\/2019\/?p=39091"},"modified":"2020-11-23T22:26:18","modified_gmt":"2020-11-23T22:26:18","slug":"carim-lanca-projeto-de-construcao-do-1o-hospital-do-rim-do-oeste-paulista","status":"publish","type":"post","link":"https:\/\/jorgezanoni.com.br\/2019\/carim-lanca-projeto-de-construcao-do-1o-hospital-do-rim-do-oeste-paulista\/","title":{"rendered":"Carim lan\u00e7a projeto de constru\u00e7\u00e3o do 1\u00ba Hospital do Rim do Oeste Paulista"},"content":{"rendered":"<p style=\"text-align: justify;\">O\u00a0Carim (Associa\u00e7\u00e3o de Apoio ao Paciente Renal Cr\u00f4nico e Transplantado)\u00a0j\u00e1 assistiu, desde sua funda\u00e7\u00e3o, em 2004, cerca de tr\u00eas mil pessoas. Com foco no acolhimento tanto do paciente como do seu familiar e vendo a luta di\u00e1ria principalmente de pais e m\u00e3es que precisam se deslocar para outros Estados, surgiu h\u00e1 quatro anos\u00a0a ideia da constru\u00e7\u00e3o do primeiro Hospital do Rim do oeste paulista. O pr\u00e9-lan\u00e7amento acontece no dia 1\u00ba de dezembro, no\u00a0Centro Cultural Matarazzo.<\/p>\n<p style=\"text-align: justify;\">Em busca de recursos e, com a ajuda dos vereadores da C\u00e2mara Municipal e da Prefeitura, foi doado um terreno para a constru\u00e7\u00e3o do Hospital do Rim, localizado na Rua Jo\u00e3o Asc\u00eancio, sem n\u00famero, no\u00a0Residencial Florenza, atr\u00e1s da Soesp\u00a0(Sementes Oeste Paulista).<\/p>\n<p style=\"text-align: justify;\">Sabendo que a doen\u00e7a renal cr\u00f4nica n\u00e3o afeta apenas o organismo, mas tamb\u00e9m a autoestima, pois o paciente precisa fazer hemodi\u00e1lise tr\u00eas vezes por semana, um dos principais anseios do hospital \u00e9 continuar prestando atendimento humanit\u00e1rio, agregado com o tratamento cl\u00ednico.<\/p>\n<p style=\"text-align: justify;\">Conforme a presidente fundadora e atual vice, Sumaia Zakir, acompanhando diariamente as queixas no Carim, viu-se a import\u00e2ncia de ampliar o trabalho que \u00e9 desenvolvido h\u00e1 16 anos. \u201cEu costumo falar que n\u00e3o \u00e9 mais um sonho, mas sim uma necessidade de ter um lugar onde este paciente, este familiar ser\u00e1 acolhido, sendo uma esperan\u00e7a a mais para atender os pacientes de toda regi\u00e3o\u201d, ressalta Sumaia.<\/p>\n<p style=\"text-align: justify;\">O atual presidente, C\u00e1ssio Tuboni, explica que o mais importante do Hospital do Rim de Presidente Prudente \u00e9 que a regi\u00e3o agora contar\u00e1 com o tratamento da nefrologia infantil e, como o Carim ser\u00e1 o\u00a0mantenedor\u00a0desse hospital, tamb\u00e9m ser\u00e1 trabalhado, primeiramente, a preven\u00e7\u00e3o, antes do tratamento.<\/p>\n<p style=\"text-align: justify;\">Dessa forma, os pacientes n\u00e3o precisar\u00e3o mais se deslocar para outras localidades em busca de tratamento e transplante. \u201cOlhando n\u00e3o apenas como presidente do Carim, mas como um paciente renal cr\u00f4nico transplantado, eu sei da dificuldade que as\u00a0pessoas t\u00eam pra buscar uma fila de transplante. \u00c0s vezes, eu passo a ter alguma dificuldade e\u00a0preciso voltar aonde transplantei, que, no meu caso, foi Blumenau\u201d, conta.<\/p>\n<p style=\"text-align: justify;\"><strong>Lan\u00e7amento<\/strong><br \/>\nPara apresentar o projeto a autoridades, empres\u00e1rios e representantes da sociedade civil convidados, o Carim realiza no pr\u00f3ximo dia 1\u00ba de dezembro, \u00e0s 19h, o pr\u00e9-lan\u00e7amento do projeto de constru\u00e7\u00e3o, que ocorre no Teatro Paulo Roberto Lisboa, no Centro Cultural Matarazzo.<\/p>\n<p style=\"text-align: justify;\">Por medidas de seguran\u00e7a contra a pandemia do novo coronav\u00edrus, ser\u00e1 permitida\u00a0a entrada de 200 pessoas (40% da capacidade do teatro). O evento ser\u00e1 transmitido nos canais do Youtube do Carim e da TV Cidade Prudente.<\/p>\n<p style=\"text-align: justify;\"><strong>Pedra fundamental\u00a0<\/strong><br \/>\nJ\u00e1 no dia 5 de dezembro, a partir das 9h, ocorrer\u00e1 uma celebra\u00e7\u00e3o religiosa e lan\u00e7amento da pedra fundamental, no local em que o hospital ser\u00e1 constru\u00eddo.<\/p>\n<p style=\"text-align: justify;\">Fonte: O Imparcial.<\/p>\n","protected":false},"excerpt":{"rendered":"<p>O\u00a0Carim (Associa\u00e7\u00e3o de Apoio ao Paciente Renal Cr\u00f4nico e Transplantado)\u00a0j\u00e1 assistiu, desde sua funda\u00e7\u00e3o, em 2004, cerca de tr\u00eas mil pessoas. Com foco no acolhimento tanto do paciente como do seu familiar e vendo a luta di\u00e1ria principalmente de pais e m\u00e3es que precisam se deslocar para outros Estados, surgiu h\u00e1 quatro anos\u00a0a ideia da [&hellip;]<\/p>\n","protected":false},"author":1,"featured_media":39092,"comment_status":"closed","ping_status":"open","sticky":false,"template":"","format":"standard","meta":{"footnotes":""},"categories":[110,122],"tags":[],"class_list":["post-39091","post","type-post","status-publish","format-standard","has-post-thumbnail","hentry","category-noticiasdestaque","category-saudeeducacaoeconcurso"],"_links":{"self":[{"href":"https:\/\/jorgezanoni.com.br\/2019\/wp-json\/wp\/v2\/posts\/39091","targetHints":{"allow":["GET"]}}],"collection":[{"href":"https:\/\/jorgezanoni.com.br\/2019\/wp-json\/wp\/v2\/posts"}],"about":[{"href":"https:\/\/jorgezanoni.com.br\/2019\/wp-json\/wp\/v2\/types\/post"}],"author":[{"embeddable":true,"href":"https:\/\/jorgezanoni.com.br\/2019\/wp-json\/wp\/v2\/users\/1"}],"replies":[{"embeddable":true,"href":"https:\/\/jorgezanoni.com.br\/2019\/wp-json\/wp\/v2\/comments?post=39091"}],"version-history":[{"count":0,"href":"https:\/\/jorgezanoni.com.br\/2019\/wp-json\/wp\/v2\/posts\/39091\/revisions"}],"wp:featuredmedia":[{"embeddable":true,"href":"https:\/\/jorgezanoni.com.br\/2019\/wp-json\/wp\/v2\/media\/39092"}],"wp:attachment":[{"href":"https:\/\/jorgezanoni.com.br\/2019\/wp-json\/wp\/v2\/media?parent=39091"}],"wp:term":[{"taxonomy":"category","embeddable":true,"href":"https:\/\/jorgezanoni.com.br\/2019\/wp-json\/wp\/v2\/categories?post=39091"},{"taxonomy":"post_tag","embeddable":true,"href":"https:\/\/jorgezanoni.com.br\/2019\/wp-json\/wp\/v2\/tags?post=39091"}],"curies":[{"name":"wp","href":"https:\/\/api.w.org\/{rel}","templated":true}]}}