{"id":39083,"date":"2020-11-23T21:32:52","date_gmt":"2020-11-23T21:32:52","guid":{"rendered":"https:\/\/jorgezanoni.com.br\/2019\/?p=39083"},"modified":"2020-11-23T21:45:13","modified_gmt":"2020-11-23T21:45:13","slug":"assessoria-de-imprensa-informa-sobre-estado-de-saude-do-deputado-reinaldo-alguz","status":"publish","type":"post","link":"https:\/\/jorgezanoni.com.br\/2019\/assessoria-de-imprensa-informa-sobre-estado-de-saude-do-deputado-reinaldo-alguz\/","title":{"rendered":"Assessoria de Imprensa informa sobre estado de sa\u00fade do Deputado Reinaldo Alguz"},"content":{"rendered":"<p style=\"text-align: justify;\">Em contato via fone (Zap) na tarde desta segunda-feira (23), a Assessoria de Imprensa enviou uma nota para o <strong>Site Jorge Zanoni<\/strong>, informando o estado de Sa\u00fade do Deputado Estadual Reinaldo Alguz (PV).<\/p>\n<p style=\"text-align: justify;\">&#8220;O deputado Reinaldo Alguz est\u00e1 internado em S\u00e3o Paulo sob supervis\u00e3o m\u00e9dica. Ele apresenta boa evolu\u00e7\u00e3o e est\u00e1 em equil\u00edbrio. A fam\u00edlia est\u00e1 mais tranquila, agradece profundamente as ora\u00e7\u00f5es e a unidade neste momento e pede a todos que continuem rezando&#8221;.<\/p>\n","protected":false},"excerpt":{"rendered":"<p>Em contato via fone (Zap) na tarde desta segunda-feira (23), a Assessoria de Imprensa enviou uma nota para o Site Jorge Zanoni, informando o estado de Sa\u00fade do Deputado Estadual Reinaldo Alguz (PV). &#8220;O deputado Reinaldo Alguz est\u00e1 internado em S\u00e3o Paulo sob supervis\u00e3o m\u00e9dica. Ele apresenta boa evolu\u00e7\u00e3o e est\u00e1 em equil\u00edbrio. A fam\u00edlia [&hellip;]<\/p>\n","protected":false},"author":1,"featured_media":39084,"comment_status":"closed","ping_status":"open","sticky":false,"template":"","format":"standard","meta":{"footnotes":""},"categories":[110,116],"tags":[],"class_list":["post-39083","post","type-post","status-publish","format-standard","has-post-thumbnail","hentry","category-noticiasdestaque","category-politicaeeconomia"],"_links":{"self":[{"href":"https:\/\/jorgezanoni.com.br\/2019\/wp-json\/wp\/v2\/posts\/39083","targetHints":{"allow":["GET"]}}],"collection":[{"href":"https:\/\/jorgezanoni.com.br\/2019\/wp-json\/wp\/v2\/posts"}],"about":[{"href":"https:\/\/jorgezanoni.com.br\/2019\/wp-json\/wp\/v2\/types\/post"}],"author":[{"embeddable":true,"href":"https:\/\/jorgezanoni.com.br\/2019\/wp-json\/wp\/v2\/users\/1"}],"replies":[{"embeddable":true,"href":"https:\/\/jorgezanoni.com.br\/2019\/wp-json\/wp\/v2\/comments?post=39083"}],"version-history":[{"count":0,"href":"https:\/\/jorgezanoni.com.br\/2019\/wp-json\/wp\/v2\/posts\/39083\/revisions"}],"wp:featuredmedia":[{"embeddable":true,"href":"https:\/\/jorgezanoni.com.br\/2019\/wp-json\/wp\/v2\/media\/39084"}],"wp:attachment":[{"href":"https:\/\/jorgezanoni.com.br\/2019\/wp-json\/wp\/v2\/media?parent=39083"}],"wp:term":[{"taxonomy":"category","embeddable":true,"href":"https:\/\/jorgezanoni.com.br\/2019\/wp-json\/wp\/v2\/categories?post=39083"},{"taxonomy":"post_tag","embeddable":true,"href":"https:\/\/jorgezanoni.com.br\/2019\/wp-json\/wp\/v2\/tags?post=39083"}],"curies":[{"name":"wp","href":"https:\/\/api.w.org\/{rel}","templated":true}]}}