{"id":39076,"date":"2020-11-23T16:55:31","date_gmt":"2020-11-23T16:55:31","guid":{"rendered":"https:\/\/jorgezanoni.com.br\/2019\/?p=39076"},"modified":"2020-11-23T16:55:31","modified_gmt":"2020-11-23T16:55:31","slug":"policia-militar-prende-em-tupi-paulista-homem-por-descumprimento-de-medida-protetiva","status":"publish","type":"post","link":"https:\/\/jorgezanoni.com.br\/2019\/policia-militar-prende-em-tupi-paulista-homem-por-descumprimento-de-medida-protetiva\/","title":{"rendered":"Pol\u00edcia Militar prende em Tupi Paulista, homem por descumprimento de medida protetiva"},"content":{"rendered":"<p style=\"text-align: justify;\"><strong>POL\u00cdCIA MILITAR PRENDE EM TUPI PAULISTA\/SP, HOMEM POR DESCUMPRIMENTO DE MEDIDA PROTETIVA.<\/strong><\/p>\n<p style=\"text-align: justify;\">Na noite do dia 22, os Policiais Militares de Tupi Paulista, foram acionados via Copom para atender ocorr\u00eancia de descumprimento de medida protetiva de urg\u00eancia. No local a v\u00edtima (mulher de 52 anos) informou aos policiais que o autor (homem de 45 anos) estaria no interior da resid\u00eancia e que ele teria ingerido medicamentos e um frasco de (500 ml) \u00e1lcool em gel 70%, apresentando a medida protetiva. Ap\u00f3s contato com o autor que apresentava altera\u00e7\u00e3o emocional, foi dada voz de pris\u00e3o pelo descumprimento da medida protetiva. Dado e autor foram conduzidos \u00e0 delegacia, onde ap\u00f3s tomar ci\u00eancia da ocorr\u00eancia o delegado ratificou a voz de pris\u00e3o em flagrante delito. Autor foi conduzido ao Pronto Atendimento onde passou por atendimento m\u00e9dico e devido \u00e0 ingest\u00e3o dos medicamentos e \u00e1lcool em gel permaneceu em observa\u00e7\u00e3o e ap\u00f3s ser liberado permanecer\u00e1 a disposi\u00e7\u00e3o da justi\u00e7a.<\/p>\n<p><a class=\"oajrlxb2 g5ia77u1 qu0x051f esr5mh6w e9989ue4 r7d6kgcz rq0escxv nhd2j8a9 nc684nl6 p7hjln8o kvgmc6g5 cxmmr5t8 oygrvhab hcukyx3x jb3vyjys rz4wbd8a qt6c0cv9 a8nywdso i1ao9s8h esuyzwwr f1sip0of lzcic4wl oo9gr5id gpro0wi8 lrazzd5p\" tabindex=\"0\" role=\"link\" href=\"https:\/\/www.facebook.com\/hashtag\/25bpmi?__eep__=6&amp;__tn__=*NK*F\">#25BPMI<\/a><br \/>\n<a class=\"oajrlxb2 g5ia77u1 qu0x051f esr5mh6w e9989ue4 r7d6kgcz rq0escxv nhd2j8a9 nc684nl6 p7hjln8o kvgmc6g5 cxmmr5t8 oygrvhab hcukyx3x jb3vyjys rz4wbd8a qt6c0cv9 a8nywdso i1ao9s8h esuyzwwr f1sip0of lzcic4wl oo9gr5id gpro0wi8 lrazzd5p\" tabindex=\"0\" role=\"link\" href=\"https:\/\/www.facebook.com\/hashtag\/policiamilitarsp?__eep__=6&amp;__tn__=*NK*F\">#POLICIAMILITARSP<\/a><br \/>\n<a class=\"oajrlxb2 g5ia77u1 qu0x051f esr5mh6w e9989ue4 r7d6kgcz rq0escxv nhd2j8a9 nc684nl6 p7hjln8o kvgmc6g5 cxmmr5t8 oygrvhab hcukyx3x jb3vyjys rz4wbd8a qt6c0cv9 a8nywdso i1ao9s8h esuyzwwr f1sip0of lzcic4wl oo9gr5id gpro0wi8 lrazzd5p\" tabindex=\"0\" role=\"link\" href=\"https:\/\/www.facebook.com\/hashtag\/afor%C3%A7ap%C3%BAblicades%C3%A3opaulo?__eep__=6&amp;__tn__=*NK*F\">#AFOR\u00c7AP\u00daBLICADES\u00c3OPAULO<\/a><br \/>\nCOMUNICA\u00c7\u00c3O SOCIAL PMESP<\/p>\n","protected":false},"excerpt":{"rendered":"<p>POL\u00cdCIA MILITAR PRENDE EM TUPI PAULISTA\/SP, HOMEM POR DESCUMPRIMENTO DE MEDIDA PROTETIVA. Na noite do dia 22, os Policiais Militares de Tupi Paulista, foram acionados via Copom para atender ocorr\u00eancia de descumprimento de medida protetiva de urg\u00eancia. No local a v\u00edtima (mulher de 52 anos) informou aos policiais que o autor (homem de 45 anos) [&hellip;]<\/p>\n","protected":false},"author":1,"featured_media":39077,"comment_status":"closed","ping_status":"open","sticky":false,"template":"","format":"standard","meta":{"footnotes":""},"categories":[110,2],"tags":[],"class_list":["post-39076","post","type-post","status-publish","format-standard","has-post-thumbnail","hentry","category-noticiasdestaque","category-policial"],"_links":{"self":[{"href":"https:\/\/jorgezanoni.com.br\/2019\/wp-json\/wp\/v2\/posts\/39076","targetHints":{"allow":["GET"]}}],"collection":[{"href":"https:\/\/jorgezanoni.com.br\/2019\/wp-json\/wp\/v2\/posts"}],"about":[{"href":"https:\/\/jorgezanoni.com.br\/2019\/wp-json\/wp\/v2\/types\/post"}],"author":[{"embeddable":true,"href":"https:\/\/jorgezanoni.com.br\/2019\/wp-json\/wp\/v2\/users\/1"}],"replies":[{"embeddable":true,"href":"https:\/\/jorgezanoni.com.br\/2019\/wp-json\/wp\/v2\/comments?post=39076"}],"version-history":[{"count":0,"href":"https:\/\/jorgezanoni.com.br\/2019\/wp-json\/wp\/v2\/posts\/39076\/revisions"}],"wp:featuredmedia":[{"embeddable":true,"href":"https:\/\/jorgezanoni.com.br\/2019\/wp-json\/wp\/v2\/media\/39077"}],"wp:attachment":[{"href":"https:\/\/jorgezanoni.com.br\/2019\/wp-json\/wp\/v2\/media?parent=39076"}],"wp:term":[{"taxonomy":"category","embeddable":true,"href":"https:\/\/jorgezanoni.com.br\/2019\/wp-json\/wp\/v2\/categories?post=39076"},{"taxonomy":"post_tag","embeddable":true,"href":"https:\/\/jorgezanoni.com.br\/2019\/wp-json\/wp\/v2\/tags?post=39076"}],"curies":[{"name":"wp","href":"https:\/\/api.w.org\/{rel}","templated":true}]}}