{"id":39053,"date":"2020-11-23T12:13:59","date_gmt":"2020-11-23T12:13:59","guid":{"rendered":"https:\/\/jorgezanoni.com.br\/2019\/?p=39053"},"modified":"2020-11-23T17:19:19","modified_gmt":"2020-11-23T17:19:19","slug":"tbc-de-dracena-completa-59-anos-de-fundacao","status":"publish","type":"post","link":"https:\/\/jorgezanoni.com.br\/2019\/tbc-de-dracena-completa-59-anos-de-fundacao\/","title":{"rendered":"TBC de Dracena completa 59 anos de funda\u00e7\u00e3o"},"content":{"rendered":"<p style=\"text-align: justify;\">Estamos vivenciando um dos per\u00edodos mais dif\u00edceis e incompreens\u00edveis da hist\u00f3ria da igreja.<\/p>\n<p style=\"text-align: justify;\">Mas estamos escrevendo um lindo cap\u00edtulo desta hist\u00f3ria, mesmo em meio a percas e dores, mostrando nossa f\u00e9 em um Deus vivo.<\/p>\n<p style=\"text-align: justify;\">Nossa igreja est\u00e1 completando 59 anos de funda\u00e7\u00e3o aqui em Dracena, em meio a tudo isso.<\/p>\n<p style=\"text-align: justify;\">Quero convidar voc\u00ea e sua fam\u00edlia, com todo cuidado e preven\u00e7\u00e3o necess\u00e1ria, para comemoramos com muito amor est\u00e1 data.<\/p>\n<p style=\"text-align: justify;\">Ser\u00e1 dia 28 de novembro (pr\u00f3ximo s\u00e1bado) \u00e0s 19:30 horas, no TBC TBC Dracena.<\/p>\n<p style=\"text-align: justify;\">Estamos vivenciando o tema prof\u00e9tico para 2020 o ano da restaura\u00e7\u00e3o, ent\u00e3o vamos juntos pedir ao Senhor por restaura\u00e7\u00e3o.<\/p>\n<p style=\"text-align: justify;\">Espero poder contar com voc\u00ea e sua fam\u00edlia em nome de Jesus.<\/p>\n<p style=\"text-align: justify;\">Grande abra\u00e7o no amor do Pai e a servi\u00e7o do Reino.<\/p>\n<p style=\"text-align: justify;\">Att Pr Renato Alves.<\/p>\n<p>O Tabern\u00e1culo &#8220;O Brasil Para Cristo&#8221; fica no Bairro Tonico Andr\u00e9.<\/p>\n","protected":false},"excerpt":{"rendered":"<p>Estamos vivenciando um dos per\u00edodos mais dif\u00edceis e incompreens\u00edveis da hist\u00f3ria da igreja. Mas estamos escrevendo um lindo cap\u00edtulo desta hist\u00f3ria, mesmo em meio a percas e dores, mostrando nossa f\u00e9 em um Deus vivo. Nossa igreja est\u00e1 completando 59 anos de funda\u00e7\u00e3o aqui em Dracena, em meio a tudo isso. Quero convidar voc\u00ea e [&hellip;]<\/p>\n","protected":false},"author":1,"featured_media":39054,"comment_status":"closed","ping_status":"open","sticky":false,"template":"","format":"standard","meta":{"footnotes":""},"categories":[118],"tags":[],"class_list":["post-39053","post","type-post","status-publish","format-standard","has-post-thumbnail","hentry","category-religiaoesolidariedade"],"_links":{"self":[{"href":"https:\/\/jorgezanoni.com.br\/2019\/wp-json\/wp\/v2\/posts\/39053","targetHints":{"allow":["GET"]}}],"collection":[{"href":"https:\/\/jorgezanoni.com.br\/2019\/wp-json\/wp\/v2\/posts"}],"about":[{"href":"https:\/\/jorgezanoni.com.br\/2019\/wp-json\/wp\/v2\/types\/post"}],"author":[{"embeddable":true,"href":"https:\/\/jorgezanoni.com.br\/2019\/wp-json\/wp\/v2\/users\/1"}],"replies":[{"embeddable":true,"href":"https:\/\/jorgezanoni.com.br\/2019\/wp-json\/wp\/v2\/comments?post=39053"}],"version-history":[{"count":0,"href":"https:\/\/jorgezanoni.com.br\/2019\/wp-json\/wp\/v2\/posts\/39053\/revisions"}],"wp:featuredmedia":[{"embeddable":true,"href":"https:\/\/jorgezanoni.com.br\/2019\/wp-json\/wp\/v2\/media\/39054"}],"wp:attachment":[{"href":"https:\/\/jorgezanoni.com.br\/2019\/wp-json\/wp\/v2\/media?parent=39053"}],"wp:term":[{"taxonomy":"category","embeddable":true,"href":"https:\/\/jorgezanoni.com.br\/2019\/wp-json\/wp\/v2\/categories?post=39053"},{"taxonomy":"post_tag","embeddable":true,"href":"https:\/\/jorgezanoni.com.br\/2019\/wp-json\/wp\/v2\/tags?post=39053"}],"curies":[{"name":"wp","href":"https:\/\/api.w.org\/{rel}","templated":true}]}}