{"id":3901,"date":"2019-08-15T01:33:35","date_gmt":"2019-08-15T01:33:35","guid":{"rendered":"https:\/\/jorgezanoni.com.br\/2019\/?p=3901"},"modified":"2019-08-15T01:33:35","modified_gmt":"2019-08-15T01:33:35","slug":"nao-tive-medo-diz-homem-que-denunciou-corrupcao-na-camara-de-vereadores-de-astorga","status":"publish","type":"post","link":"https:\/\/jorgezanoni.com.br\/2019\/nao-tive-medo-diz-homem-que-denunciou-corrupcao-na-camara-de-vereadores-de-astorga\/","title":{"rendered":"&#8216;N\u00e3o tive medo&#8217;, diz homem que denunciou corrup\u00e7\u00e3o na C\u00e2mara de Vereadores de Astorga"},"content":{"rendered":"<h2 class=\"content-head__subtitle\" style=\"text-align: justify;\"><strong>Charles Gasparino faz parte de um grupo que fiscaliza os atos do poder p\u00fablico. Presidente da Casa e o assessor foram presos em flagrante por oferecerem propina.<\/strong><\/h2>\n<div class=\"mc-column content-text active-extra-styles \" data-block-type=\"unstyled\" data-block-weight=\"32\" data-block-id=\"2\">\n<p class=\"content-text__container \" style=\"text-align: justify;\" data-track-category=\"Link no Texto\" data-track-links=\"\">O homem que denunciou vereadores de Astorga, no norte do Paran\u00e1, por um suposto pagamento de propina diz que n\u00e3o teve medo de denunciar e que continuar\u00e1 fiscalizando o poder p\u00fablico.<\/p>\n<\/div>\n<div class=\"wall protected-content\">\n<div class=\"mc-column content-text active-extra-styles \" style=\"text-align: justify;\" data-block-type=\"unstyled\" data-block-weight=\"44\" data-block-id=\"3\">\n<p class=\"content-text__container \" data-track-category=\"Link no Texto\" data-track-links=\"\">\u201cTodo cidad\u00e3o tem o dever e a obriga\u00e7\u00e3o de fiscalizar o dinheiro p\u00fablico. Enquanto est\u00e1 faltando rem\u00e9dio e m\u00e9dico no posto de sa\u00fade, a popula\u00e7\u00e3o mais carente \u00e9 que sofre. N\u00e3o precisa ter medo de denunciar. Eu n\u00e3o tive medo\u201d, pontuou Charles Gasparino.<\/p>\n<\/div>\n<div class=\"mc-column content-text active-extra-styles \" style=\"text-align: justify;\" data-block-type=\"unstyled\" data-block-weight=\"35\" data-block-id=\"4\">\n<p class=\"content-text__container \" data-track-category=\"Link no Texto\" data-track-links=\"\">O presidente da C\u00e2mara de Vereadores Jos\u00e9 Carlos Paix\u00e3o (PTB) e o assessor Fernando Gardin foram presos pelo Grupo Especializado na Prote\u00e7\u00e3o ao Patrim\u00f4nio P\u00fablico e no Combate \u00e0 Improbidade Administrativa (Gepatria), na ter\u00e7a-feira (13).<\/p>\n<\/div>\n<div class=\"mc-column content-text active-extra-styles \" style=\"text-align: justify;\" data-block-type=\"unstyled\" data-block-weight=\"32\" data-block-id=\"5\">\n<p class=\"content-text__container \" data-track-category=\"Link no Texto\" data-track-links=\"\">Segundo o MP-PR, o presidente do Legislativo municipal e o assessor ofereceram propina e um cargo no Legislativo municipal para Gasparino. A conversa, que aconteceu no gabinete do vereador, foi gravada.<\/p>\n<\/div>\n<div class=\"mc-column content-text active-extra-styles \" style=\"text-align: justify;\" data-block-type=\"unstyled\" data-block-weight=\"5\" data-block-id=\"6\">\n<p class=\"content-text__container \" data-track-category=\"Link no Texto\" data-track-links=\"\">Veja um trecho da conversa:<\/p>\n<\/div>\n<div class=\"mc-column content-text active-extra-styles\" style=\"text-align: justify;\" data-block-type=\"raw\" data-block-weight=\"73\" data-block-id=\"7\">\n<ul class=\"content-unordered-list\">\n<li><em>Assessor: O que ele combinou com voc\u00ea, R$ 1.500??<\/em><\/li>\n<li><em>Charles Gasparino: Ele combinou que&#8230; ele ofereceu R$ 3 mil, que era quinhent\u00e3o para cada vereador, e que ia me arrumar de imediato, quinhent\u00e3o e R$ 1.500<\/em><\/li>\n<li><em>Assessor: Ele mandou aqui e falou que faltou R$ 100 e falou que j\u00e1 ia trazer. Tem R$ 1.400 aqui t\u00e1?<\/em><\/li>\n<li><em>Charles Gasparino: T\u00e1 bom<\/em><\/li>\n<li><em>Jos\u00e9 Carlos Paix\u00e3o: Ele falou 3 mil?<\/em><\/li>\n<li><em>Charles Gasparino: Sim, 3 mil<\/em><\/li>\n<\/ul>\n<\/div>\n<div class=\"mc-column content-text active-extra-styles \" style=\"text-align: justify;\" data-block-type=\"unstyled\" data-block-weight=\"44\" data-block-id=\"9\">\n<p class=\"content-text__container \" data-track-category=\"Link no Texto\" data-track-links=\"\">Al\u00e9m de Paix\u00e3o e de Gardin, o MP-PR ainda investiga a participa\u00e7\u00e3o do vereador Mauricio Juliani (DEM). A promotoria afirma que Juliani participou de conversas anteriores e ajudou a fazer as propostas. Ele n\u00e3o foi preso, porque n\u00e3o foi flagrado pagando a propina.<\/p>\n<\/div>\n<div class=\"mc-column content-text active-extra-styles \" style=\"text-align: justify;\" data-block-type=\"unstyled\" data-block-weight=\"34\" data-block-id=\"10\">\n<p class=\"content-text__container \" data-track-category=\"Link no Texto\" data-track-links=\"\">Gasparino faz parte de um grupo que fiscaliza a gest\u00e3o p\u00fablica em todo o pa\u00eds, acompanhando o trabalho de prefeitos e vereadores. Os integrantes s\u00e3o volunt\u00e1rios e, quando descobrem ilegalidades, encaminham den\u00fancias ao MP-PR.<\/p>\n<\/div>\n<div class=\"mc-column content-text active-extra-styles \" style=\"text-align: justify;\" data-block-type=\"unstyled\" data-block-weight=\"24\" data-block-id=\"11\">\n<p class=\"content-text__container \" data-track-category=\"Link no Texto\" data-track-links=\"\">Como tem feito den\u00fancias contra a gest\u00e3o municipal de Astorga, Charles Gasparino conta que foi chamado para fazer um acordo na C\u00e2mara Municipal.<\/p>\n<\/div>\n<div class=\"mc-column content-text active-extra-styles \" style=\"text-align: justify;\" data-block-type=\"unstyled\" data-block-weight=\"15\" data-block-id=\"12\">\n<p class=\"content-text__container \" data-track-category=\"Link no Texto\" data-track-links=\"\">Antes da conversa na C\u00e2mara de Vereadores, ele informou sobre o pedido ao MP-PR.<\/p>\n<\/div>\n<div class=\"mc-column content-text active-extra-styles \" data-block-type=\"unstyled\" data-block-weight=\"49\" data-block-id=\"13\">\n<p class=\"content-text__container \" style=\"text-align: justify;\" data-track-category=\"Link no Texto\" data-track-links=\"\">\u201cMe ofereceram R$ 500 de cada vereador at\u00e9 eles criarem um cargo dentro da C\u00e2mara de Vereadores. O sal\u00e1rio seria de R$ 6.500. O dinheiro foi oferecido para eu parar de fazer qualquer tipo de den\u00fancia. N\u00e3o podia mais denunciar ex-prefeito, prefeito, vereador e nenhuma licita\u00e7\u00e3o\u201d, lembrou Gasparino.<\/p>\n<p style=\"text-align: justify;\" data-track-category=\"Link no Texto\" data-track-links=\"\"><img loading=\"lazy\" decoding=\"async\" class=\"alignnone size-full wp-image-3902\" src=\"https:\/\/jorgezanoni.com.br\/2019\/wp-content\/uploads\/2019\/08\/denuncia-astorga.jpg\" alt=\"\" width=\"1000\" height=\"566\" srcset=\"https:\/\/jorgezanoni.com.br\/2019\/wp-content\/uploads\/2019\/08\/denuncia-astorga.jpg 1000w, https:\/\/jorgezanoni.com.br\/2019\/wp-content\/uploads\/2019\/08\/denuncia-astorga-300x170.jpg 300w, https:\/\/jorgezanoni.com.br\/2019\/wp-content\/uploads\/2019\/08\/denuncia-astorga-768x435.jpg 768w, https:\/\/jorgezanoni.com.br\/2019\/wp-content\/uploads\/2019\/08\/denuncia-astorga-696x394.jpg 696w, https:\/\/jorgezanoni.com.br\/2019\/wp-content\/uploads\/2019\/08\/denuncia-astorga-742x420.jpg 742w\" sizes=\"auto, (max-width: 1000px) 100vw, 1000px\" \/><strong>Charles Gasparino denunciou esquema em Astorga \u2014 Foto: Reprodu\u00e7\u00e3o\/RPC<\/strong><\/p>\n<div class=\"mc-column content-text active-extra-styles \" style=\"text-align: justify;\" data-block-type=\"unstyled\" data-block-weight=\"25\" data-block-id=\"15\">\n<p class=\"content-text__container \" data-track-category=\"Link no Texto\" data-track-links=\"\">Os presos est\u00e3o detidos na Delegacia de Combate \u00e0 Corrup\u00e7\u00e3o em Londrina, no norte do Paran\u00e1, e devem responder pelo crime de corrup\u00e7\u00e3o de testemunha.<\/p>\n<\/div>\n<div class=\"mc-column content-text active-extra-styles \" style=\"text-align: justify;\" data-block-type=\"unstyled\" data-block-weight=\"31\" data-block-id=\"16\">\n<p class=\"content-text__container \" data-track-category=\"Link no Texto\" data-track-links=\"\">&#8220;\u00c9 um crime que consiste no pagamento, em dar ou promoter vantagem indevida a uma pessoa que possa colaborar em uma investiga\u00e7\u00e3o ou processo&#8221;, explicou o delegado Tiago Vicentini de Oliveira.<\/p>\n<p class=\"content-text__container \" data-track-category=\"Link no Texto\" data-track-links=\"\"><span style=\"font-family: inherit; font-size: inherit; font-style: inherit; font-variant-ligatures: inherit; font-variant-caps: inherit; font-weight: inherit;\">A defesa de Jos\u00e9 Carlos Paix\u00e3o e de Fernando Gardin assegurou que os clientes s\u00e3o inocentes e afirmou os fatos n\u00e3o se deram na forma narrada pelo Minist\u00e9rio P\u00fablico e pelo denunciante. <\/span><\/p>\n<p class=\"content-text__container \" data-track-category=\"Link no Texto\" data-track-links=\"\"><span style=\"font-family: inherit; font-size: inherit; font-style: inherit; font-variant-ligatures: inherit; font-variant-caps: inherit; font-weight: inherit;\">A defesa diz ainda que as imagens e \u00e1udios produzidos n\u00e3o exprimem o verdadeiro contexto e realidade dos fatos.<\/span><\/p>\n<p class=\"content-text__container \" data-track-category=\"Link no Texto\" data-track-links=\"\"><span style=\"font-family: inherit; font-size: inherit; font-style: inherit; font-variant-ligatures: inherit; font-variant-caps: inherit; font-weight: inherit;\">Maur\u00edcio Juliani n\u00e3o foi localizado. Ele n\u00e3o atendeu as liga\u00e7\u00f5es e a C\u00e2mara de Vereadores informou que ele n\u00e3o foi visto na Casa nesta quarta-feira (14).<\/span><\/p>\n<p style=\"text-align: justify;\" data-track-category=\"Link no Texto\" data-track-links=\"\">Fonte:https:\/\/g1.globo.com\/pr\/norte-noroeste\/noticia\/2019\/08\/14\/homem-que-denunciou-presidente-e-assessor-da-camara-de-vereadores-de-astorga-diz-que-vai-continuar-fiscalizando-o-poder-publico.ghtml<\/p>\n<\/div>\n<\/div>\n<\/div>\n","protected":false},"excerpt":{"rendered":"<p>Charles Gasparino faz parte de um grupo que fiscaliza os atos do poder p\u00fablico. Presidente da Casa e o assessor foram presos em flagrante por oferecerem propina. O homem que denunciou vereadores de Astorga, no norte do Paran\u00e1, por um suposto pagamento de propina diz que n\u00e3o teve medo de denunciar e que continuar\u00e1 fiscalizando [&hellip;]<\/p>\n","protected":false},"author":1,"featured_media":3903,"comment_status":"closed","ping_status":"open","sticky":false,"template":"","format":"standard","meta":{"footnotes":""},"categories":[110,116],"tags":[],"class_list":["post-3901","post","type-post","status-publish","format-standard","has-post-thumbnail","hentry","category-noticiasdestaque","category-politicaeeconomia"],"_links":{"self":[{"href":"https:\/\/jorgezanoni.com.br\/2019\/wp-json\/wp\/v2\/posts\/3901","targetHints":{"allow":["GET"]}}],"collection":[{"href":"https:\/\/jorgezanoni.com.br\/2019\/wp-json\/wp\/v2\/posts"}],"about":[{"href":"https:\/\/jorgezanoni.com.br\/2019\/wp-json\/wp\/v2\/types\/post"}],"author":[{"embeddable":true,"href":"https:\/\/jorgezanoni.com.br\/2019\/wp-json\/wp\/v2\/users\/1"}],"replies":[{"embeddable":true,"href":"https:\/\/jorgezanoni.com.br\/2019\/wp-json\/wp\/v2\/comments?post=3901"}],"version-history":[{"count":0,"href":"https:\/\/jorgezanoni.com.br\/2019\/wp-json\/wp\/v2\/posts\/3901\/revisions"}],"wp:featuredmedia":[{"embeddable":true,"href":"https:\/\/jorgezanoni.com.br\/2019\/wp-json\/wp\/v2\/media\/3903"}],"wp:attachment":[{"href":"https:\/\/jorgezanoni.com.br\/2019\/wp-json\/wp\/v2\/media?parent=3901"}],"wp:term":[{"taxonomy":"category","embeddable":true,"href":"https:\/\/jorgezanoni.com.br\/2019\/wp-json\/wp\/v2\/categories?post=3901"},{"taxonomy":"post_tag","embeddable":true,"href":"https:\/\/jorgezanoni.com.br\/2019\/wp-json\/wp\/v2\/tags?post=3901"}],"curies":[{"name":"wp","href":"https:\/\/api.w.org\/{rel}","templated":true}]}}