{"id":38989,"date":"2020-11-20T22:38:14","date_gmt":"2020-11-20T22:38:14","guid":{"rendered":"https:\/\/jorgezanoni.com.br\/2019\/?p=38989"},"modified":"2020-11-20T22:38:33","modified_gmt":"2020-11-20T22:38:33","slug":"idoso-de-88-anos-e-a-vigesima-nona-vitima-fatal-da-covid-19-em-dracena","status":"publish","type":"post","link":"https:\/\/jorgezanoni.com.br\/2019\/idoso-de-88-anos-e-a-vigesima-nona-vitima-fatal-da-covid-19-em-dracena\/","title":{"rendered":"Idoso de 88 anos \u00e9 a Vig\u00e9sima Nona v\u00edtima fatal da COVID-19 em Dracena"},"content":{"rendered":"<div class=\"kvgmc6g5 cxmmr5t8 oygrvhab hcukyx3x c1et5uql ii04i59q\">\n<div dir=\"auto\" style=\"text-align: justify;\">NOTA OFICIAL<\/div>\n<\/div>\n<div class=\"o9v6fnle cxmmr5t8 oygrvhab hcukyx3x c1et5uql ii04i59q\" style=\"text-align: justify;\">\n<div dir=\"auto\">Vig\u00e9simo nono falecimento por Covid-19<\/div>\n<\/div>\n<div class=\"o9v6fnle cxmmr5t8 oygrvhab hcukyx3x c1et5uql ii04i59q\" style=\"text-align: justify;\">\n<div dir=\"auto\">Um idoso de 88 anos faleceu ontem (19) \u00e0 noite em Dracena por Covid-19. O paciente ficou internado do dia 05 at\u00e9 o dia 08 de novembro quando recebeu alta, e, no dia 17\/11, foi internado novamente. Ele era morador de Dracena.<\/div>\n<\/div>\n<div class=\"o9v6fnle cxmmr5t8 oygrvhab hcukyx3x c1et5uql ii04i59q\" style=\"text-align: justify;\">\n<div dir=\"auto\">A Prefeitura de Dracena lamenta o ocorrido e externa solidariedade aos familiares e amigos da v\u00edtima.<\/div>\n<div dir=\"auto\"><\/div>\n<\/div>\n<div dir=\"auto\" style=\"text-align: justify;\">Fonte: https:\/\/www.facebook.com\/prefeituradracena<\/div>\n","protected":false},"excerpt":{"rendered":"<p>NOTA OFICIAL Vig\u00e9simo nono falecimento por Covid-19 Um idoso de 88 anos faleceu ontem (19) \u00e0 noite em Dracena por Covid-19. O paciente ficou internado do dia 05 at\u00e9 o dia 08 de novembro quando recebeu alta, e, no dia 17\/11, foi internado novamente. Ele era morador de Dracena. A Prefeitura de Dracena lamenta o [&hellip;]<\/p>\n","protected":false},"author":1,"featured_media":38990,"comment_status":"closed","ping_status":"open","sticky":false,"template":"","format":"standard","meta":{"footnotes":""},"categories":[179,184,178,110],"tags":[],"class_list":["post-38989","post","type-post","status-publish","format-standard","has-post-thumbnail","hentry","category-cidadeseregiao","category-dracena","category-notadefalecimento","category-noticiasdestaque"],"_links":{"self":[{"href":"https:\/\/jorgezanoni.com.br\/2019\/wp-json\/wp\/v2\/posts\/38989","targetHints":{"allow":["GET"]}}],"collection":[{"href":"https:\/\/jorgezanoni.com.br\/2019\/wp-json\/wp\/v2\/posts"}],"about":[{"href":"https:\/\/jorgezanoni.com.br\/2019\/wp-json\/wp\/v2\/types\/post"}],"author":[{"embeddable":true,"href":"https:\/\/jorgezanoni.com.br\/2019\/wp-json\/wp\/v2\/users\/1"}],"replies":[{"embeddable":true,"href":"https:\/\/jorgezanoni.com.br\/2019\/wp-json\/wp\/v2\/comments?post=38989"}],"version-history":[{"count":0,"href":"https:\/\/jorgezanoni.com.br\/2019\/wp-json\/wp\/v2\/posts\/38989\/revisions"}],"wp:featuredmedia":[{"embeddable":true,"href":"https:\/\/jorgezanoni.com.br\/2019\/wp-json\/wp\/v2\/media\/38990"}],"wp:attachment":[{"href":"https:\/\/jorgezanoni.com.br\/2019\/wp-json\/wp\/v2\/media?parent=38989"}],"wp:term":[{"taxonomy":"category","embeddable":true,"href":"https:\/\/jorgezanoni.com.br\/2019\/wp-json\/wp\/v2\/categories?post=38989"},{"taxonomy":"post_tag","embeddable":true,"href":"https:\/\/jorgezanoni.com.br\/2019\/wp-json\/wp\/v2\/tags?post=38989"}],"curies":[{"name":"wp","href":"https:\/\/api.w.org\/{rel}","templated":true}]}}