{"id":38913,"date":"2020-11-19T20:59:10","date_gmt":"2020-11-19T20:59:10","guid":{"rendered":"https:\/\/jorgezanoni.com.br\/2019\/?p=38913"},"modified":"2020-11-19T20:59:35","modified_gmt":"2020-11-19T20:59:35","slug":"policia-civil-identifica-motorista-suspeito-de-ter-provocado-acidente-que-causou-vitima-fatal-em-dracena","status":"publish","type":"post","link":"https:\/\/jorgezanoni.com.br\/2019\/policia-civil-identifica-motorista-suspeito-de-ter-provocado-acidente-que-causou-vitima-fatal-em-dracena\/","title":{"rendered":"Pol\u00edcia Civil identifica motorista suspeito de ter provocado acidente que causou v\u00edtima fatal em Dracena"},"content":{"rendered":"<p style=\"text-align: justify;\"><strong>POL\u00cdCIA CIVIL IDENTIFICA MOTORISTA SUSPEITO DE SER AUTOR DE HOMIC\u00cdDIO CULPOSO OCORRIDO EM DRACENA.<\/strong><\/p>\n<p style=\"text-align: justify;\">A Pol\u00edcia Civil, por interm\u00e9dio das Unidades Especializadas (Delegacia de Investiga\u00e7\u00f5es Gerais &#8211; DIG e Delegacia de Investiga\u00e7\u00f5es Sobre Entorpecentes &#8211; DISE) de Dracena, conseguiu identificar o motorista suspeito de ser autor de homic\u00eddio culposo ocorrido na noite de ontem, 18\/11\/2020, por volta das 22h00min, na esquina da Rua Ipiranga com a Avenida Magid Zacharias, que vitimou A.M., de 42 anos.<\/p>\n<p style=\"text-align: justify;\">Atrav\u00e9s da an\u00e1lise de c\u00e2meras de seguran\u00e7a das imedia\u00e7\u00f5es do local do crime, foi poss\u00edvel apurar que o condutor de uma camionete Hilux, de cor branca, teria invadido a via preferencial e colidido com seu ve\u00edculo contra uma motocicleta Honda CG 150, de cor vermelha, que era conduzido pelo ofendido.<\/p>\n<p style=\"text-align: justify;\">Continuando com as investiga\u00e7\u00f5es, atrav\u00e9s da an\u00e1lise das imagens das c\u00e2meras de seguran\u00e7a do \u201cProjeto H\u00f3rus\u201d, monitoradas pela Pol\u00edcia Civil de Dracena, existentes nas entradas e sa\u00eddas da cidade, foi poss\u00edvel identificar a placa do ve\u00edculo causador do acidente.<\/p>\n<p style=\"text-align: justify;\">Ainda, no decorrer das investiga\u00e7\u00f5es o advogado do autor compareceu at\u00e9 a DIG\/DISE de Dracena apresentando uma declara\u00e7\u00e3o onde o propriet\u00e1rio da camionete identificada assume ter se envolvido no acidente ora apurado, sendo verificado que ele teria 36 anos e seria morador de uma cidade vizinha.<\/p>\n<p style=\"text-align: justify;\">Tamb\u00e9m restou apurado que o autor estaria com seu direito de dirigir suspenso e que a camionete estava com o licenciamento vencido.<\/p>\n<p style=\"text-align: justify;\">O autor ir\u00e1 responder, mediante a instaura\u00e7\u00e3o do competente Inqu\u00e9rito Policial, pela pr\u00e1tica de crime de homic\u00eddio culposo na dire\u00e7\u00e3o de ve\u00edculo automotor, que prev\u00ea pena de 02 a 04 anos de deten\u00e7\u00e3o, aumentada em 1\/3 at\u00e9 a metade em raz\u00e3o da suspens\u00e3o da CNH e por n\u00e3o ter prestado socorro \u00e0 v\u00edtima.<\/p>\n<p style=\"text-align: justify;\">Maiores informa\u00e7\u00f5es:<br \/>\nDelegacia Seccional de Pol\u00edcia de Dracena<br \/>\nFone: 18-3822-2022<\/p>\n<p style=\"text-align: justify;\">POL\u00cdCIA CIVIL IDENTIFICA MOTORISTA SUSPEITO DE SER AUTOR DE HOMIC\u00cdDIO CULPOSO OCORRIDO EM DRACENA<\/p>\n<p style=\"text-align: justify;\">A Pol\u00edcia Civil, por interm\u00e9dio das Unidades Especializadas (Delegacia de Investiga\u00e7\u00f5es Gerais &#8211; DIG e Delegacia de Investiga\u00e7\u00f5es Sobre Entorpecentes &#8211; DISE) de Dracena, conseguiu identificar o motorista suspeito de ser autor de homic\u00eddio culposo ocorrido na noite de ontem, 18\/11\/2020, por volta das 22h00min, na esquina da Rua Ipiranga com a Avenida Magid Zacharias, que vitimou A.M., de 42 anos.<\/p>\n<p style=\"text-align: justify;\">Atrav\u00e9s da an\u00e1lise de c\u00e2meras de seguran\u00e7a das imedia\u00e7\u00f5es do local do crime, foi poss\u00edvel apurar que o condutor de uma camionete Hilux, de cor branca, teria invadido a via preferencial e colidido com seu ve\u00edculo contra uma motocicleta Honda CG 150, de cor vermelha, que era conduzido pelo ofendido.<\/p>\n<p style=\"text-align: justify;\">Continuando com as investiga\u00e7\u00f5es, atrav\u00e9s da an\u00e1lise das imagens das c\u00e2meras de seguran\u00e7a do \u201cProjeto H\u00f3rus\u201d, monitoradas pela Pol\u00edcia Civil de Dracena, existentes nas entradas e sa\u00eddas da cidade, foi poss\u00edvel identificar a placa do ve\u00edculo causador do acidente.<\/p>\n<p style=\"text-align: justify;\">Ainda, no decorrer das investiga\u00e7\u00f5es o advogado do autor compareceu at\u00e9 a DIG\/DISE de Dracena apresentando uma declara\u00e7\u00e3o onde o propriet\u00e1rio da camionete identificada assume ter se envolvido no acidente ora apurado, sendo verificado que ele teria 36 anos e seria morador de uma cidade vizinha.<\/p>\n<p style=\"text-align: justify;\">Tamb\u00e9m restou apurado que o autor estaria com seu direito de dirigir suspenso e que a camionete estava com o licenciamento vencido.<\/p>\n<p style=\"text-align: justify;\">O autor ir\u00e1 responder, mediante a instaura\u00e7\u00e3o do competente Inqu\u00e9rito Policial, pela pr\u00e1tica de crime de homic\u00eddio culposo na dire\u00e7\u00e3o de ve\u00edculo automotor, que prev\u00ea pena de 02 a 04 anos de deten\u00e7\u00e3o, aumentada em 1\/3 at\u00e9 a metade em raz\u00e3o da suspens\u00e3o da CNH e por n\u00e3o ter prestado socorro \u00e0 v\u00edtima.<\/p>\n<p><img loading=\"lazy\" decoding=\"async\" class=\"alignnone size-full wp-image-38915\" src=\"https:\/\/jorgezanoni.com.br\/2019\/wp-content\/uploads\/2020\/11\/policia.jpg\" alt=\"\" width=\"953\" height=\"1121\" srcset=\"https:\/\/jorgezanoni.com.br\/2019\/wp-content\/uploads\/2020\/11\/policia.jpg 953w, https:\/\/jorgezanoni.com.br\/2019\/wp-content\/uploads\/2020\/11\/policia-255x300.jpg 255w, https:\/\/jorgezanoni.com.br\/2019\/wp-content\/uploads\/2020\/11\/policia-871x1024.jpg 871w, https:\/\/jorgezanoni.com.br\/2019\/wp-content\/uploads\/2020\/11\/policia-768x903.jpg 768w, https:\/\/jorgezanoni.com.br\/2019\/wp-content\/uploads\/2020\/11\/policia-696x819.jpg 696w, https:\/\/jorgezanoni.com.br\/2019\/wp-content\/uploads\/2020\/11\/policia-357x420.jpg 357w\" sizes=\"auto, (max-width: 953px) 100vw, 953px\" \/><\/p>\n<p>Fonte: Delegacia Seccional de Pol\u00edcia de Dracena<\/p>\n","protected":false},"excerpt":{"rendered":"<p>POL\u00cdCIA CIVIL IDENTIFICA MOTORISTA SUSPEITO DE SER AUTOR DE HOMIC\u00cdDIO CULPOSO OCORRIDO EM DRACENA. A Pol\u00edcia Civil, por interm\u00e9dio das Unidades Especializadas (Delegacia de Investiga\u00e7\u00f5es Gerais &#8211; DIG e Delegacia de Investiga\u00e7\u00f5es Sobre Entorpecentes &#8211; DISE) de Dracena, conseguiu identificar o motorista suspeito de ser autor de homic\u00eddio culposo ocorrido na noite de ontem, 18\/11\/2020, [&hellip;]<\/p>\n","protected":false},"author":1,"featured_media":38916,"comment_status":"closed","ping_status":"open","sticky":false,"template":"","format":"standard","meta":{"footnotes":""},"categories":[110,2],"tags":[],"class_list":["post-38913","post","type-post","status-publish","format-standard","has-post-thumbnail","hentry","category-noticiasdestaque","category-policial"],"_links":{"self":[{"href":"https:\/\/jorgezanoni.com.br\/2019\/wp-json\/wp\/v2\/posts\/38913","targetHints":{"allow":["GET"]}}],"collection":[{"href":"https:\/\/jorgezanoni.com.br\/2019\/wp-json\/wp\/v2\/posts"}],"about":[{"href":"https:\/\/jorgezanoni.com.br\/2019\/wp-json\/wp\/v2\/types\/post"}],"author":[{"embeddable":true,"href":"https:\/\/jorgezanoni.com.br\/2019\/wp-json\/wp\/v2\/users\/1"}],"replies":[{"embeddable":true,"href":"https:\/\/jorgezanoni.com.br\/2019\/wp-json\/wp\/v2\/comments?post=38913"}],"version-history":[{"count":0,"href":"https:\/\/jorgezanoni.com.br\/2019\/wp-json\/wp\/v2\/posts\/38913\/revisions"}],"wp:featuredmedia":[{"embeddable":true,"href":"https:\/\/jorgezanoni.com.br\/2019\/wp-json\/wp\/v2\/media\/38916"}],"wp:attachment":[{"href":"https:\/\/jorgezanoni.com.br\/2019\/wp-json\/wp\/v2\/media?parent=38913"}],"wp:term":[{"taxonomy":"category","embeddable":true,"href":"https:\/\/jorgezanoni.com.br\/2019\/wp-json\/wp\/v2\/categories?post=38913"},{"taxonomy":"post_tag","embeddable":true,"href":"https:\/\/jorgezanoni.com.br\/2019\/wp-json\/wp\/v2\/tags?post=38913"}],"curies":[{"name":"wp","href":"https:\/\/api.w.org\/{rel}","templated":true}]}}