{"id":38907,"date":"2020-11-19T16:35:50","date_gmt":"2020-11-19T16:35:50","guid":{"rendered":"https:\/\/jorgezanoni.com.br\/2019\/?p=38907"},"modified":"2020-11-19T22:46:05","modified_gmt":"2020-11-19T22:46:05","slug":"transforme-suas-vendas-neste-final-de-ano-assista-a-palestra-empreender","status":"publish","type":"post","link":"https:\/\/jorgezanoni.com.br\/2019\/transforme-suas-vendas-neste-final-de-ano-assista-a-palestra-empreender\/","title":{"rendered":"Transforme suas vendas neste final de ano. Assista a Palestra EMPREENDER"},"content":{"rendered":"<p style=\"text-align: justify;\">Voc\u00ea comerciante e p\u00fablico em geral est\u00e1 convidado a assistir esta importante Palestra que ter\u00e1 como tema principal a recupera\u00e7\u00e3o nas suas vendas em \u00e9poca de Pandemia.<\/p>\n<p style=\"text-align: justify;\">Ser\u00e3o propostas diversas t\u00e9cnicas de vendas para voc\u00ea atrair o seu cliente e fazer o seu funcion\u00e1rio entender o quanto \u00e9 importante ele atender bem e com disposi\u00e7\u00e3o.<\/p>\n<p style=\"text-align: justify;\">Seja um EMPREENDEDOR DE SUCESSO!!!<\/p>\n<div style=\"width: 640px;\" class=\"wp-video\"><video class=\"wp-video-shortcode\" id=\"video-38907-1\" width=\"640\" height=\"352\" preload=\"metadata\" controls=\"controls\"><source type=\"video\/mp4\" src=\"https:\/\/jorgezanoni.com.br\/2019\/wp-content\/uploads\/2020\/11\/WhatsApp-Video-2020-11-19-at-08.11.45.mp4?_=1\" \/><a href=\"https:\/\/jorgezanoni.com.br\/2019\/wp-content\/uploads\/2020\/11\/WhatsApp-Video-2020-11-19-at-08.11.45.mp4\">https:\/\/jorgezanoni.com.br\/2019\/wp-content\/uploads\/2020\/11\/WhatsApp-Video-2020-11-19-at-08.11.45.mp4<\/a><\/video><\/div>\n<p>Wagner Souza<\/p>\n<p style=\"text-align: justify;\">Dia 26 de novembro de 2.020 (quinta-feira) a\u00a0 partir das 19:00 Horas no Mari\u00e1&#8217;s Eventos em Dracena, na Avenida Washington Luiz, 726.<\/p>\n<p style=\"text-align: left;\"><strong>VEJA TODAS AS INFORMA\u00c7\u00d5ES NO LINK: https:\/\/chat.whatsapp.com\/HlaOPnxZQPJHYJs2m55eU1<\/strong><\/p>\n<p>APOIO: Site: www.jorgezanoni.com.br<\/p>\n","protected":false},"excerpt":{"rendered":"<p>Voc\u00ea comerciante e p\u00fablico em geral est\u00e1 convidado a assistir esta importante Palestra que ter\u00e1 como tema principal a recupera\u00e7\u00e3o nas suas vendas em \u00e9poca de Pandemia. Ser\u00e3o propostas diversas t\u00e9cnicas de vendas para voc\u00ea atrair o seu cliente e fazer o seu funcion\u00e1rio entender o quanto \u00e9 importante ele atender bem e com disposi\u00e7\u00e3o. [&hellip;]<\/p>\n","protected":false},"author":1,"featured_media":38910,"comment_status":"closed","ping_status":"open","sticky":false,"template":"","format":"standard","meta":{"footnotes":""},"categories":[114,110],"tags":[],"class_list":["post-38907","post","type-post","status-publish","format-standard","has-post-thumbnail","hentry","category-geralecomercio","category-noticiasdestaque"],"_links":{"self":[{"href":"https:\/\/jorgezanoni.com.br\/2019\/wp-json\/wp\/v2\/posts\/38907","targetHints":{"allow":["GET"]}}],"collection":[{"href":"https:\/\/jorgezanoni.com.br\/2019\/wp-json\/wp\/v2\/posts"}],"about":[{"href":"https:\/\/jorgezanoni.com.br\/2019\/wp-json\/wp\/v2\/types\/post"}],"author":[{"embeddable":true,"href":"https:\/\/jorgezanoni.com.br\/2019\/wp-json\/wp\/v2\/users\/1"}],"replies":[{"embeddable":true,"href":"https:\/\/jorgezanoni.com.br\/2019\/wp-json\/wp\/v2\/comments?post=38907"}],"version-history":[{"count":0,"href":"https:\/\/jorgezanoni.com.br\/2019\/wp-json\/wp\/v2\/posts\/38907\/revisions"}],"wp:featuredmedia":[{"embeddable":true,"href":"https:\/\/jorgezanoni.com.br\/2019\/wp-json\/wp\/v2\/media\/38910"}],"wp:attachment":[{"href":"https:\/\/jorgezanoni.com.br\/2019\/wp-json\/wp\/v2\/media?parent=38907"}],"wp:term":[{"taxonomy":"category","embeddable":true,"href":"https:\/\/jorgezanoni.com.br\/2019\/wp-json\/wp\/v2\/categories?post=38907"},{"taxonomy":"post_tag","embeddable":true,"href":"https:\/\/jorgezanoni.com.br\/2019\/wp-json\/wp\/v2\/tags?post=38907"}],"curies":[{"name":"wp","href":"https:\/\/api.w.org\/{rel}","templated":true}]}}