{"id":38856,"date":"2020-11-19T01:28:47","date_gmt":"2020-11-19T01:28:47","guid":{"rendered":"https:\/\/jorgezanoni.com.br\/2019\/?p=38856"},"modified":"2020-11-19T01:28:47","modified_gmt":"2020-11-19T01:28:47","slug":"prefeitura-de-tupi-paulista-abre-processo-seletivo-para-a-contratacao-de-professores","status":"publish","type":"post","link":"https:\/\/jorgezanoni.com.br\/2019\/prefeitura-de-tupi-paulista-abre-processo-seletivo-para-a-contratacao-de-professores\/","title":{"rendered":"Prefeitura de Tupi Paulista abre processo seletivo para a contrata\u00e7\u00e3o de professores"},"content":{"rendered":"<h2 class=\"content-head__subtitle\" style=\"text-align: justify;\"><strong>Oportunidades s\u00e3o para preenchimento de vaga e Cadastro de Reserva (CR). Interessados devem garantir participa\u00e7\u00e3o pela internet at\u00e9 o dia 25 de novembro.<\/strong><\/h2>\n<div class=\"mc-column content-text active-extra-styles \" data-block-type=\"unstyled\" data-block-weight=\"32\" data-block-id=\"2\">\n<p class=\"content-text__container \" style=\"text-align: justify;\" data-track-category=\"Link no Texto\" data-track-links=\"\">A Prefeitura de\u00a0<a href=\"https:\/\/g1.globo.com\/sp\/presidente-prudente-regiao\/cidade\/tupi-paulista\/\">Tupi Paulista (SP)<\/a>\u00a0abriu\u00a0<a href=\"https:\/\/www.klcconcursos.com.br\/?pag=mco&amp;id=340\" target=\"_blank\" rel=\"noopener noreferrer\">processo seletivo<\/a>\u00a0para professores de educa\u00e7\u00e3o b\u00e1sica I e II e de educa\u00e7\u00e3o especial. Os interessados devem garantir participa\u00e7\u00e3o at\u00e9 o dia 25 de novembro.<\/p>\n<\/div>\n<div class=\"wall protected-content\">\n<div class=\"mc-column content-text active-extra-styles \" style=\"text-align: justify;\" data-block-type=\"unstyled\" data-block-weight=\"35\" data-block-id=\"3\">\n<p class=\"content-text__container \" data-track-category=\"Link no Texto\" data-track-links=\"\">Conforme o\u00a0<a href=\"https:\/\/www.klcconcursos.com.br\/editais\/4fc2865844f45f1fb9482d5ad82cae96.pdf\" target=\"_blank\" rel=\"noopener noreferrer\">edital<\/a>, as oportunidades s\u00e3o para preenchimento de vagas e forma\u00e7\u00e3o de Cadastro de Reserva (CR) para profissionais que ministram as seguintes disciplinas: ingl\u00eas, educa\u00e7\u00e3o f\u00edsica, arte, matem\u00e1tica, portugu\u00eas, ci\u00eancias, hist\u00f3ria, geografia e dan\u00e7a.<\/p>\n<\/div>\n<div class=\"mc-column content-text active-extra-styles \" style=\"text-align: justify;\" data-block-type=\"unstyled\" data-block-weight=\"23\" data-block-id=\"4\">\n<p class=\"content-text__container \" data-track-category=\"Link no Texto\" data-track-links=\"\">H\u00e1 ainda chance para professor de educa\u00e7\u00e3o especial e professor de educa\u00e7\u00e3o especial com certifica\u00e7\u00e3o de profici\u00eancia em L\u00edngua Brasileira de Sinais (Libras).<\/p>\n<\/div>\n<div class=\"mc-column content-text active-extra-styles \" style=\"text-align: justify;\" data-block-type=\"unstyled\" data-block-weight=\"17\" data-block-id=\"5\">\n<p class=\"content-text__container \" data-track-category=\"Link no Texto\" data-track-links=\"\">As cargas hor\u00e1rias s\u00e3o de 27 ou 34 horas\/aulas semanais e 15, 30 ou 40 horas\/aulas semanais.<\/p>\n<\/div>\n<div class=\"mc-column content-text active-extra-styles \" style=\"text-align: justify;\" data-block-type=\"unstyled\" data-block-weight=\"14\" data-block-id=\"6\">\n<p class=\"content-text__container \" data-track-category=\"Link no Texto\" data-track-links=\"\">A remunera\u00e7\u00e3o varia entre R$ 14,65 hora\/aula e R$ 20,61 hora\/aula, al\u00e9m do vale-alimenta\u00e7\u00e3o.<\/p>\n<\/div>\n<div class=\"mc-column content-text active-extra-styles \" data-block-type=\"unstyled\" data-block-weight=\"13\" data-block-id=\"7\">\n<p class=\"content-text__container \" style=\"text-align: justify;\" data-track-category=\"Link no Texto\" data-track-links=\"\">As inscri\u00e7\u00f5es devem ser feitas pela\u00a0<a href=\"https:\/\/www.klcconcursos.com.br\/?pag=mco&amp;id=340\" target=\"_blank\" rel=\"noopener noreferrer\">internet<\/a>\u00a0at\u00e9 o dia 25 de novembro.<\/p>\n<p style=\"text-align: justify;\" data-track-category=\"Link no Texto\" data-track-links=\"\">Fonte: G1<\/p>\n<\/div>\n<\/div>\n","protected":false},"excerpt":{"rendered":"<p>Oportunidades s\u00e3o para preenchimento de vaga e Cadastro de Reserva (CR). Interessados devem garantir participa\u00e7\u00e3o pela internet at\u00e9 o dia 25 de novembro. A Prefeitura de\u00a0Tupi Paulista (SP)\u00a0abriu\u00a0processo seletivo\u00a0para professores de educa\u00e7\u00e3o b\u00e1sica I e II e de educa\u00e7\u00e3o especial. Os interessados devem garantir participa\u00e7\u00e3o at\u00e9 o dia 25 de novembro. Conforme o\u00a0edital, as oportunidades [&hellip;]<\/p>\n","protected":false},"author":1,"featured_media":38857,"comment_status":"closed","ping_status":"open","sticky":false,"template":"","format":"standard","meta":{"footnotes":""},"categories":[110,122],"tags":[],"class_list":["post-38856","post","type-post","status-publish","format-standard","has-post-thumbnail","hentry","category-noticiasdestaque","category-saudeeducacaoeconcurso"],"_links":{"self":[{"href":"https:\/\/jorgezanoni.com.br\/2019\/wp-json\/wp\/v2\/posts\/38856","targetHints":{"allow":["GET"]}}],"collection":[{"href":"https:\/\/jorgezanoni.com.br\/2019\/wp-json\/wp\/v2\/posts"}],"about":[{"href":"https:\/\/jorgezanoni.com.br\/2019\/wp-json\/wp\/v2\/types\/post"}],"author":[{"embeddable":true,"href":"https:\/\/jorgezanoni.com.br\/2019\/wp-json\/wp\/v2\/users\/1"}],"replies":[{"embeddable":true,"href":"https:\/\/jorgezanoni.com.br\/2019\/wp-json\/wp\/v2\/comments?post=38856"}],"version-history":[{"count":0,"href":"https:\/\/jorgezanoni.com.br\/2019\/wp-json\/wp\/v2\/posts\/38856\/revisions"}],"wp:featuredmedia":[{"embeddable":true,"href":"https:\/\/jorgezanoni.com.br\/2019\/wp-json\/wp\/v2\/media\/38857"}],"wp:attachment":[{"href":"https:\/\/jorgezanoni.com.br\/2019\/wp-json\/wp\/v2\/media?parent=38856"}],"wp:term":[{"taxonomy":"category","embeddable":true,"href":"https:\/\/jorgezanoni.com.br\/2019\/wp-json\/wp\/v2\/categories?post=38856"},{"taxonomy":"post_tag","embeddable":true,"href":"https:\/\/jorgezanoni.com.br\/2019\/wp-json\/wp\/v2\/tags?post=38856"}],"curies":[{"name":"wp","href":"https:\/\/api.w.org\/{rel}","templated":true}]}}