{"id":38851,"date":"2020-11-19T00:38:29","date_gmt":"2020-11-19T00:38:29","guid":{"rendered":"https:\/\/jorgezanoni.com.br\/2019\/?p=38851"},"modified":"2020-11-19T15:06:11","modified_gmt":"2020-11-19T15:06:11","slug":"morre-em-agua-clara-o-dracenense-samir-melli","status":"publish","type":"post","link":"https:\/\/jorgezanoni.com.br\/2019\/morre-em-agua-clara-o-dracenense-samir-melli\/","title":{"rendered":"Morre em \u00c1gua Clara o dracenense Samir Melli"},"content":{"rendered":"<p style=\"text-align: justify;\">Comunicamos com pesar o falecimento de Samir Paro Melli de 51 anos, ocorrido na fazenda do seu pai em \u00c1gua Clara no MS.<\/p>\n<p style=\"text-align: justify;\">Segundo informa\u00e7\u00f5es de familiares ele sofreu um infarto e n\u00e3o resistiu.<\/p>\n<p style=\"text-align: justify;\">\u00c9 filho do sr. Arsem Melli (Gerente aposentado do Banco do Brasil) e de Gessy Paro (Professora aposentada).<\/p>\n<p style=\"text-align: justify;\">Deixa a esposa e um casal de filhos.<\/p>\n<p style=\"text-align: justify;\">Era membro ativo da Loja Ma\u00e7\u00f4nica Alberto Andalo 2917 do OR.&#8217;. de S\u00e3o Jos\u00e9 do Rio Preto\/SP.<\/p>\n<p style=\"text-align: justify;\"><img loading=\"lazy\" decoding=\"async\" class=\"alignnone size-full wp-image-38896\" src=\"https:\/\/jorgezanoni.com.br\/2019\/wp-content\/uploads\/2020\/11\/Samir.jpg\" alt=\"\" width=\"1280\" height=\"717\" srcset=\"https:\/\/jorgezanoni.com.br\/2019\/wp-content\/uploads\/2020\/11\/Samir.jpg 1280w, https:\/\/jorgezanoni.com.br\/2019\/wp-content\/uploads\/2020\/11\/Samir-300x168.jpg 300w, https:\/\/jorgezanoni.com.br\/2019\/wp-content\/uploads\/2020\/11\/Samir-1024x574.jpg 1024w, https:\/\/jorgezanoni.com.br\/2019\/wp-content\/uploads\/2020\/11\/Samir-768x430.jpg 768w, https:\/\/jorgezanoni.com.br\/2019\/wp-content\/uploads\/2020\/11\/Samir-696x390.jpg 696w, https:\/\/jorgezanoni.com.br\/2019\/wp-content\/uploads\/2020\/11\/Samir-1068x598.jpg 1068w, https:\/\/jorgezanoni.com.br\/2019\/wp-content\/uploads\/2020\/11\/Samir-750x420.jpg 750w\" sizes=\"auto, (max-width: 1280px) 100vw, 1280px\" \/><\/p>\n<p style=\"text-align: justify;\">O Site Jorge Zanoni se solidariza com a fam\u00edlia neste dif\u00edcil momento. Nossas condol\u00eancias.<\/p>\n","protected":false},"excerpt":{"rendered":"<p>Comunicamos com pesar o falecimento de Samir Paro Melli de 51 anos, ocorrido na fazenda do seu pai em \u00c1gua Clara no MS. Segundo informa\u00e7\u00f5es de familiares ele sofreu um infarto e n\u00e3o resistiu. \u00c9 filho do sr. Arsem Melli (Gerente aposentado do Banco do Brasil) e de Gessy Paro (Professora aposentada). Deixa a esposa [&hellip;]<\/p>\n","protected":false},"author":1,"featured_media":38852,"comment_status":"closed","ping_status":"open","sticky":false,"template":"","format":"standard","meta":{"footnotes":""},"categories":[178,110],"tags":[],"class_list":["post-38851","post","type-post","status-publish","format-standard","has-post-thumbnail","hentry","category-notadefalecimento","category-noticiasdestaque"],"_links":{"self":[{"href":"https:\/\/jorgezanoni.com.br\/2019\/wp-json\/wp\/v2\/posts\/38851","targetHints":{"allow":["GET"]}}],"collection":[{"href":"https:\/\/jorgezanoni.com.br\/2019\/wp-json\/wp\/v2\/posts"}],"about":[{"href":"https:\/\/jorgezanoni.com.br\/2019\/wp-json\/wp\/v2\/types\/post"}],"author":[{"embeddable":true,"href":"https:\/\/jorgezanoni.com.br\/2019\/wp-json\/wp\/v2\/users\/1"}],"replies":[{"embeddable":true,"href":"https:\/\/jorgezanoni.com.br\/2019\/wp-json\/wp\/v2\/comments?post=38851"}],"version-history":[{"count":0,"href":"https:\/\/jorgezanoni.com.br\/2019\/wp-json\/wp\/v2\/posts\/38851\/revisions"}],"wp:featuredmedia":[{"embeddable":true,"href":"https:\/\/jorgezanoni.com.br\/2019\/wp-json\/wp\/v2\/media\/38852"}],"wp:attachment":[{"href":"https:\/\/jorgezanoni.com.br\/2019\/wp-json\/wp\/v2\/media?parent=38851"}],"wp:term":[{"taxonomy":"category","embeddable":true,"href":"https:\/\/jorgezanoni.com.br\/2019\/wp-json\/wp\/v2\/categories?post=38851"},{"taxonomy":"post_tag","embeddable":true,"href":"https:\/\/jorgezanoni.com.br\/2019\/wp-json\/wp\/v2\/tags?post=38851"}],"curies":[{"name":"wp","href":"https:\/\/api.w.org\/{rel}","templated":true}]}}