{"id":38848,"date":"2020-11-19T00:19:36","date_gmt":"2020-11-19T00:19:36","guid":{"rendered":"https:\/\/jorgezanoni.com.br\/2019\/?p=38848"},"modified":"2020-11-19T00:19:36","modified_gmt":"2020-11-19T00:19:36","slug":"prefeito-morre-de-covid-19-um-dia-apos-ser-eleito","status":"publish","type":"post","link":"https:\/\/jorgezanoni.com.br\/2019\/prefeito-morre-de-covid-19-um-dia-apos-ser-eleito\/","title":{"rendered":"Prefeito morre de covid-19 um dia ap\u00f3s ser eleito"},"content":{"rendered":"<p style=\"text-align: justify;\">Um prefeito do\u00a0interior de Goi\u00e1s morreu com complica\u00e7\u00f5es da Covid-19\u00a0um dia depois de ser eleito.\u00a0Didi Filgueira (PTB)\u00a0venceu o pleito na cidade de\u00a0Itaguaru. Ele tinha 60 anos e estava internado desde outubro.<\/p>\n<p style=\"text-align: justify;\">Didi, que estava em um hospital de\u00a0Goi\u00e2nia,segundo os familiares, n\u00e3o soube\u00a0do resultado das elei\u00e7\u00f5es. Ele\u00a0teve uma piora no quadro de sa\u00fade durante o final de semana.<\/p>\n<p style=\"text-align: justify;\">&#8220;Viemos fazer uma visita ao Didi para dar a not\u00edcia sobre a vit\u00f3ria. Os m\u00e9dicos nos informaram que no s\u00e1bado e no domingo Didi teve uma pequena piora, e essa piora persistiu. Ent\u00e3o quero pedir a todos voc\u00eas: vamos orar pela sa\u00fade dele para que juntos possamos t\u00ea-lo perto de n\u00f3s. Para que possamos comemorar a nossa vit\u00f3ria&#8221;, diz a esposa em trecho do v\u00eddeo divulgado nas redes sociais.<\/p>\n<p style=\"text-align: justify;\">Fonte: https:\/\/www.bnews.com.br\/noticias\/politica\/brasil\/287417,prefeito-morre-de-covid-19-um-dia-apos-ser-eleito.html<\/p>\n","protected":false},"excerpt":{"rendered":"<p>Um prefeito do\u00a0interior de Goi\u00e1s morreu com complica\u00e7\u00f5es da Covid-19\u00a0um dia depois de ser eleito.\u00a0Didi Filgueira (PTB)\u00a0venceu o pleito na cidade de\u00a0Itaguaru. Ele tinha 60 anos e estava internado desde outubro. Didi, que estava em um hospital de\u00a0Goi\u00e2nia,segundo os familiares, n\u00e3o soube\u00a0do resultado das elei\u00e7\u00f5es. Ele\u00a0teve uma piora no quadro de sa\u00fade durante o final [&hellip;]<\/p>\n","protected":false},"author":1,"featured_media":38849,"comment_status":"closed","ping_status":"open","sticky":false,"template":"","format":"standard","meta":{"footnotes":""},"categories":[110,116],"tags":[],"class_list":["post-38848","post","type-post","status-publish","format-standard","has-post-thumbnail","hentry","category-noticiasdestaque","category-politicaeeconomia"],"_links":{"self":[{"href":"https:\/\/jorgezanoni.com.br\/2019\/wp-json\/wp\/v2\/posts\/38848","targetHints":{"allow":["GET"]}}],"collection":[{"href":"https:\/\/jorgezanoni.com.br\/2019\/wp-json\/wp\/v2\/posts"}],"about":[{"href":"https:\/\/jorgezanoni.com.br\/2019\/wp-json\/wp\/v2\/types\/post"}],"author":[{"embeddable":true,"href":"https:\/\/jorgezanoni.com.br\/2019\/wp-json\/wp\/v2\/users\/1"}],"replies":[{"embeddable":true,"href":"https:\/\/jorgezanoni.com.br\/2019\/wp-json\/wp\/v2\/comments?post=38848"}],"version-history":[{"count":0,"href":"https:\/\/jorgezanoni.com.br\/2019\/wp-json\/wp\/v2\/posts\/38848\/revisions"}],"wp:featuredmedia":[{"embeddable":true,"href":"https:\/\/jorgezanoni.com.br\/2019\/wp-json\/wp\/v2\/media\/38849"}],"wp:attachment":[{"href":"https:\/\/jorgezanoni.com.br\/2019\/wp-json\/wp\/v2\/media?parent=38848"}],"wp:term":[{"taxonomy":"category","embeddable":true,"href":"https:\/\/jorgezanoni.com.br\/2019\/wp-json\/wp\/v2\/categories?post=38848"},{"taxonomy":"post_tag","embeddable":true,"href":"https:\/\/jorgezanoni.com.br\/2019\/wp-json\/wp\/v2\/tags?post=38848"}],"curies":[{"name":"wp","href":"https:\/\/api.w.org\/{rel}","templated":true}]}}