{"id":38845,"date":"2020-11-18T23:06:35","date_gmt":"2020-11-18T23:06:35","guid":{"rendered":"https:\/\/jorgezanoni.com.br\/2019\/?p=38845"},"modified":"2020-11-18T23:06:35","modified_gmt":"2020-11-18T23:06:35","slug":"tenente-coronel-pm-mario-sergio-nonato-assume-como-comandante-do-25o-bpm-i","status":"publish","type":"post","link":"https:\/\/jorgezanoni.com.br\/2019\/tenente-coronel-pm-mario-sergio-nonato-assume-como-comandante-do-25o-bpm-i\/","title":{"rendered":"Tenente Coronel PM Mario S\u00e9rgio Nonato assume como Comandante do 25\u00ba BPM\/I"},"content":{"rendered":"<div class=\"kvgmc6g5 cxmmr5t8 oygrvhab hcukyx3x c1et5uql ii04i59q\">\n<div dir=\"auto\" style=\"text-align: justify;\"><strong>TENENTE CORONEL PM MARIO S\u00c9RGIO NONATO ASSUME COMO COMANDANTE DO 25\u00ba BPM\/I<\/strong><\/div>\n<div dir=\"auto\" style=\"text-align: justify;\"><\/div>\n<\/div>\n<div class=\"o9v6fnle cxmmr5t8 oygrvhab hcukyx3x c1et5uql ii04i59q\" style=\"text-align: justify;\">\n<div dir=\"auto\">No dia 12 deste m\u00eas (novembro), o Tenente Coronel de Policia Militar Mario S\u00e9rgio Nonato assumiu o comando do 25\u00ba BPM\/I.<\/div>\n<div dir=\"auto\">O Tenente Coronel PM Nonato \u00e9 natural da cidade de S\u00e3o Paulo. Ingressou na Pol\u00edcia Militar do Estado de S\u00e3o Paulo em novembro de 1987, possui Mestrado e Doutorado em Ci\u00eancias Policiais de Seguran\u00e7a e Ordem P\u00fablica. Trabalhou na regi\u00e3o de Mar\u00edlia e Presidente Prudente, comandando o 8\u00ba Batalh\u00e3o de A\u00e7\u00f5es Especiais &#8211; BAEP.<\/div>\n<div dir=\"auto\"><\/div>\n<\/div>\n<div class=\"o9v6fnle cxmmr5t8 oygrvhab hcukyx3x c1et5uql ii04i59q\">\n<div dir=\"auto\" style=\"text-align: justify;\">Pol\u00edcia Militar, a For\u00e7a P\u00fablica de S\u00e3o Paulo.<\/div>\n<\/div>\n","protected":false},"excerpt":{"rendered":"<p>TENENTE CORONEL PM MARIO S\u00c9RGIO NONATO ASSUME COMO COMANDANTE DO 25\u00ba BPM\/I No dia 12 deste m\u00eas (novembro), o Tenente Coronel de Policia Militar Mario S\u00e9rgio Nonato assumiu o comando do 25\u00ba BPM\/I. O Tenente Coronel PM Nonato \u00e9 natural da cidade de S\u00e3o Paulo. Ingressou na Pol\u00edcia Militar do Estado de S\u00e3o Paulo em [&hellip;]<\/p>\n","protected":false},"author":1,"featured_media":38846,"comment_status":"closed","ping_status":"open","sticky":false,"template":"","format":"standard","meta":{"footnotes":""},"categories":[110,2],"tags":[],"class_list":["post-38845","post","type-post","status-publish","format-standard","has-post-thumbnail","hentry","category-noticiasdestaque","category-policial"],"_links":{"self":[{"href":"https:\/\/jorgezanoni.com.br\/2019\/wp-json\/wp\/v2\/posts\/38845","targetHints":{"allow":["GET"]}}],"collection":[{"href":"https:\/\/jorgezanoni.com.br\/2019\/wp-json\/wp\/v2\/posts"}],"about":[{"href":"https:\/\/jorgezanoni.com.br\/2019\/wp-json\/wp\/v2\/types\/post"}],"author":[{"embeddable":true,"href":"https:\/\/jorgezanoni.com.br\/2019\/wp-json\/wp\/v2\/users\/1"}],"replies":[{"embeddable":true,"href":"https:\/\/jorgezanoni.com.br\/2019\/wp-json\/wp\/v2\/comments?post=38845"}],"version-history":[{"count":0,"href":"https:\/\/jorgezanoni.com.br\/2019\/wp-json\/wp\/v2\/posts\/38845\/revisions"}],"wp:featuredmedia":[{"embeddable":true,"href":"https:\/\/jorgezanoni.com.br\/2019\/wp-json\/wp\/v2\/media\/38846"}],"wp:attachment":[{"href":"https:\/\/jorgezanoni.com.br\/2019\/wp-json\/wp\/v2\/media?parent=38845"}],"wp:term":[{"taxonomy":"category","embeddable":true,"href":"https:\/\/jorgezanoni.com.br\/2019\/wp-json\/wp\/v2\/categories?post=38845"},{"taxonomy":"post_tag","embeddable":true,"href":"https:\/\/jorgezanoni.com.br\/2019\/wp-json\/wp\/v2\/tags?post=38845"}],"curies":[{"name":"wp","href":"https:\/\/api.w.org\/{rel}","templated":true}]}}