{"id":38799,"date":"2020-11-18T00:35:00","date_gmt":"2020-11-18T00:35:00","guid":{"rendered":"https:\/\/jorgezanoni.com.br\/2019\/?p=38799"},"modified":"2020-11-18T00:35:00","modified_gmt":"2020-11-18T00:35:00","slug":"chuva-de-granizo-cobre-acostamento-de-vicinal-no-interior-de-sp","status":"publish","type":"post","link":"https:\/\/jorgezanoni.com.br\/2019\/chuva-de-granizo-cobre-acostamento-de-vicinal-no-interior-de-sp\/","title":{"rendered":"Chuva de granizo &#8216;cobre&#8217; acostamento de vicinal no interior de SP"},"content":{"rendered":"<h2 class=\"content-head__subtitle\" style=\"text-align: justify;\"><strong>Passageiro de um ve\u00edculo registrou o fen\u00f4meno enquanto passava pela vicinal Doutor Moacir Alves de Lima, que liga os munic\u00edpios de Para\u00edso e Monte Azul Paulista (SP).<\/strong><\/h2>\n<div class=\"mc-column content-text active-extra-styles \" data-block-type=\"unstyled\" data-block-weight=\"33\" data-block-id=\"2\">\n<p class=\"content-text__container \" style=\"text-align: justify;\" data-track-category=\"Link no Texto\" data-track-links=\"\">Uma chuva de granizo registrada na tarde desta ter\u00e7a-feira (17) deixou o acostamento da vicinal Doutor Moacir Alves de Lima, que liga os munic\u00edpios de Para\u00edso e Monte Azul Paulista (SP), praticamente coberto.<\/p>\n<\/div>\n<div class=\"wall protected-content\">\n<div class=\"mc-column content-text active-extra-styles \" style=\"text-align: justify;\" data-block-type=\"unstyled\" data-block-weight=\"35\" data-block-id=\"3\">\n<p class=\"content-text__container \" data-track-category=\"Link no Texto\" data-track-links=\"\">Um passageiro de um ve\u00edculo registrou o fen\u00f4meno enquanto passava pela estrada<strong><em>\u00a0(veja abaixo).\u00a0<\/em><\/strong>No v\u00eddeo, ao qual o\u00a0<strong>G1\u00a0<\/strong>teve acesso, \u00e9 poss\u00edvel ver uma camada branca de gelo no acostamento da vicinal.<\/p>\n<\/div>\n<div class=\"mc-column content-text active-extra-styles \" data-block-type=\"unstyled\" data-block-weight=\"31\" data-block-id=\"4\">\n<p class=\"content-text__container \" style=\"text-align: justify;\" data-track-category=\"Link no Texto\" data-track-links=\"\">De acordo com o Coro de Bombeiros, n\u00e3o houve registro de acidentes e feridos. A chuva durou pouco tempo, mas o suficiente para chamar a aten\u00e7\u00e3o de motoristas e passageiros.<\/p>\n<p style=\"text-align: justify;\" data-track-category=\"Link no Texto\" data-track-links=\"\">Fonte: https:\/\/g1.globo.com\/sp\/sao-jose-do-rio-preto-aracatuba\/noticia\/2020\/11\/17\/chuva-de-granizo-cobre-acostamento-de-vicinal-no-interior-de-sp-veja-o-video.ghtml<\/p>\n<\/div>\n<\/div>\n","protected":false},"excerpt":{"rendered":"<p>Passageiro de um ve\u00edculo registrou o fen\u00f4meno enquanto passava pela vicinal Doutor Moacir Alves de Lima, que liga os munic\u00edpios de Para\u00edso e Monte Azul Paulista (SP). Uma chuva de granizo registrada na tarde desta ter\u00e7a-feira (17) deixou o acostamento da vicinal Doutor Moacir Alves de Lima, que liga os munic\u00edpios de Para\u00edso e Monte [&hellip;]<\/p>\n","protected":false},"author":1,"featured_media":38800,"comment_status":"closed","ping_status":"open","sticky":false,"template":"","format":"standard","meta":{"footnotes":""},"categories":[114,110],"tags":[],"class_list":["post-38799","post","type-post","status-publish","format-standard","has-post-thumbnail","hentry","category-geralecomercio","category-noticiasdestaque"],"_links":{"self":[{"href":"https:\/\/jorgezanoni.com.br\/2019\/wp-json\/wp\/v2\/posts\/38799","targetHints":{"allow":["GET"]}}],"collection":[{"href":"https:\/\/jorgezanoni.com.br\/2019\/wp-json\/wp\/v2\/posts"}],"about":[{"href":"https:\/\/jorgezanoni.com.br\/2019\/wp-json\/wp\/v2\/types\/post"}],"author":[{"embeddable":true,"href":"https:\/\/jorgezanoni.com.br\/2019\/wp-json\/wp\/v2\/users\/1"}],"replies":[{"embeddable":true,"href":"https:\/\/jorgezanoni.com.br\/2019\/wp-json\/wp\/v2\/comments?post=38799"}],"version-history":[{"count":0,"href":"https:\/\/jorgezanoni.com.br\/2019\/wp-json\/wp\/v2\/posts\/38799\/revisions"}],"wp:featuredmedia":[{"embeddable":true,"href":"https:\/\/jorgezanoni.com.br\/2019\/wp-json\/wp\/v2\/media\/38800"}],"wp:attachment":[{"href":"https:\/\/jorgezanoni.com.br\/2019\/wp-json\/wp\/v2\/media?parent=38799"}],"wp:term":[{"taxonomy":"category","embeddable":true,"href":"https:\/\/jorgezanoni.com.br\/2019\/wp-json\/wp\/v2\/categories?post=38799"},{"taxonomy":"post_tag","embeddable":true,"href":"https:\/\/jorgezanoni.com.br\/2019\/wp-json\/wp\/v2\/tags?post=38799"}],"curies":[{"name":"wp","href":"https:\/\/api.w.org\/{rel}","templated":true}]}}