{"id":38796,"date":"2020-11-18T00:15:15","date_gmt":"2020-11-18T00:15:15","guid":{"rendered":"https:\/\/jorgezanoni.com.br\/2019\/?p=38796"},"modified":"2020-11-18T00:15:50","modified_gmt":"2020-11-18T00:15:50","slug":"bebe-de-7-meses-tem-70-do-corpo-queimado-durante-incendio-em-aracatuba","status":"publish","type":"post","link":"https:\/\/jorgezanoni.com.br\/2019\/bebe-de-7-meses-tem-70-do-corpo-queimado-durante-incendio-em-aracatuba\/","title":{"rendered":"Beb\u00ea de 7 meses tem 70% do corpo queimado durante inc\u00eandio em Ara\u00e7atuba"},"content":{"rendered":"<h2 class=\"content-head__subtitle\" style=\"text-align: justify;\"><strong>Irm\u00e3o de 3 anos tamb\u00e9m ficou ferido. Crian\u00e7a foi levada \u00e0 Santa Casa, onde permanece internada e aguarda uma vaga para um hospital especializado em queimados.<\/strong><\/h2>\n<div class=\"mc-column content-text active-extra-styles \" data-block-type=\"unstyled\" data-block-weight=\"34\" data-block-id=\"2\">\n<p class=\"content-text__container \" style=\"text-align: justify;\" data-track-category=\"Link no Texto\" data-track-links=\"\">Uma beb\u00ea de 7 meses sofreu queimaduras de segundo grau em 70% do corpo durante um inc\u00eandio em uma casa, no bairro Jardim do Trevo, em Ara\u00e7atuba (SP), na tarde desta ter\u00e7a-feira (17).<\/p>\n<\/div>\n<div class=\"wall protected-content\">\n<div class=\"mc-column content-text active-extra-styles \" style=\"text-align: justify;\" data-block-type=\"unstyled\" data-block-weight=\"29\" data-block-id=\"3\">\n<p class=\"content-text__container \" data-track-category=\"Link no Texto\" data-track-links=\"\">De acordo com o Corpo de Bombeiros, o irm\u00e3o de 3 anos tamb\u00e9m ficou ferido. No entanto, com menos gravidade. Ele foi encaminhado ao pronto-socorro, medicado e liberado.<\/p>\n<\/div>\n<div class=\"row medium-uncollapsed content-media content-photo\" style=\"text-align: justify;\" data-block-type=\"backstage-photo\" data-block-id=\"4\">\n<div class=\"mc-column content-media__container\">\n<figure><img decoding=\"async\" class=\"i-amphtml-fill-content i-amphtml-replaced-content\" src=\"https:\/\/s2.glbimg.com\/zlalfuDlLTrUUdMJhGcySznEVq4=\/0x0:1032x581\/984x0\/smart\/filters:strip_icc()\/i.s3.glbimg.com\/v1\/AUTH_59edd422c0c84a879bd37670ae4f538a\/internal_photos\/bs\/2020\/C\/S\/lYWA7QQX6qwKLbVQ5mHA\/whatsapp-image-2020-11-17-at-17.13.50-1-.jpeg\" sizes=\"(max-width: 1366px) 648px, 100vw\" srcset=\"https:\/\/s2.glbimg.com\/WZDXHnXdl3fRp5hZSlmDV5ZaQqQ=\/0x0:1032x581\/1000x0\/smart\/filters:strip_icc()\/i.s3.glbimg.com\/v1\/AUTH_59edd422c0c84a879bd37670ae4f538a\/internal_photos\/bs\/2020\/C\/S\/lYWA7QQX6qwKLbVQ5mHA\/whatsapp-image-2020-11-17-at-17.13.50-1-.jpeg 1000w, https:\/\/s2.glbimg.com\/zlalfuDlLTrUUdMJhGcySznEVq4=\/0x0:1032x581\/984x0\/smart\/filters:strip_icc()\/i.s3.glbimg.com\/v1\/AUTH_59edd422c0c84a879bd37670ae4f538a\/internal_photos\/bs\/2020\/C\/S\/lYWA7QQX6qwKLbVQ5mHA\/whatsapp-image-2020-11-17-at-17.13.50-1-.jpeg 984w, https:\/\/s2.glbimg.com\/0TWqZ3XI1tS0jWXcdQH45gCjSNA=\/0x0:1032x581\/640x0\/smart\/filters:strip_icc()\/i.s3.glbimg.com\/v1\/AUTH_59edd422c0c84a879bd37670ae4f538a\/internal_photos\/bs\/2020\/C\/S\/lYWA7QQX6qwKLbVQ5mHA\/whatsapp-image-2020-11-17-at-17.13.50-1-.jpeg 640w, https:\/\/s2.glbimg.com\/YcXLq4LFoDQFZ6dBSdev7AmNXLo=\/0x0:1032x581\/600x0\/smart\/filters:strip_icc()\/i.s3.glbimg.com\/v1\/AUTH_59edd422c0c84a879bd37670ae4f538a\/internal_photos\/bs\/2020\/C\/S\/lYWA7QQX6qwKLbVQ5mHA\/whatsapp-image-2020-11-17-at-17.13.50-1-.jpeg 600w\" alt=\"C\u00f4modos da casa pegaram fogo e ficaram danificados em Ara\u00e7atuba \u2014 Foto: Divulga\u00e7\u00e3o\/RegionalPress\" \/><\/figure>\n<p class=\"content-media__description \">C\u00f4modos da casa pegaram fogo e ficaram danificados em Ara\u00e7atuba \u2014 Foto: Divulga\u00e7\u00e3o\/RegionalPress<\/p>\n<\/div>\n<\/div>\n<div class=\"mc-column content-text active-extra-styles \" style=\"text-align: justify;\" data-block-type=\"unstyled\" data-block-weight=\"32\" data-block-id=\"5\">\n<p class=\"content-text__container \" data-track-category=\"Link no Texto\" data-track-links=\"\">O fogo teria come\u00e7ado pr\u00f3ximo de um sof\u00e1 e se alastrou rapidamente pelo im\u00f3vel, que ficou completamente destru\u00eddo. A Defesa Civil decidiu interditar a casa por conta do risco de desabamento.<\/p>\n<\/div>\n<div class=\"mc-column content-text active-extra-styles \" style=\"text-align: justify;\" data-block-type=\"unstyled\" data-block-weight=\"24\" data-block-id=\"6\">\n<p class=\"content-text__container \" data-track-category=\"Link no Texto\" data-track-links=\"\">Equipes dos bombeiros foram acionadas e fizeram o trabalho de rescaldo. A beb\u00ea de 7 meses foi socorrida e encaminhada \u00e0 Santa Casa.<\/p>\n<\/div>\n<div class=\"content-ads content-ads--reveal\" style=\"text-align: justify;\" data-block-type=\"ads\" data-block-id=\"7\">\n<div id=\"banner_materia2\" class=\"tag-manager-publicidade-container mc-has-reveal mc-has-ad-lazyload\" data-id=\"banner_materia2\"><\/div>\n<\/div>\n<div class=\"row medium-uncollapsed content-media content-photo\" style=\"text-align: justify;\" data-block-type=\"backstage-photo\" data-block-id=\"8\">\n<div class=\"mc-column content-media__container\">\n<figure><img decoding=\"async\" class=\"i-amphtml-fill-content i-amphtml-replaced-content\" src=\"https:\/\/s2.glbimg.com\/3QUJAZ-nRzvAfA4Jn-M5uXHjDzg=\/0x0:1032x581\/984x0\/smart\/filters:strip_icc()\/i.s3.glbimg.com\/v1\/AUTH_59edd422c0c84a879bd37670ae4f538a\/internal_photos\/bs\/2020\/D\/b\/LYaaCUSfSVzFoSWbdGEw\/whatsapp-image-2020-11-17-at-17.13.49.jpeg\" sizes=\"(max-width: 1366px) 648px, 100vw\" srcset=\"https:\/\/s2.glbimg.com\/hTwx99M4g-fowf-9P_1E-wSy458=\/0x0:1032x581\/1000x0\/smart\/filters:strip_icc()\/i.s3.glbimg.com\/v1\/AUTH_59edd422c0c84a879bd37670ae4f538a\/internal_photos\/bs\/2020\/D\/b\/LYaaCUSfSVzFoSWbdGEw\/whatsapp-image-2020-11-17-at-17.13.49.jpeg 1000w, https:\/\/s2.glbimg.com\/3QUJAZ-nRzvAfA4Jn-M5uXHjDzg=\/0x0:1032x581\/984x0\/smart\/filters:strip_icc()\/i.s3.glbimg.com\/v1\/AUTH_59edd422c0c84a879bd37670ae4f538a\/internal_photos\/bs\/2020\/D\/b\/LYaaCUSfSVzFoSWbdGEw\/whatsapp-image-2020-11-17-at-17.13.49.jpeg 984w, https:\/\/s2.glbimg.com\/bxoncnleKsyle_A5CCYkuY9X7jI=\/0x0:1032x581\/640x0\/smart\/filters:strip_icc()\/i.s3.glbimg.com\/v1\/AUTH_59edd422c0c84a879bd37670ae4f538a\/internal_photos\/bs\/2020\/D\/b\/LYaaCUSfSVzFoSWbdGEw\/whatsapp-image-2020-11-17-at-17.13.49.jpeg 640w, https:\/\/s2.glbimg.com\/9wFEKEQYtGTunP5nu1yqFuqWNpw=\/0x0:1032x581\/600x0\/smart\/filters:strip_icc()\/i.s3.glbimg.com\/v1\/AUTH_59edd422c0c84a879bd37670ae4f538a\/internal_photos\/bs\/2020\/D\/b\/LYaaCUSfSVzFoSWbdGEw\/whatsapp-image-2020-11-17-at-17.13.49.jpeg 600w\" alt=\"Chamas teriam come\u00e7ado perto de um sof\u00e1 em Ara\u00e7atuba \u2014 Foto: Divulga\u00e7\u00e3o\/RegionalPress\" \/><\/figure>\n<p class=\"content-media__description \">Chamas teriam come\u00e7ado perto de um sof\u00e1 em Ara\u00e7atuba \u2014 Foto: Divulga\u00e7\u00e3o\/RegionalPress<\/p>\n<\/div>\n<\/div>\n<div class=\"mc-column content-text active-extra-styles \" style=\"text-align: justify;\" data-block-type=\"unstyled\" data-block-weight=\"24\" data-block-id=\"9\">\n<p class=\"content-text__container \" data-track-category=\"Link no Texto\" data-track-links=\"\">Em seguida, a v\u00edtima foi transferida para um hospital especializado em queimados de Catanduva (SP), munic\u00edpio a mais de 200 quil\u00f4metros de Ara\u00e7atuba.<\/p>\n<\/div>\n<div class=\"row medium-uncollapsed content-media content-photo\" data-block-type=\"backstage-photo\" data-block-id=\"10\">\n<div class=\"mc-column content-media__container\">\n<figure style=\"text-align: justify;\"><img decoding=\"async\" class=\"i-amphtml-fill-content i-amphtml-replaced-content\" src=\"https:\/\/s2.glbimg.com\/lFrLHCnUPYDsicM54vPVqXnfshQ=\/0x0:1032x581\/984x0\/smart\/filters:strip_icc()\/i.s3.glbimg.com\/v1\/AUTH_59edd422c0c84a879bd37670ae4f538a\/internal_photos\/bs\/2020\/O\/p\/krRtemRjGsiHU003AB5A\/whatsapp-image-2020-11-17-at-17.13.49-2-.jpeg\" sizes=\"(max-width: 1366px) 648px, 100vw\" srcset=\"https:\/\/s2.glbimg.com\/6mvEPhyxv8oKZePMh87xctd--zk=\/0x0:1032x581\/1000x0\/smart\/filters:strip_icc()\/i.s3.glbimg.com\/v1\/AUTH_59edd422c0c84a879bd37670ae4f538a\/internal_photos\/bs\/2020\/O\/p\/krRtemRjGsiHU003AB5A\/whatsapp-image-2020-11-17-at-17.13.49-2-.jpeg 1000w, https:\/\/s2.glbimg.com\/lFrLHCnUPYDsicM54vPVqXnfshQ=\/0x0:1032x581\/984x0\/smart\/filters:strip_icc()\/i.s3.glbimg.com\/v1\/AUTH_59edd422c0c84a879bd37670ae4f538a\/internal_photos\/bs\/2020\/O\/p\/krRtemRjGsiHU003AB5A\/whatsapp-image-2020-11-17-at-17.13.49-2-.jpeg 984w, https:\/\/s2.glbimg.com\/Fb5nu6_bny8juViKk1IjTYl069I=\/0x0:1032x581\/640x0\/smart\/filters:strip_icc()\/i.s3.glbimg.com\/v1\/AUTH_59edd422c0c84a879bd37670ae4f538a\/internal_photos\/bs\/2020\/O\/p\/krRtemRjGsiHU003AB5A\/whatsapp-image-2020-11-17-at-17.13.49-2-.jpeg 640w, https:\/\/s2.glbimg.com\/ccFt1k_Pxn43AX1RTAVN0NC481M=\/0x0:1032x581\/600x0\/smart\/filters:strip_icc()\/i.s3.glbimg.com\/v1\/AUTH_59edd422c0c84a879bd37670ae4f538a\/internal_photos\/bs\/2020\/O\/p\/krRtemRjGsiHU003AB5A\/whatsapp-image-2020-11-17-at-17.13.49-2-.jpeg 600w\" alt=\"Forro da casa tamb\u00e9m ficou destru\u00eddo ap\u00f3s inc\u00eandio em Ara\u00e7atuba \u2014 Foto: Divulga\u00e7\u00e3o\/RegionalPress\" \/><\/figure>\n<p class=\"content-media__description \" style=\"text-align: justify;\">Forro da casa tamb\u00e9m ficou destru\u00eddo ap\u00f3s inc\u00eandio em Ara\u00e7atuba \u2014 Foto: Divulga\u00e7\u00e3o\/RegionalPress<\/p>\n<p style=\"text-align: justify;\">Fonte: G1<\/p>\n<\/div>\n<\/div>\n<\/div>\n","protected":false},"excerpt":{"rendered":"<p>Irm\u00e3o de 3 anos tamb\u00e9m ficou ferido. Crian\u00e7a foi levada \u00e0 Santa Casa, onde permanece internada e aguarda uma vaga para um hospital especializado em queimados. Uma beb\u00ea de 7 meses sofreu queimaduras de segundo grau em 70% do corpo durante um inc\u00eandio em uma casa, no bairro Jardim do Trevo, em Ara\u00e7atuba (SP), na [&hellip;]<\/p>\n","protected":false},"author":1,"featured_media":38797,"comment_status":"closed","ping_status":"open","sticky":false,"template":"","format":"standard","meta":{"footnotes":""},"categories":[110,2],"tags":[],"class_list":["post-38796","post","type-post","status-publish","format-standard","has-post-thumbnail","hentry","category-noticiasdestaque","category-policial"],"_links":{"self":[{"href":"https:\/\/jorgezanoni.com.br\/2019\/wp-json\/wp\/v2\/posts\/38796","targetHints":{"allow":["GET"]}}],"collection":[{"href":"https:\/\/jorgezanoni.com.br\/2019\/wp-json\/wp\/v2\/posts"}],"about":[{"href":"https:\/\/jorgezanoni.com.br\/2019\/wp-json\/wp\/v2\/types\/post"}],"author":[{"embeddable":true,"href":"https:\/\/jorgezanoni.com.br\/2019\/wp-json\/wp\/v2\/users\/1"}],"replies":[{"embeddable":true,"href":"https:\/\/jorgezanoni.com.br\/2019\/wp-json\/wp\/v2\/comments?post=38796"}],"version-history":[{"count":0,"href":"https:\/\/jorgezanoni.com.br\/2019\/wp-json\/wp\/v2\/posts\/38796\/revisions"}],"wp:featuredmedia":[{"embeddable":true,"href":"https:\/\/jorgezanoni.com.br\/2019\/wp-json\/wp\/v2\/media\/38797"}],"wp:attachment":[{"href":"https:\/\/jorgezanoni.com.br\/2019\/wp-json\/wp\/v2\/media?parent=38796"}],"wp:term":[{"taxonomy":"category","embeddable":true,"href":"https:\/\/jorgezanoni.com.br\/2019\/wp-json\/wp\/v2\/categories?post=38796"},{"taxonomy":"post_tag","embeddable":true,"href":"https:\/\/jorgezanoni.com.br\/2019\/wp-json\/wp\/v2\/tags?post=38796"}],"curies":[{"name":"wp","href":"https:\/\/api.w.org\/{rel}","templated":true}]}}