{"id":38778,"date":"2020-11-17T16:40:29","date_gmt":"2020-11-17T16:40:29","guid":{"rendered":"https:\/\/jorgezanoni.com.br\/2019\/?p=38778"},"modified":"2020-11-17T16:40:29","modified_gmt":"2020-11-17T16:40:29","slug":"ecap-da-unifadra-reune-centenas-de-academicos-e-profissionais","status":"publish","type":"post","link":"https:\/\/jorgezanoni.com.br\/2019\/ecap-da-unifadra-reune-centenas-de-academicos-e-profissionais\/","title":{"rendered":"ECAP da Unifadra re\u00fane centenas de acad\u00eamicos e profissionais\u00a0"},"content":{"rendered":"<p dir=\"ltr\" style=\"text-align: justify;\">A primeira noite da 11\u00aa edi\u00e7\u00e3o do ECAP (Encontro Cient\u00edfico da Alta Paulista), realizada pela Unifadra\/Faculdades de Dracena, reuniu de forma on-line um p\u00fablico de mais de 750 acad\u00eamicos e profissionais para palestras de sete assuntos diferentes.<\/p>\n<p dir=\"ltr\" style=\"text-align: justify;\">Em Medicina, o convidado foi o m\u00e9dico Prof. Dr. Orlando de Castro e Silva J\u00fanior, que falou sobre a &#8220;Hist\u00f3ria do transplante de f\u00edgado e o seu impacto acad\u00eamico e institucional&#8221;.<br \/>\nEm Psicologia, a convidada Profa. Dra. Marilda Gon\u00e7alves Dias Facci falou sobre a &#8220;Atua\u00e7\u00e3o da Psicologia na educa\u00e7\u00e3o e a emancipa\u00e7\u00e3o humana&#8221;.<br \/>\nCom o tema &#8220;A gest\u00e3o escolar em tempos de pandemia: entre caminhos e possibilidades&#8221;, a convidada Profa. Ma. Vanessa Maria Red\u00edgolo conduziu as salas de Pedagogia.<br \/>\nEm Enfermagem, a convidada Esp. D\u00e9bora Nunes Sousa falou sobre Laserterapia.<br \/>\nEm Educa\u00e7\u00e3o F\u00edsica, foram dois convidados. A Dra. B\u00e1rbara de Moura Antunes falou sobre &#8220;A complexidade por tr\u00e1s da obesidade&#8221; e o livre docente Alcides Jos\u00e9 Scaglia falou sobre &#8220;A pedagogia do jogo enquanto uma abordagem de ensino do esporte&#8221;.<br \/>\nConduzindo a palestra de An\u00e1lise e Desenvolvimento de Sistemas, o profissional Jo\u00e3o C\u00e9sar Pereira abordou o tema &#8220;Metodologias \u00e1geis no processo de desenvolvimento de software e a situa\u00e7\u00e3o real das empresas&#8221;.<\/p>\n<p dir=\"ltr\" style=\"text-align: justify;\">Nos dias 12 e 13, o ECAP contar\u00e1 com a apresenta\u00e7\u00e3o de trabalhos cient\u00edficos. Basta acessar o gradeamento na p\u00e1gina do evento e conferir todos os trabalhos que ser\u00e3o apresentados, com suas respectivas datas e hor\u00e1rios. Os links do Meet de cada sala tamb\u00e9m est\u00e3o no gradeamento. Basta copiar e colar na barra do navegador.<\/p>\n<p dir=\"ltr\" style=\"text-align: justify;\">O diretor acad\u00eamico da Unifadra Prof. Dr. Enio Garbelini destacou que as palestras foram um sucesso e que o evento \u00e9 muito importante, principalmente, para a constru\u00e7\u00e3o do conhecimento acad\u00eamico dos estudantes da Unifadra e da regi\u00e3o.<\/p>\n<p dir=\"ltr\" style=\"text-align: justify;\">O evento \u00e9 desenvolvido por uma comiss\u00e3o organizadora, pelos departamentos de Ensino, Pesquisa e Extens\u00e3o e cursos de gradua\u00e7\u00e3o da Unifadra.<br \/>\nMais informa\u00e7\u00f5es sobre o evento est\u00e3o dispon\u00edveis no site <a href=\"https:\/\/fundec.edu.br\/unifadra\/ecap\" target=\"_blank\" rel=\"noopener noreferrer\">https:\/\/fundec.edu.br\/unifadra\/ecap<\/a><\/p>\n<p style=\"text-align: justify;\">Carolina Colnago<\/p>\n<div class=\"gmail_signature\" dir=\"ltr\">\n<div dir=\"ltr\" style=\"text-align: justify;\">Assistente de Comunica\u00e7\u00e3o<br \/>\nFunda\u00e7\u00e3o Dracenense de Educa\u00e7\u00e3o e Cultura<\/div>\n<\/div>\n","protected":false},"excerpt":{"rendered":"<p>A primeira noite da 11\u00aa edi\u00e7\u00e3o do ECAP (Encontro Cient\u00edfico da Alta Paulista), realizada pela Unifadra\/Faculdades de Dracena, reuniu de forma on-line um p\u00fablico de mais de 750 acad\u00eamicos e profissionais para palestras de sete assuntos diferentes. Em Medicina, o convidado foi o m\u00e9dico Prof. Dr. Orlando de Castro e Silva J\u00fanior, que falou sobre [&hellip;]<\/p>\n","protected":false},"author":1,"featured_media":38779,"comment_status":"closed","ping_status":"open","sticky":false,"template":"","format":"standard","meta":{"footnotes":""},"categories":[122],"tags":[],"class_list":["post-38778","post","type-post","status-publish","format-standard","has-post-thumbnail","hentry","category-saudeeducacaoeconcurso"],"_links":{"self":[{"href":"https:\/\/jorgezanoni.com.br\/2019\/wp-json\/wp\/v2\/posts\/38778","targetHints":{"allow":["GET"]}}],"collection":[{"href":"https:\/\/jorgezanoni.com.br\/2019\/wp-json\/wp\/v2\/posts"}],"about":[{"href":"https:\/\/jorgezanoni.com.br\/2019\/wp-json\/wp\/v2\/types\/post"}],"author":[{"embeddable":true,"href":"https:\/\/jorgezanoni.com.br\/2019\/wp-json\/wp\/v2\/users\/1"}],"replies":[{"embeddable":true,"href":"https:\/\/jorgezanoni.com.br\/2019\/wp-json\/wp\/v2\/comments?post=38778"}],"version-history":[{"count":0,"href":"https:\/\/jorgezanoni.com.br\/2019\/wp-json\/wp\/v2\/posts\/38778\/revisions"}],"wp:featuredmedia":[{"embeddable":true,"href":"https:\/\/jorgezanoni.com.br\/2019\/wp-json\/wp\/v2\/media\/38779"}],"wp:attachment":[{"href":"https:\/\/jorgezanoni.com.br\/2019\/wp-json\/wp\/v2\/media?parent=38778"}],"wp:term":[{"taxonomy":"category","embeddable":true,"href":"https:\/\/jorgezanoni.com.br\/2019\/wp-json\/wp\/v2\/categories?post=38778"},{"taxonomy":"post_tag","embeddable":true,"href":"https:\/\/jorgezanoni.com.br\/2019\/wp-json\/wp\/v2\/tags?post=38778"}],"curies":[{"name":"wp","href":"https:\/\/api.w.org\/{rel}","templated":true}]}}