{"id":38775,"date":"2020-11-17T16:30:29","date_gmt":"2020-11-17T16:30:29","guid":{"rendered":"https:\/\/jorgezanoni.com.br\/2019\/?p=38775"},"modified":"2020-11-17T16:30:29","modified_gmt":"2020-11-17T16:30:29","slug":"medicina-de-dracena-intensifica-atividades-na-policlinica","status":"publish","type":"post","link":"https:\/\/jorgezanoni.com.br\/2019\/medicina-de-dracena-intensifica-atividades-na-policlinica\/","title":{"rendered":"Medicina de Dracena intensifica atividades na Policl\u00ednica"},"content":{"rendered":"<div>\n<p dir=\"ltr\" style=\"text-align: justify;\">Ap\u00f3s um per\u00edodo sem poder realizar aulas pr\u00e1ticas em raz\u00e3o da pandemia, os alunos do curso de Medicina da Unifadra voltaram \u00e0s atividades na Policl\u00ednica &#8220;N\u00e9ia Vitti Rejani&#8221;, no bairro S\u00e3o Crist\u00f3v\u00e3o, no in\u00edcio do m\u00eas de setembro.<\/p>\n<p dir=\"ltr\" style=\"text-align: justify;\">A coordenadora de habilidades ambulatoriais da Unifadra na Policl\u00ednica, Profa. Esp. L\u00edgia Maria Antunes de Oliveira e Sousa Sinatura, explicou que os preceptores\/professores m\u00e9dicos da institui\u00e7\u00e3o conclu\u00edram as etapas te\u00f3ricas das aulas para os alunos e agora passam a intensificar os trabalhos nessa unidade de sa\u00fade, o que dar\u00e1 a possibilidade de concluir as pend\u00eancias pr\u00e1ticas, pausadas pela pandemia, ainda este ano. &#8220;Todos esses m\u00e9dicos da Unifadra est\u00e3o agora agregando mais nos atendimentos do espa\u00e7o da Policl\u00ednica. Eles est\u00e3o indo a campo e fazendo consultas a pacientes com o acompanhamento de seus alunos, o que vai acrescentar ainda mais \u00e0 \u00e1rea da Sa\u00fade da nossa cidade&#8221;, comentou a Profa. L\u00edgia.<\/p>\n<p dir=\"ltr\" style=\"text-align: justify;\">O pr\u00e9dio foi constru\u00eddo para sediar uma UPA (unidade de pronto atendimento) e, a partir da parceria entre a Unifadra\/Fundec e a Prefeitura, com o apoio da C\u00e2mara Municipal, h\u00e1 mais de um ano abriga a Policl\u00ednica com atendimentos multiprofissionais, sendo utilizado tamb\u00e9m como ambulat\u00f3rio acad\u00eamico da Unifadra.<br \/>\nNo local, os m\u00e9dicos e preceptores da Unifadra atuam nas \u00e1reas da Dermatologia, com a Esp. Ma\u00edra Antunes Sinatura; Alergologia, com a Esp. Vanessa Teixeira Paulino Sasso; Endocrinologia, com a Esp. Ana Elisa Rebeschini De Marchi; Pequenas Cirurgias, com a Ma. Carla Sola Deponte; Psiquiatria, com a Esp. Luisa Helena Souza Maltempi; Diabetes, com Bruna Jardim Pereira Lima.<br \/>\nA coordenadora de habilidades ambulatoriais destacou ainda que, na Unidade B\u00e1sica de Sa\u00fade &#8220;Dr. Pedro Bocca Neto&#8221;, no bairro Campo Belo, as docentes da Unifadra Esp. Paula Erika Osaki da Fonseca (m\u00e9dica), Esp. Natalia Hosoume (m\u00e9dica) e Ma. Eunice Maria Zangari Nelli (enfermeira) est\u00e3o fazendo intensifica\u00e7\u00e3o de coleta de papanicolau.<\/p>\n<p dir=\"ltr\" style=\"text-align: justify;\">A coordenadora do curso de Medicina da Unifadra Profa. Dra. Marilda Morgado de Abreu explicou que os alunos da Unifadra acompanham as consultas m\u00e9dicas, desenvolvendo a atividade cl\u00ednica supervisionada, mantendo o foco na coleta de dados (anamnese), no desenvolvimento de habilidades para a realiza\u00e7\u00e3o do exame f\u00edsico e nos cuidados com o registro. &#8220;Eles tamb\u00e9m participam da discuss\u00e3o de casos cl\u00ednicos, das atividades de estudo e do desenvolvimento de projetos. Essas atividades t\u00eam por objetivo possibilitar ao estudante de Medicina conduzir de forma adequada uma consulta m\u00e9dica&#8221;.<\/p>\n<p dir=\"ltr\" style=\"text-align: justify;\">O diretor acad\u00eamico da Unifadra Prof. Dr. Enio Garbelini destacou que essas atividades trazem benef\u00edcios m\u00fatuos, tanto para os alunos como para a comunidade atendida, que recebe um atendimento m\u00e9dico com ainda mais qualidade.<\/p>\n<p style=\"text-align: justify;\">Foto: Alunos de Medicina da Unifadra na Policl\u00ednica de Dracena.<\/p>\n<\/div>\n<div class=\"gmail_signature\" dir=\"ltr\">\n<div dir=\"ltr\" style=\"text-align: justify;\"><b>Carolina Colnago<br \/>\nAssistente de Comunica\u00e7\u00e3o\u00a0<\/b><br \/>\n<b>Funda\u00e7\u00e3o Dracenense de Educa\u00e7\u00e3o e Cultura<\/b><\/div>\n<\/div>\n","protected":false},"excerpt":{"rendered":"<p>Ap\u00f3s um per\u00edodo sem poder realizar aulas pr\u00e1ticas em raz\u00e3o da pandemia, os alunos do curso de Medicina da Unifadra voltaram \u00e0s atividades na Policl\u00ednica &#8220;N\u00e9ia Vitti Rejani&#8221;, no bairro S\u00e3o Crist\u00f3v\u00e3o, no in\u00edcio do m\u00eas de setembro. A coordenadora de habilidades ambulatoriais da Unifadra na Policl\u00ednica, Profa. Esp. L\u00edgia Maria Antunes de Oliveira e [&hellip;]<\/p>\n","protected":false},"author":1,"featured_media":38776,"comment_status":"closed","ping_status":"open","sticky":false,"template":"","format":"standard","meta":{"footnotes":""},"categories":[122],"tags":[],"class_list":["post-38775","post","type-post","status-publish","format-standard","has-post-thumbnail","hentry","category-saudeeducacaoeconcurso"],"_links":{"self":[{"href":"https:\/\/jorgezanoni.com.br\/2019\/wp-json\/wp\/v2\/posts\/38775","targetHints":{"allow":["GET"]}}],"collection":[{"href":"https:\/\/jorgezanoni.com.br\/2019\/wp-json\/wp\/v2\/posts"}],"about":[{"href":"https:\/\/jorgezanoni.com.br\/2019\/wp-json\/wp\/v2\/types\/post"}],"author":[{"embeddable":true,"href":"https:\/\/jorgezanoni.com.br\/2019\/wp-json\/wp\/v2\/users\/1"}],"replies":[{"embeddable":true,"href":"https:\/\/jorgezanoni.com.br\/2019\/wp-json\/wp\/v2\/comments?post=38775"}],"version-history":[{"count":0,"href":"https:\/\/jorgezanoni.com.br\/2019\/wp-json\/wp\/v2\/posts\/38775\/revisions"}],"wp:featuredmedia":[{"embeddable":true,"href":"https:\/\/jorgezanoni.com.br\/2019\/wp-json\/wp\/v2\/media\/38776"}],"wp:attachment":[{"href":"https:\/\/jorgezanoni.com.br\/2019\/wp-json\/wp\/v2\/media?parent=38775"}],"wp:term":[{"taxonomy":"category","embeddable":true,"href":"https:\/\/jorgezanoni.com.br\/2019\/wp-json\/wp\/v2\/categories?post=38775"},{"taxonomy":"post_tag","embeddable":true,"href":"https:\/\/jorgezanoni.com.br\/2019\/wp-json\/wp\/v2\/tags?post=38775"}],"curies":[{"name":"wp","href":"https:\/\/api.w.org\/{rel}","templated":true}]}}