{"id":38747,"date":"2020-11-17T00:27:13","date_gmt":"2020-11-17T00:27:13","guid":{"rendered":"https:\/\/jorgezanoni.com.br\/2019\/?p=38747"},"modified":"2020-11-17T00:27:13","modified_gmt":"2020-11-17T00:27:13","slug":"advogado-de-junqueiropolis-e-nomeado-promotor-de-justica-do-estado","status":"publish","type":"post","link":"https:\/\/jorgezanoni.com.br\/2019\/advogado-de-junqueiropolis-e-nomeado-promotor-de-justica-do-estado\/","title":{"rendered":"Advogado de Junqueir\u00f3polis \u00e9 nomeado Promotor de Justi\u00e7a do Estado"},"content":{"rendered":"<p style=\"text-align: justify;\">Aprova\u00e7\u00e3o<\/p>\n<p style=\"text-align: justify;\"><strong>Advogado de Junqueir\u00f3polis \u00e9 nomeado Promotor de Justi\u00e7a do Estado<\/strong><\/p>\n<p style=\"text-align: justify;\">A \u00faltima sexta-feira come\u00e7ou com mais motivos para comemorar para dois jovens da regi\u00e3o. Andr\u00e9 de Freitas Luengo e Guilherme Batalini acabam de ser nomeados Promotores de Justi\u00e7a do Estado de S\u00e3o Paulo.<\/p>\n<p style=\"text-align: justify;\">Ambos\u00a0se formaram em Direito pela Toledo Prudente em 2013, inclusive, estudaram na mesma sala de aula. Eles foram nomeados para a circunscri\u00e7\u00e3o de Presidente Venceslau (SP). A posse dos novos promotores est\u00e1 marcada para\u00a0o\u00a0dia\u00a07 de janeiro de 2021, na capital paulista.<\/p>\n<p style=\"text-align: justify;\">A promotoria \u00e9 o sonho de muitos jovens ingressantes do curso de gradua\u00e7\u00e3o e, ser aprovado em um dos concursos mais disputados do pa\u00eds, recompensa todos os esfor\u00e7os dos anos anteriores.<\/p>\n<p style=\"text-align: justify;\">Andr\u00e9 de Freitas Luengo, que atualmente reside em Junqueir\u00f3polis, conta que est\u00e1 realizando um sonho e\u00a0o\u00a0fechamento de um ciclo de muito estudo e dedica\u00e7\u00e3o. \u201cValeu a pena cada segundo e batalha travada todos os dias. Meus colegas e eu, chegamos aos nossos destinos\u201d. Luengo tamb\u00e9m j\u00e1 havia sido aprovado no concurso para Delegado de Pol\u00edcia no Rio Grande do Sul.<\/p>\n<p style=\"text-align: justify;\">De Teodoro Sampaio (SP), vem a segunda nomea\u00e7\u00e3o para a Promotoria de Justi\u00e7a. O delegado Guilherme Rodrigues Batalini diz que a sensa\u00e7\u00e3o de ver a nomea\u00e7\u00e3o \u00e9 de dever cumprido. \u201cDurante 11 anos, desde o in\u00edcio da faculdade at\u00e9 hoje, eu dediquei a minha vida a essa aprova\u00e7\u00e3o. Hoje, nomeado, sinto que realizei meu sonho! A sensa\u00e7\u00e3o \u00e9 de que se dedicar e trabalhar duro valem a pena\u201d, afirma. Al\u00e9m de delegado, Batalini j\u00e1 havia sido aprovado para Procurador Municipal.<\/p>\n<p style=\"text-align: justify;\">Professor do curso de Direito da Toledo Prudente e Promotor de Justi\u00e7a, Dr. M\u00e1rio Coimbra, conta que os dois novos promotores sempre foram brilhantes alunos e que durante a vida acad\u00eamica os professores sempre profetizaram que eles passariam em qualquer concurso que desejassem, face a sua responsabilidade e disciplina diante dos estudos. \u201cO Minist\u00e9rio P\u00fablico ganhou dois grandes profissionais. Eles s\u00e3o o orgulho da Toledo Prudente e da sociedade\u201d, contou.<\/p>\n<p style=\"text-align: justify;\">\u201c\u00c9 comum que os alunos, durante a gradua\u00e7\u00e3o, se inspirem nos professores. Foi assim comigo. A vantagem do curso de Direito da Toledo Prudente \u00e9 que possui professores que atuam com excel\u00eancia em diversas carreiras jur\u00eddicas\u201d, finalizou Coimbra.<\/p>\n<p><img loading=\"lazy\" decoding=\"async\" class=\"alignnone size-full wp-image-38748\" src=\"https:\/\/jorgezanoni.com.br\/2019\/wp-content\/uploads\/2020\/11\/Luengo.jpg\" alt=\"\" width=\"700\" height=\"509\" srcset=\"https:\/\/jorgezanoni.com.br\/2019\/wp-content\/uploads\/2020\/11\/Luengo.jpg 700w, https:\/\/jorgezanoni.com.br\/2019\/wp-content\/uploads\/2020\/11\/Luengo-300x218.jpg 300w, https:\/\/jorgezanoni.com.br\/2019\/wp-content\/uploads\/2020\/11\/Luengo-324x235.jpg 324w, https:\/\/jorgezanoni.com.br\/2019\/wp-content\/uploads\/2020\/11\/Luengo-696x506.jpg 696w, https:\/\/jorgezanoni.com.br\/2019\/wp-content\/uploads\/2020\/11\/Luengo-578x420.jpg 578w\" sizes=\"auto, (max-width: 700px) 100vw, 700px\" \/><\/p>\n<p style=\"text-align: justify;\">Fonte: Assessoria de Imprensa Toledo<\/p>\n<p>&nbsp;<\/p>\n","protected":false},"excerpt":{"rendered":"<p>Aprova\u00e7\u00e3o Advogado de Junqueir\u00f3polis \u00e9 nomeado Promotor de Justi\u00e7a do Estado A \u00faltima sexta-feira come\u00e7ou com mais motivos para comemorar para dois jovens da regi\u00e3o. Andr\u00e9 de Freitas Luengo e Guilherme Batalini acabam de ser nomeados Promotores de Justi\u00e7a do Estado de S\u00e3o Paulo. Ambos\u00a0se formaram em Direito pela Toledo Prudente em 2013, inclusive, estudaram [&hellip;]<\/p>\n","protected":false},"author":1,"featured_media":38749,"comment_status":"closed","ping_status":"open","sticky":false,"template":"","format":"standard","meta":{"footnotes":""},"categories":[120,110],"tags":[],"class_list":["post-38747","post","type-post","status-publish","format-standard","has-post-thumbnail","hentry","category-justicahabitacaotecnologia","category-noticiasdestaque"],"_links":{"self":[{"href":"https:\/\/jorgezanoni.com.br\/2019\/wp-json\/wp\/v2\/posts\/38747","targetHints":{"allow":["GET"]}}],"collection":[{"href":"https:\/\/jorgezanoni.com.br\/2019\/wp-json\/wp\/v2\/posts"}],"about":[{"href":"https:\/\/jorgezanoni.com.br\/2019\/wp-json\/wp\/v2\/types\/post"}],"author":[{"embeddable":true,"href":"https:\/\/jorgezanoni.com.br\/2019\/wp-json\/wp\/v2\/users\/1"}],"replies":[{"embeddable":true,"href":"https:\/\/jorgezanoni.com.br\/2019\/wp-json\/wp\/v2\/comments?post=38747"}],"version-history":[{"count":0,"href":"https:\/\/jorgezanoni.com.br\/2019\/wp-json\/wp\/v2\/posts\/38747\/revisions"}],"wp:featuredmedia":[{"embeddable":true,"href":"https:\/\/jorgezanoni.com.br\/2019\/wp-json\/wp\/v2\/media\/38749"}],"wp:attachment":[{"href":"https:\/\/jorgezanoni.com.br\/2019\/wp-json\/wp\/v2\/media?parent=38747"}],"wp:term":[{"taxonomy":"category","embeddable":true,"href":"https:\/\/jorgezanoni.com.br\/2019\/wp-json\/wp\/v2\/categories?post=38747"},{"taxonomy":"post_tag","embeddable":true,"href":"https:\/\/jorgezanoni.com.br\/2019\/wp-json\/wp\/v2\/tags?post=38747"}],"curies":[{"name":"wp","href":"https:\/\/api.w.org\/{rel}","templated":true}]}}