{"id":38740,"date":"2020-11-16T23:25:43","date_gmt":"2020-11-16T23:25:43","guid":{"rendered":"https:\/\/jorgezanoni.com.br\/2019\/?p=38740"},"modified":"2020-11-16T23:25:43","modified_gmt":"2020-11-16T23:25:43","slug":"estado-de-saude-do-deputado-reinaldo-alguz-piora-e-sera-levado-para-sao-paulo","status":"publish","type":"post","link":"https:\/\/jorgezanoni.com.br\/2019\/estado-de-saude-do-deputado-reinaldo-alguz-piora-e-sera-levado-para-sao-paulo\/","title":{"rendered":"Estado de sa\u00fade do Deputado Reinaldo Alguz piora e ser\u00e1 levado para S\u00e3o Paulo"},"content":{"rendered":"<p style=\"text-align: justify;\">O Deputado Estadual Reinaldo Alguz (PV), que est\u00e1 internado na UTI da Santa Casa de Dracena com COVID-19, teve seu estado de sa\u00fade agravado. Veja a nota da sua assessoria de imprensa.<\/p>\n<p><img loading=\"lazy\" decoding=\"async\" class=\"alignnone size-full wp-image-38741\" src=\"https:\/\/jorgezanoni.com.br\/2019\/wp-content\/uploads\/2020\/11\/DEputado.jpg\" alt=\"\" width=\"1080\" height=\"1080\" srcset=\"https:\/\/jorgezanoni.com.br\/2019\/wp-content\/uploads\/2020\/11\/DEputado.jpg 1080w, https:\/\/jorgezanoni.com.br\/2019\/wp-content\/uploads\/2020\/11\/DEputado-300x300.jpg 300w, https:\/\/jorgezanoni.com.br\/2019\/wp-content\/uploads\/2020\/11\/DEputado-1024x1024.jpg 1024w, https:\/\/jorgezanoni.com.br\/2019\/wp-content\/uploads\/2020\/11\/DEputado-150x150.jpg 150w, https:\/\/jorgezanoni.com.br\/2019\/wp-content\/uploads\/2020\/11\/DEputado-768x768.jpg 768w, https:\/\/jorgezanoni.com.br\/2019\/wp-content\/uploads\/2020\/11\/DEputado-696x696.jpg 696w, https:\/\/jorgezanoni.com.br\/2019\/wp-content\/uploads\/2020\/11\/DEputado-1068x1068.jpg 1068w, https:\/\/jorgezanoni.com.br\/2019\/wp-content\/uploads\/2020\/11\/DEputado-420x420.jpg 420w\" sizes=\"auto, (max-width: 1080px) 100vw, 1080px\" \/><\/p>\n<p>Fonte: https:\/\/www.facebook.com\/reinaldo.alguz<\/p>\n","protected":false},"excerpt":{"rendered":"<p>O Deputado Estadual Reinaldo Alguz (PV), que est\u00e1 internado na UTI da Santa Casa de Dracena com COVID-19, teve seu estado de sa\u00fade agravado. Veja a nota da sua assessoria de imprensa. Fonte: https:\/\/www.facebook.com\/reinaldo.alguz<\/p>\n","protected":false},"author":1,"featured_media":38742,"comment_status":"closed","ping_status":"open","sticky":false,"template":"","format":"standard","meta":{"footnotes":""},"categories":[110,116,122],"tags":[],"class_list":["post-38740","post","type-post","status-publish","format-standard","has-post-thumbnail","hentry","category-noticiasdestaque","category-politicaeeconomia","category-saudeeducacaoeconcurso"],"_links":{"self":[{"href":"https:\/\/jorgezanoni.com.br\/2019\/wp-json\/wp\/v2\/posts\/38740","targetHints":{"allow":["GET"]}}],"collection":[{"href":"https:\/\/jorgezanoni.com.br\/2019\/wp-json\/wp\/v2\/posts"}],"about":[{"href":"https:\/\/jorgezanoni.com.br\/2019\/wp-json\/wp\/v2\/types\/post"}],"author":[{"embeddable":true,"href":"https:\/\/jorgezanoni.com.br\/2019\/wp-json\/wp\/v2\/users\/1"}],"replies":[{"embeddable":true,"href":"https:\/\/jorgezanoni.com.br\/2019\/wp-json\/wp\/v2\/comments?post=38740"}],"version-history":[{"count":0,"href":"https:\/\/jorgezanoni.com.br\/2019\/wp-json\/wp\/v2\/posts\/38740\/revisions"}],"wp:featuredmedia":[{"embeddable":true,"href":"https:\/\/jorgezanoni.com.br\/2019\/wp-json\/wp\/v2\/media\/38742"}],"wp:attachment":[{"href":"https:\/\/jorgezanoni.com.br\/2019\/wp-json\/wp\/v2\/media?parent=38740"}],"wp:term":[{"taxonomy":"category","embeddable":true,"href":"https:\/\/jorgezanoni.com.br\/2019\/wp-json\/wp\/v2\/categories?post=38740"},{"taxonomy":"post_tag","embeddable":true,"href":"https:\/\/jorgezanoni.com.br\/2019\/wp-json\/wp\/v2\/tags?post=38740"}],"curies":[{"name":"wp","href":"https:\/\/api.w.org\/{rel}","templated":true}]}}