{"id":38722,"date":"2020-11-16T16:25:54","date_gmt":"2020-11-16T16:25:54","guid":{"rendered":"https:\/\/jorgezanoni.com.br\/2019\/?p=38722"},"modified":"2020-11-16T16:25:54","modified_gmt":"2020-11-16T16:25:54","slug":"veja-quem-sao-os-13-vereadores-eleitos-para-a-camara-municipal-de-dracena","status":"publish","type":"post","link":"https:\/\/jorgezanoni.com.br\/2019\/veja-quem-sao-os-13-vereadores-eleitos-para-a-camara-municipal-de-dracena\/","title":{"rendered":"Veja quem s\u00e3o os 13 vereadores eleitos para a C\u00e2mara Municipal de Dracena"},"content":{"rendered":"<p>VEREADORES:<\/p>\n<p style=\"text-align: justify;\">VITIN PALHARES, RODRIGO PARRA, DANILO LEDO, RODRIGO CASTILHO, SIDNEI DO PAM, MEL\u00c3O, MARIA MATEUS, DAVI SILVA, FARINHA DEKKA, SARA SCARABELLI, C\u00c9LIO FERREGUTTI, J\u00daLIO MONTEIRO E JAPON\u00caS DA AMBUL\u00c2NCIA.<\/p>\n<p>Todas as informa\u00e7\u00f5es podem ser vistas atrav\u00e9s do Site: https:\/\/resultados.tse.jus.br\/oficial\/#\/eleicao\/resultados<\/p>\n","protected":false},"excerpt":{"rendered":"<p>VEREADORES: VITIN PALHARES, RODRIGO PARRA, DANILO LEDO, RODRIGO CASTILHO, SIDNEI DO PAM, MEL\u00c3O, MARIA MATEUS, DAVI SILVA, FARINHA DEKKA, SARA SCARABELLI, C\u00c9LIO FERREGUTTI, J\u00daLIO MONTEIRO E JAPON\u00caS DA AMBUL\u00c2NCIA. Todas as informa\u00e7\u00f5es podem ser vistas atrav\u00e9s do Site: https:\/\/resultados.tse.jus.br\/oficial\/#\/eleicao\/resultados<\/p>\n","protected":false},"author":1,"featured_media":38723,"comment_status":"closed","ping_status":"open","sticky":false,"template":"","format":"standard","meta":{"footnotes":""},"categories":[110,116],"tags":[],"class_list":["post-38722","post","type-post","status-publish","format-standard","has-post-thumbnail","hentry","category-noticiasdestaque","category-politicaeeconomia"],"_links":{"self":[{"href":"https:\/\/jorgezanoni.com.br\/2019\/wp-json\/wp\/v2\/posts\/38722","targetHints":{"allow":["GET"]}}],"collection":[{"href":"https:\/\/jorgezanoni.com.br\/2019\/wp-json\/wp\/v2\/posts"}],"about":[{"href":"https:\/\/jorgezanoni.com.br\/2019\/wp-json\/wp\/v2\/types\/post"}],"author":[{"embeddable":true,"href":"https:\/\/jorgezanoni.com.br\/2019\/wp-json\/wp\/v2\/users\/1"}],"replies":[{"embeddable":true,"href":"https:\/\/jorgezanoni.com.br\/2019\/wp-json\/wp\/v2\/comments?post=38722"}],"version-history":[{"count":0,"href":"https:\/\/jorgezanoni.com.br\/2019\/wp-json\/wp\/v2\/posts\/38722\/revisions"}],"wp:featuredmedia":[{"embeddable":true,"href":"https:\/\/jorgezanoni.com.br\/2019\/wp-json\/wp\/v2\/media\/38723"}],"wp:attachment":[{"href":"https:\/\/jorgezanoni.com.br\/2019\/wp-json\/wp\/v2\/media?parent=38722"}],"wp:term":[{"taxonomy":"category","embeddable":true,"href":"https:\/\/jorgezanoni.com.br\/2019\/wp-json\/wp\/v2\/categories?post=38722"},{"taxonomy":"post_tag","embeddable":true,"href":"https:\/\/jorgezanoni.com.br\/2019\/wp-json\/wp\/v2\/tags?post=38722"}],"curies":[{"name":"wp","href":"https:\/\/api.w.org\/{rel}","templated":true}]}}