{"id":3872,"date":"2019-08-14T16:44:26","date_gmt":"2019-08-14T16:44:26","guid":{"rendered":"https:\/\/jorgezanoni.com.br\/2019\/?p=3872"},"modified":"2019-08-14T16:44:26","modified_gmt":"2019-08-14T16:44:26","slug":"concurso-publico-da-prefeitura-de-iepe-visa-preencher-mais-de-40-vagas-em-diversos-cargos","status":"publish","type":"post","link":"https:\/\/jorgezanoni.com.br\/2019\/concurso-publico-da-prefeitura-de-iepe-visa-preencher-mais-de-40-vagas-em-diversos-cargos\/","title":{"rendered":"Concurso p\u00fablico da Prefeitura de Iep\u00ea visa preencher mais de 40 vagas em diversos cargos"},"content":{"rendered":"<h2 class=\"content-head__subtitle\" style=\"text-align: justify;\"><strong>H\u00e1 tamb\u00e9m oportunidades no Cons\u00f3rcio Intermunicipal do Oeste Paulista (Ciop), Minist\u00e9rio P\u00fablico e C\u00e2mara Municipal de Paulic\u00e9ia.<\/strong><\/h2>\n<div class=\"mc-column content-text active-extra-styles \" style=\"text-align: justify;\" data-block-type=\"unstyled\" data-block-weight=\"13\" data-block-id=\"2\">\n<p class=\"content-text__container \" data-track-category=\"Link no Texto\" data-track-links=\"\">H\u00e1 diversos concursos p\u00fablicos e processos seletivos com inscri\u00e7\u00f5es abertas no Oeste Paulista.<\/p>\n<\/div>\n<div class=\"wall protected-content\">\n<div class=\"mc-column content-text active-extra-styles \" style=\"text-align: justify;\" data-block-type=\"unstyled\" data-block-weight=\"18\" data-block-id=\"3\">\n<p class=\"content-text__container \" data-track-category=\"Link no Texto\" data-track-links=\"\">As jornadas de trabalho, os benef\u00edcios, as fun\u00e7\u00f5es e os sal\u00e1rios variam de acordo com o cargo pretendido.<\/p>\n<\/div>\n<div class=\"mc-column content-text active-extra-styles \" style=\"text-align: justify;\" data-block-type=\"unstyled\" data-block-weight=\"3\" data-block-id=\"4\">\n<p class=\"content-text__container \" data-track-category=\"Link no Texto\" data-track-links=\"\">Confira as oportunidades:<\/p>\n<\/div>\n<div class=\"mc-column content-text active-extra-styles\" style=\"text-align: justify;\" data-block-type=\"raw\" data-block-weight=\"1\" data-block-id=\"5\">\n<div class=\"content-intertitle\">\n<h2>Iep\u00ea<\/h2>\n<\/div>\n<\/div>\n<div class=\"mc-column content-text active-extra-styles \" style=\"text-align: justify;\" data-block-type=\"unstyled\" data-block-weight=\"22\" data-block-id=\"6\">\n<p class=\"content-text__container \" data-track-category=\"Link no Texto\" data-track-links=\"\">A Prefeitura de Iep\u00ea visa preencher 43 vagas, al\u00e9m de formar cadastro reserva, em diversos cargos por meio de concurso p\u00fablico.<\/p>\n<\/div>\n<div class=\"mc-column content-text active-extra-styles \" style=\"text-align: justify;\" data-block-type=\"unstyled\" data-block-weight=\"35\" data-block-id=\"7\">\n<p class=\"content-text__container \" data-track-category=\"Link no Texto\" data-track-links=\"\">As inscri\u00e7\u00f5es j\u00e1 est\u00e3o abertas e seguem at\u00e9 o dia 29 de agosto. As oportunidades s\u00e3o para n\u00edveis fundamental, m\u00e9dio e superior, com remunera\u00e7\u00f5es entre R$ 12,74 hora-aula, e de R$ 1.056,30 a R$ 12.278,70.<\/p>\n<\/div>\n<div class=\"mc-column content-text active-extra-styles \" style=\"text-align: justify;\" data-block-type=\"unstyled\" data-block-weight=\"88\" data-block-id=\"8\">\n<p class=\"content-text__container \" data-track-category=\"Link no Texto\" data-track-links=\"\">Os cargos a serem preenchidos s\u00e3o os de auxiliar de enfermagem (1); auxiliar de servi\u00e7os gerais (5); auxiliar geral de obras (6); carpinteiro; inspetor de alunos (2); marceneiro (1); merendeira (1); motorista; pedreiro (1); vigia; agente comunit\u00e1rio de sa\u00fade (2); agente fiscal (1); eletricista (1); escritur\u00e1rio (4); fiscal da divis\u00e3o especial; lubrificador (1); mec\u00e2nico (1); operador II (2); orientador social (3); assistente em administra\u00e7\u00e3o p\u00fablica (3); contador (1); dentista (1); enfermeiro do PSF (1); fonoaudi\u00f3logo (1); m\u00e9dico do PSF (1); professor PEB I (2) e psic\u00f3logo Nasf (1).<\/p>\n<\/div>\n<div class=\"mc-column content-text active-extra-styles \" style=\"text-align: justify;\" data-block-type=\"unstyled\" data-block-weight=\"20\" data-block-id=\"9\">\n<p class=\"content-text__container \" data-track-category=\"Link no Texto\" data-track-links=\"\">As taxas de participa\u00e7\u00e3o, que deve ser garantida pela\u00a0<a href=\"http:\/\/www.rboconcursos.com.br\/informacoes.php?c=369\" target=\"_blank\" rel=\"noopener noreferrer\">internet<\/a>, t\u00eam valores entre R$ 13 e R$ 13,20.<\/p>\n<\/div>\n<div class=\"mc-column content-text active-extra-styles \" style=\"text-align: justify;\" data-block-type=\"unstyled\" data-block-weight=\"25\" data-block-id=\"11\">\n<p class=\"content-text__container \" data-track-category=\"Link no Texto\" data-track-links=\"\">A aplica\u00e7\u00e3o da prova objetiva est\u00e1 prevista para o dia 29 de setembro de 2019. Algumas fun\u00e7\u00f5es ainda ter\u00e3o avalia\u00e7\u00e3o de t\u00edtulos e prova pr\u00e1tica.<\/p>\n<\/div>\n<div class=\"mc-column content-text active-extra-styles \" style=\"text-align: justify;\" data-block-type=\"unstyled\" data-block-weight=\"8\" data-block-id=\"12\">\n<p class=\"content-text__container \" data-track-category=\"Link no Texto\" data-track-links=\"\">Mais detalhes est\u00e3o descritos no\u00a0<a href=\"http:\/\/arquivos.rboconcursos.com.br\/documentos\/369\/11439755.pdf\" target=\"_blank\" rel=\"noopener noreferrer\">edital<\/a>.<\/p>\n<p class=\"content-text__container \" data-track-category=\"Link no Texto\" data-track-links=\"\"><span style=\"color: #111111; font-family: Roboto, sans-serif; font-size: 27px;\">Ciop<\/span><\/p>\n<\/div>\n<div class=\"mc-column content-text active-extra-styles \" style=\"text-align: justify;\" data-block-type=\"unstyled\" data-block-weight=\"35\" data-block-id=\"14\">\n<p class=\"content-text__container \" data-track-category=\"Link no Texto\" data-track-links=\"\">O Cons\u00f3rcio Intermunicipal do Oeste Paulista (Ciop), com sede em Presidente Prudente, est\u00e1 com inscri\u00e7\u00f5es abertas para concurso p\u00fablico e processo seletivo. O interessado deve se candidatar at\u00e9 o dia 8 de setembro, pela internet.<\/p>\n<\/div>\n<div class=\"mc-column content-text active-extra-styles \" style=\"text-align: justify;\" data-block-type=\"unstyled\" data-block-weight=\"54\" data-block-id=\"15\">\n<p class=\"content-text__container \" data-track-category=\"Link no Texto\" data-track-links=\"\">O\u00a0<a href=\"https:\/\/www.consesp.com.br\/site\/index.php?pg=concursos\/info&amp;codigo=3313\" target=\"_blank\" rel=\"noopener noreferrer\">concurso p\u00fablico<\/a>\u00a0\u00e9 direcionado ao preenchimento de cinco vagas e \u00e0 forma\u00e7\u00e3o de cadastro reserva para os cargos: T\u00e9cnico de enfermagem (1 vaga), Terapeuta ocupacional (2 vagas), Auxiliar de enfermagem (cadastro reserva), Auxiliar de enfermagem (cadastro reserva), Auxiliar de Enfermagem \u2013 Cidade da Crian\u00e7a (1 vaga), Salva-vidas \u2013 Cidade da Crian\u00e7a (1 vaga).<\/p>\n<\/div>\n<div class=\"mc-column content-text active-extra-styles \" style=\"text-align: justify;\" data-block-type=\"unstyled\" data-block-weight=\"4\" data-block-id=\"16\">\n<p class=\"content-text__container \" data-track-category=\"Link no Texto\" data-track-links=\"\">Confira detalhes no\u00a0<a href=\"https:\/\/www.consesp.com.br\/imagens_arquivos\/concursos\/arquivos\/3313_cioppresidenteprudente0022019.pdf\" target=\"_blank\" rel=\"noopener noreferrer\">edital<\/a>.<\/p>\n<\/div>\n<div class=\"mc-column content-text active-extra-styles \" style=\"text-align: justify;\" data-block-type=\"unstyled\" data-block-weight=\"99\" data-block-id=\"17\">\n<p class=\"content-text__container \" data-track-category=\"Link no Texto\" data-track-links=\"\">O\u00a0<a href=\"https:\/\/www.consesp.com.br\/site\/index.php?pg=concursos\/info&amp;codigo=3314\" target=\"_blank\" rel=\"noopener noreferrer\">processo seletivo<\/a>\u00a0tamb\u00e9m formar\u00e1 cadastro reserva e visa o preenchimento de 24 vagas nas seguintes fun\u00e7\u00f5es: Agente de manuten\u00e7\u00e3o n\u00edvel 1 (2 vagas), Agente de manuten\u00e7\u00e3o n\u00edvel 2 (4 vagas), Auxiliar de enfermagem \u2013 12&#215;36 (2 vagas), Auxiliar de enfermagem \u2013 40h (cadastro reserva), Auxiliar de enfermagem \u2013 44h (1 vaga), Caixa (4 vagas), Enfermeiro \u2013 12&#215;36 \u2013 UPA (2 vagas), Farmac\u00eautico \u2013 UPA (1 vaga), M\u00e9dico psiquiatra (1 vaga), Recreador (1 vaga), Regulador de transporte sanit\u00e1rio (cadastro reserva, Salva-vidas (3 vagas), Servi\u00e7os gerais (1 vaga), T\u00e9cnico de enfermagem \u2013 12&#215;36 (1 vaga) e Terapeuta ocupacional (1 vaga).<\/p>\n<\/div>\n<div class=\"mc-column content-text active-extra-styles \" style=\"text-align: justify;\" data-block-type=\"unstyled\" data-block-weight=\"3\" data-block-id=\"18\">\n<p class=\"content-text__container \" data-track-category=\"Link no Texto\" data-track-links=\"\">Veja o\u00a0<a href=\"https:\/\/www.consesp.com.br\/imagens_arquivos\/concursos\/arquivos\/3314_cioppresidenteprudente0022019processo.pdf\" target=\"_blank\" rel=\"noopener noreferrer\">edital<\/a>.<\/p>\n<\/div>\n<div class=\"mc-column content-text active-extra-styles \" style=\"text-align: justify;\" data-block-type=\"unstyled\" data-block-weight=\"9\" data-block-id=\"19\">\n<p class=\"content-text__container \" data-track-category=\"Link no Texto\" data-track-links=\"\">As remunera\u00e7\u00f5es variam de R$ 1.016,91 at\u00e9 R$ 7.035,25.<\/p>\n<\/div>\n<div class=\"mc-column content-text active-extra-styles \" style=\"text-align: justify;\" data-block-type=\"unstyled\" data-block-weight=\"31\" data-block-id=\"20\">\n<p class=\"content-text__container \" data-track-category=\"Link no Texto\" data-track-links=\"\">As oportunidades do concurso p\u00fablico est\u00e3o divididas entre as cidades de Regente Feij\u00f3, Martin\u00f3polis, Euclides da Cunha Paulista, Rancharia e Presidente Prudente. J\u00e1 o processo seletivo abrange, inicialmente, somente Presidente Prudente.<\/p>\n<\/div>\n<div class=\"mc-column content-text active-extra-styles \" style=\"text-align: justify;\" data-block-type=\"unstyled\" data-block-weight=\"18\" data-block-id=\"21\">\n<p class=\"content-text__container \" data-track-category=\"Link no Texto\" data-track-links=\"\">As taxas de inscri\u00e7\u00f5es variam conforme o cargo escolhido. O valor vai de R$ 35 a R$ 70.<\/p>\n<\/div>\n<div class=\"mc-column content-text active-extra-styles \" style=\"text-align: justify;\" data-block-type=\"unstyled\" data-block-weight=\"27\" data-block-id=\"22\">\n<p class=\"content-text__container \" data-track-category=\"Link no Texto\" data-track-links=\"\">A sele\u00e7\u00e3o dos candidatos ser\u00e1 realizada por meio de prova objetiva, prevista para ser aplicada em 15 de setembro. Em alguns casos haver\u00e1 tamb\u00e9m prova de t\u00edtulos.<\/p>\n<\/div>\n<div class=\"content-ads content-ads--reveal\" style=\"text-align: justify;\" data-block-type=\"ads\" data-block-id=\"23\">\n<div id=\"banner_materia__7e585b55-944d-4201-b9e3-72c7afb818e6\" class=\"tag-manager-publicidade-container mc-has-reveal mc-has-ad-lazyload tag-manager-publicidade-banner_materia__7e585b55-944d-4201-b9e3-72c7afb818e6 tag-manager-publicidade-container--carregado tag-manager-publicidade-container--visivel\" data-id=\"banner_materia__7e585b55-944d-4201-b9e3-72c7afb818e6\" data-google-query-id=\"CObtiNzmguQCFU9_wQodLKQGXg\" data-cid=\"138280845471\" data-lid=\"5140981823\">\n<div id=\"google_ads_iframe_\/95377733\/tvg_G1\/Sua_Regiao&gt;Sudeste&gt;Sao_Paulo_(Pres_Prudente)_3__container__\" style=\"box-sizing: inherit; margin: auto; padding: 0px; border: 0pt none; font: inherit; vertical-align: baseline; width: 970px; max-width: 100%; text-align: center;\"><span style=\"color: #111111; font-family: Roboto, sans-serif; font-size: 27px;\">Santa Mercedes<\/span><\/div>\n<\/div>\n<\/div>\n<div class=\"mc-column content-text active-extra-styles \" style=\"text-align: justify;\" data-block-type=\"unstyled\" data-block-weight=\"45\" data-block-id=\"25\">\n<p class=\"content-text__container \" data-track-category=\"Link no Texto\" data-track-links=\"\">A Prefeitura de Santa Mercedes tamb\u00e9m tem concurso p\u00fablico e processo seletivo com inscri\u00e7\u00f5es abertas. A maioria das chances \u00e9 para a forma\u00e7\u00e3o de cadastro reserva. Somente para a fun\u00e7\u00e3o de nutricionista \u00e9 disponibilizada 1 vaga. Os interessados devem se candidatar at\u00e9 18 de agosto.<\/p>\n<\/div>\n<div class=\"mc-column content-text active-extra-styles \" style=\"text-align: justify;\" data-block-type=\"unstyled\" data-block-weight=\"18\" data-block-id=\"26\">\n<p class=\"content-text__container \" data-track-category=\"Link no Texto\" data-track-links=\"\">O\u00a0<a href=\"https:\/\/www.consesp.com.br\/site\/index.php?pg=concursos\/info&amp;codigo=3310\" target=\"_blank\" rel=\"noopener noreferrer\">concurso p\u00fablico<\/a>\u00a0\u00e9 destinado \u00e0s fun\u00e7\u00f5es de: Nutricionista (1 vaga) e Servi\u00e7os gerais (para ambos os sexos).<\/p>\n<\/div>\n<div class=\"mc-column content-text active-extra-styles \" style=\"text-align: justify;\" data-block-type=\"unstyled\" data-block-weight=\"5\" data-block-id=\"27\">\n<p class=\"content-text__container \" data-track-category=\"Link no Texto\" data-track-links=\"\">Confira mais detalhes no\u00a0<a href=\"https:\/\/www.consesp.com.br\/imagens_arquivos\/concursos\/arquivos\/3310_santamercedes0012019.pdf\" target=\"_blank\" rel=\"noopener noreferrer\">edital<\/a>.<\/p>\n<\/div>\n<div class=\"mc-column content-text active-extra-styles \" style=\"text-align: justify;\" data-block-type=\"unstyled\" data-block-weight=\"25\" data-block-id=\"28\">\n<p class=\"content-text__container \" data-track-category=\"Link no Texto\" data-track-links=\"\">J\u00e1 o\u00a0<a href=\"https:\/\/www.consesp.com.br\/site\/index.php?pg=concursos\/info&amp;codigo=3311\" target=\"_blank\" rel=\"noopener noreferrer\">processo seletivo\u00a0<\/a>est\u00e1 direcionado aos cargos de: Agente comunit\u00e1rio de sa\u00fade; Auxiliar de enfermagem; Inspetor de alunos; Monitor; PEB 2 \u2013 Educa\u00e7\u00e3o F\u00edsica.<\/p>\n<\/div>\n<div class=\"mc-column content-text active-extra-styles \" style=\"text-align: justify;\" data-block-type=\"unstyled\" data-block-weight=\"3\" data-block-id=\"29\">\n<p class=\"content-text__container \" data-track-category=\"Link no Texto\" data-track-links=\"\">Veja o\u00a0<a href=\"https:\/\/www.consesp.com.br\/imagens_arquivos\/concursos\/arquivos\/3311_santamercedes0012019processo.pdf\" target=\"_blank\" rel=\"noopener noreferrer\">edital<\/a>.<\/p>\n<\/div>\n<div class=\"mc-column content-text active-extra-styles \" style=\"text-align: justify;\" data-block-type=\"unstyled\" data-block-weight=\"18\" data-block-id=\"30\">\n<p class=\"content-text__container \" data-track-category=\"Link no Texto\" data-track-links=\"\">O sal\u00e1rio-base ofertado pode chegar a R$ 3.041,55 mensais, mais R$ 280 de vale-alimenta\u00e7\u00e3o, conforme a fun\u00e7\u00e3o escolhida.<\/p>\n<\/div>\n<div class=\"mc-column content-text active-extra-styles \" style=\"text-align: justify;\" data-block-type=\"unstyled\" data-block-weight=\"13\" data-block-id=\"31\">\n<p class=\"content-text__container \" data-track-category=\"Link no Texto\" data-track-links=\"\">O valor da taxa de inscri\u00e7\u00e3o vai de R$ 25 a R$ 40.<\/p>\n<\/div>\n<div class=\"mc-column content-text active-extra-styles \" style=\"text-align: justify;\" data-block-type=\"unstyled\" data-block-weight=\"13\" data-block-id=\"32\">\n<p class=\"content-text__container \" data-track-category=\"Link no Texto\" data-track-links=\"\">A aplica\u00e7\u00e3o da prova objetiva est\u00e1 prevista para o dia 15 de setembro.<\/p>\n<\/div>\n<div class=\"mc-column content-text active-extra-styles\" style=\"text-align: justify;\" data-block-type=\"raw\" data-block-weight=\"1\" data-block-id=\"33\">\n<div class=\"content-intertitle\">\n<h2>Pacaembu<\/h2>\n<\/div>\n<\/div>\n<div class=\"mc-column content-text active-extra-styles \" style=\"text-align: justify;\" data-block-type=\"unstyled\" data-block-weight=\"44\" data-block-id=\"34\">\n<p class=\"content-text__container \" data-track-category=\"Link no Texto\" data-track-links=\"\">A C\u00e2mara Municipal de Pacaembu, por meio de concurso p\u00fablico, visa preencher uma vaga no cargo de procurador jur\u00eddico. \u00c9 preciso gradua\u00e7\u00e3o em direito e registro na Ordem dos Advogados do Brasil (OAB) e tr\u00eas anos de efetivo exerc\u00edcio da advocacia para se candidatar.<\/p>\n<\/div>\n<div class=\"mc-column content-text active-extra-styles \" style=\"text-align: justify;\" data-block-type=\"unstyled\" data-block-weight=\"21\" data-block-id=\"35\">\n<p class=\"content-text__container \" data-track-category=\"Link no Texto\" data-track-links=\"\">As inscri\u00e7\u00f5es v\u00e3o at\u00e9 as 16h de 20 de agosto, exclusivamente via\u00a0<a href=\"http:\/\/www.conscamweb.com.br\/concurso\/concursoMaisInformacoes.do?idInstituicao=84&amp;idConcurso=1\" target=\"_blank\" rel=\"noopener noreferrer\">internet<\/a>. A taxa de participa\u00e7\u00e3o \u00e9 de R$ 60.<\/p>\n<\/div>\n<div class=\"mc-column content-text active-extra-styles \" style=\"text-align: justify;\" data-block-type=\"unstyled\" data-block-weight=\"29\" data-block-id=\"36\">\n<p class=\"content-text__container \" data-track-category=\"Link no Texto\" data-track-links=\"\">O selecionado desempenhar\u00e1 atividades em carga hor\u00e1ria de 20h semanais e far\u00e1 jus ao vencimento base no valor de R$ 3.740 ao m\u00eas, mais o aux\u00edlio-alimenta\u00e7\u00e3o de R$ 300.<\/p>\n<\/div>\n<div class=\"mc-column content-text active-extra-styles \" style=\"text-align: justify;\" data-block-type=\"unstyled\" data-block-weight=\"28\" data-block-id=\"37\">\n<p class=\"content-text__container \" data-track-category=\"Link no Texto\" data-track-links=\"\">A classifica\u00e7\u00e3o dos participantes inscritos ser\u00e1 efetuada mediante prova objetivas, de car\u00e1ter eliminat\u00f3rio e classificat\u00f3rio, prevista para ser aplicada no dia 8 de setembro, a partir das 9h.<\/p>\n<\/div>\n<div class=\"mc-column content-text active-extra-styles \" style=\"text-align: justify;\" data-block-type=\"unstyled\" data-block-weight=\"7\" data-block-id=\"38\">\n<p class=\"content-text__container \" data-track-category=\"Link no Texto\" data-track-links=\"\">Mais detalhes podem ser consultados no\u00a0<a href=\"http:\/\/www.conscamweb.com.br\/concurso\/downloadAnexo.do?idAnexo=2530\" target=\"_blank\" rel=\"noopener noreferrer\">edital<\/a>.<\/p>\n<\/div>\n<div class=\"mc-column content-text active-extra-styles\" style=\"text-align: justify;\" data-block-type=\"raw\" data-block-weight=\"1\" data-block-id=\"39\">\n<div class=\"content-intertitle\">\n<h2>MPE<\/h2>\n<\/div>\n<\/div>\n<div class=\"mc-column content-text active-extra-styles \" style=\"text-align: justify;\" data-block-type=\"unstyled\" data-block-weight=\"33\" data-block-id=\"40\">\n<p class=\"content-text__container \" data-track-category=\"Link no Texto\" data-track-links=\"\">O Minist\u00e9rio P\u00fablico de S\u00e3o Paulo est\u00e1 com inscri\u00e7\u00f5es abertas para o concurso p\u00fablico que visa preencher vagas no cargo de Auxiliar de Promotoria I (de n\u00edvel fundamental), com atua\u00e7\u00e3o na \u00e1rea administrativa.<\/p>\n<\/div>\n<div class=\"content-ads content-ads--reveal\" style=\"text-align: justify;\" data-block-type=\"ads\" data-block-id=\"41\"><\/div>\n<div class=\"mc-column content-text active-extra-styles \" style=\"text-align: justify;\" data-block-type=\"unstyled\" data-block-weight=\"35\" data-block-id=\"42\">\n<p class=\"content-text__container \" data-track-category=\"Link no Texto\" data-track-links=\"\">De acordo com o documento publicado no Di\u00e1rio Oficial do Estado em junho, o certame disp\u00f5e de um total de 24 vagas nas regionais de diversas cidades do Estado. Em Presidente Prudente s\u00e3o duas vagas.<\/p>\n<\/div>\n<div class=\"mc-column content-text active-extra-styles \" style=\"text-align: justify;\" data-block-type=\"unstyled\" data-block-weight=\"47\" data-block-id=\"43\">\n<p class=\"content-text__container \" data-track-category=\"Link no Texto\" data-track-links=\"\">Para concorrer a uma das vagas, o candidato dever\u00e1 ter n\u00edvel fundamental completo. O sal\u00e1rio inicial do cargo \u00e9 de R$ 2.789,81, mais aux\u00edlio-alimenta\u00e7\u00e3o no valor de R$ 920 por m\u00eas e aux\u00edlio-transporte de R$ 14,96 por dia. A jornada de trabalho ser\u00e1 de 40 horas semanais.<\/p>\n<\/div>\n<div class=\"mc-column content-text active-extra-styles \" style=\"text-align: justify;\" data-block-type=\"unstyled\" data-block-weight=\"22\" data-block-id=\"44\">\n<p class=\"content-text__container \" data-track-category=\"Link no Texto\" data-track-links=\"\">As inscri\u00e7\u00f5es seguem at\u00e9 21 de agosto de 2019, por meio do\u00a0<a href=\"https:\/\/www.vunesp.com.br\/MPSP1902\" target=\"_blank\" rel=\"noopener noreferrer\">site da banca organizadora<\/a>. A taxa \u00e9 de R$ 80.<\/p>\n<\/div>\n<div class=\"mc-column content-text active-extra-styles \" style=\"text-align: justify;\" data-block-type=\"unstyled\" data-block-weight=\"30\" data-block-id=\"45\">\n<p class=\"content-text__container \" data-track-category=\"Link no Texto\" data-track-links=\"\">A aplica\u00e7\u00e3o da prova objetiva est\u00e1 prevista para ocorrer da 14h \u00e0s 17h30 de 17 de novembro, nas cidades sedes das \u00c1reas Regionais do Minist\u00e9rio P\u00fablico, entre elas, Presidente Prudente.<\/p>\n<\/div>\n<div class=\"mc-column content-text active-extra-styles \" data-block-type=\"unstyled\" data-block-weight=\"36\" data-block-id=\"46\">\n<p class=\"content-text__container \" style=\"text-align: justify;\" data-track-category=\"Link no Texto\" data-track-links=\"\">As provas contar\u00e3o com 60 quest\u00f5es, distribu\u00eddas entre as disciplinas de L\u00edngua Portuguesa (20), Matem\u00e1tica (15), Legisla\u00e7\u00e3o (5), Hist\u00f3ria (5), Geografia (5) e No\u00e7\u00f5es de Inform\u00e1tica (10). A prova objetiva ser\u00e1 de car\u00e1ter eliminat\u00f3rio e classificat\u00f3rio.<\/p>\n<p style=\"text-align: justify;\" data-track-category=\"Link no Texto\" data-track-links=\"\">Mais informa\u00e7\u00f5es no\u00a0<a href=\"https:\/\/documento.vunesp.com.br\/documento\/stream\/MTA3ODQ0NA%3d%3d\" target=\"_blank\" rel=\"noopener noreferrer\">edital<\/a>.<\/p>\n<p style=\"text-align: justify;\" data-track-category=\"Link no Texto\" data-track-links=\"\">Fonte: G1<\/p>\n<\/div>\n<\/div>\n","protected":false},"excerpt":{"rendered":"<p>H\u00e1 tamb\u00e9m oportunidades no Cons\u00f3rcio Intermunicipal do Oeste Paulista (Ciop), Minist\u00e9rio P\u00fablico e C\u00e2mara Municipal de Paulic\u00e9ia. H\u00e1 diversos concursos p\u00fablicos e processos seletivos com inscri\u00e7\u00f5es abertas no Oeste Paulista. As jornadas de trabalho, os benef\u00edcios, as fun\u00e7\u00f5es e os sal\u00e1rios variam de acordo com o cargo pretendido. Confira as oportunidades: Iep\u00ea A Prefeitura de [&hellip;]<\/p>\n","protected":false},"author":1,"featured_media":3873,"comment_status":"closed","ping_status":"open","sticky":false,"template":"","format":"standard","meta":{"footnotes":""},"categories":[114],"tags":[],"class_list":["post-3872","post","type-post","status-publish","format-standard","has-post-thumbnail","hentry","category-geralecomercio"],"_links":{"self":[{"href":"https:\/\/jorgezanoni.com.br\/2019\/wp-json\/wp\/v2\/posts\/3872","targetHints":{"allow":["GET"]}}],"collection":[{"href":"https:\/\/jorgezanoni.com.br\/2019\/wp-json\/wp\/v2\/posts"}],"about":[{"href":"https:\/\/jorgezanoni.com.br\/2019\/wp-json\/wp\/v2\/types\/post"}],"author":[{"embeddable":true,"href":"https:\/\/jorgezanoni.com.br\/2019\/wp-json\/wp\/v2\/users\/1"}],"replies":[{"embeddable":true,"href":"https:\/\/jorgezanoni.com.br\/2019\/wp-json\/wp\/v2\/comments?post=3872"}],"version-history":[{"count":0,"href":"https:\/\/jorgezanoni.com.br\/2019\/wp-json\/wp\/v2\/posts\/3872\/revisions"}],"wp:featuredmedia":[{"embeddable":true,"href":"https:\/\/jorgezanoni.com.br\/2019\/wp-json\/wp\/v2\/media\/3873"}],"wp:attachment":[{"href":"https:\/\/jorgezanoni.com.br\/2019\/wp-json\/wp\/v2\/media?parent=3872"}],"wp:term":[{"taxonomy":"category","embeddable":true,"href":"https:\/\/jorgezanoni.com.br\/2019\/wp-json\/wp\/v2\/categories?post=3872"},{"taxonomy":"post_tag","embeddable":true,"href":"https:\/\/jorgezanoni.com.br\/2019\/wp-json\/wp\/v2\/tags?post=3872"}],"curies":[{"name":"wp","href":"https:\/\/api.w.org\/{rel}","templated":true}]}}