{"id":38714,"date":"2020-11-16T15:39:02","date_gmt":"2020-11-16T15:39:02","guid":{"rendered":"https:\/\/jorgezanoni.com.br\/2019\/?p=38714"},"modified":"2020-11-16T15:39:02","modified_gmt":"2020-11-16T15:39:02","slug":"batida-entre-motocicletas-mata-homem-e-deixa-rapaz-gravemente-ferido-em-nova-guataporanga","status":"publish","type":"post","link":"https:\/\/jorgezanoni.com.br\/2019\/batida-entre-motocicletas-mata-homem-e-deixa-rapaz-gravemente-ferido-em-nova-guataporanga\/","title":{"rendered":"Batida entre motocicletas mata homem e deixa rapaz gravemente ferido em Nova Guataporanga"},"content":{"rendered":"<h2 class=\"content-head__subtitle\" style=\"text-align: justify;\"><strong>Homem de 42 anos chegou a ser socorrido, mas n\u00e3o resistiu aos ferimentos. Acidente foi na noite deste domingo (15).<\/strong><\/h2>\n<div class=\"mc-column content-text active-extra-styles active-capital-letter\" data-block-type=\"unstyled\" data-block-weight=\"52\" data-block-id=\"1\">\n<p class=\"content-text__container theme-color-primary-first-letter\" style=\"text-align: justify;\" data-track-category=\"Link no Texto\" data-track-links=\"\">Um homem de 42 anos morreu v\u00edtima de um acidente de tr\u00e2nsito na SPA 141, que d\u00e1 acesso \u00e0 Rodovia General Euclides de Oliveira Figueiredo (SP-563), em\u00a0<a href=\"http:\/\/g1.globo.com\/sp\/presidente-prudente-regiao\/cidade\/nova-guataporanga.html\">Nova Guataporanga<\/a>. A batida lateral, na noite deste domingo (15), envolveu duas motocicletas e ainda deixou um rapaz de 21 anos em estado considerado grave.<\/p>\n<\/div>\n<div class=\"wall protected-content\">\n<div class=\"mc-column content-text active-extra-styles \" style=\"text-align: justify;\" data-block-type=\"unstyled\" data-block-weight=\"39\" data-block-id=\"2\">\n<p class=\"content-text__container \" data-track-category=\"Link no Texto\" data-track-links=\"\">De acordo com a Pol\u00edcia Rodovi\u00e1ria, foi uma colis\u00e3o lateral entre duas motocicletas. Uma delas transitava pela Rodovia SPA 141\/563, no sentido Nova Guataporanga\u2013Tupi Paulista, e a outra no sentido contr\u00e1rio, quando no km 007,500 houve a colis\u00e3o.<\/p>\n<\/div>\n<div class=\"mc-column content-text active-extra-styles \" style=\"text-align: justify;\" data-block-type=\"unstyled\" data-block-weight=\"47\" data-block-id=\"3\">\n<p class=\"content-text__container \" data-track-category=\"Link no Texto\" data-track-links=\"\">Ambos os condutores ca\u00edram sobre a faixa de rolamento e, posteriormente foram socorridos ao Pronto-socorro de Tupi Paulista pela Unidade de Resgate do Corpo de Bombeiros. Contudo, um dos motociclistas n\u00e3o resistiu aos ferimentos e faleceu. O outro condutor ficou em estado considerado de natureza grave.<\/p>\n<\/div>\n<div class=\"mc-column content-text active-extra-styles \" style=\"text-align: justify;\" data-block-type=\"unstyled\" data-block-weight=\"22\" data-block-id=\"4\">\n<p class=\"content-text__container \" data-track-category=\"Link no Texto\" data-track-links=\"\">O Instituto de Criminal\u00edstica de Dracena tamb\u00e9m foi ao locar e realizou os exames de per\u00edcia no ve\u00edculo e no local.<\/p>\n<\/div>\n<div class=\"mc-column content-text active-extra-styles \" style=\"text-align: justify;\" data-block-type=\"unstyled\" data-block-weight=\"13\" data-block-id=\"5\">\n<p class=\"content-text__container \" data-track-category=\"Link no Texto\" data-track-links=\"\">A ocorr\u00eancia foi apresentada na Delegacia da Pol\u00edcia Civil de Tupi Paulista.<\/p>\n<\/div>\n<div class=\"mc-column content-text active-extra-styles \" style=\"text-align: justify;\" data-block-type=\"unstyled\" data-block-weight=\"19\" data-block-id=\"6\">\n<p class=\"content-text__container \" data-track-category=\"Link no Texto\" data-track-links=\"\">Ainda de acordo com a pol\u00edcia, foi realizado teste do baf\u00f4metro no condutor sobrevivente. N\u00e3o sendo constatada influ\u00eancia alco\u00f3lica.<\/p>\n<\/div>\n<div class=\"mc-column content-text active-extra-styles \" data-block-type=\"unstyled\" data-block-weight=\"25\" data-block-id=\"7\">\n<p class=\"content-text__container \" style=\"text-align: justify;\" data-track-category=\"Link no Texto\" data-track-links=\"\">O local da ocorr\u00eancia conta com pista simples, duas faixas de rolamento, acostamento n\u00e3o pavimentado. No momento a pista estava seca e o tempo, bom.<\/p>\n<p style=\"text-align: justify;\" data-track-category=\"Link no Texto\" data-track-links=\"\">Fonte: PMR e G1<\/p>\n<\/div>\n<\/div>\n","protected":false},"excerpt":{"rendered":"<p>Homem de 42 anos chegou a ser socorrido, mas n\u00e3o resistiu aos ferimentos. Acidente foi na noite deste domingo (15). Um homem de 42 anos morreu v\u00edtima de um acidente de tr\u00e2nsito na SPA 141, que d\u00e1 acesso \u00e0 Rodovia General Euclides de Oliveira Figueiredo (SP-563), em\u00a0Nova Guataporanga. A batida lateral, na noite deste domingo [&hellip;]<\/p>\n","protected":false},"author":1,"featured_media":38715,"comment_status":"closed","ping_status":"open","sticky":false,"template":"","format":"standard","meta":{"footnotes":""},"categories":[170,110],"tags":[],"class_list":["post-38714","post","type-post","status-publish","format-standard","has-post-thumbnail","hentry","category-acidentes","category-noticiasdestaque"],"_links":{"self":[{"href":"https:\/\/jorgezanoni.com.br\/2019\/wp-json\/wp\/v2\/posts\/38714","targetHints":{"allow":["GET"]}}],"collection":[{"href":"https:\/\/jorgezanoni.com.br\/2019\/wp-json\/wp\/v2\/posts"}],"about":[{"href":"https:\/\/jorgezanoni.com.br\/2019\/wp-json\/wp\/v2\/types\/post"}],"author":[{"embeddable":true,"href":"https:\/\/jorgezanoni.com.br\/2019\/wp-json\/wp\/v2\/users\/1"}],"replies":[{"embeddable":true,"href":"https:\/\/jorgezanoni.com.br\/2019\/wp-json\/wp\/v2\/comments?post=38714"}],"version-history":[{"count":0,"href":"https:\/\/jorgezanoni.com.br\/2019\/wp-json\/wp\/v2\/posts\/38714\/revisions"}],"wp:featuredmedia":[{"embeddable":true,"href":"https:\/\/jorgezanoni.com.br\/2019\/wp-json\/wp\/v2\/media\/38715"}],"wp:attachment":[{"href":"https:\/\/jorgezanoni.com.br\/2019\/wp-json\/wp\/v2\/media?parent=38714"}],"wp:term":[{"taxonomy":"category","embeddable":true,"href":"https:\/\/jorgezanoni.com.br\/2019\/wp-json\/wp\/v2\/categories?post=38714"},{"taxonomy":"post_tag","embeddable":true,"href":"https:\/\/jorgezanoni.com.br\/2019\/wp-json\/wp\/v2\/tags?post=38714"}],"curies":[{"name":"wp","href":"https:\/\/api.w.org\/{rel}","templated":true}]}}