{"id":38709,"date":"2020-11-16T12:59:28","date_gmt":"2020-11-16T12:59:28","guid":{"rendered":"https:\/\/jorgezanoni.com.br\/2019\/?p=38709"},"modified":"2020-11-16T12:59:28","modified_gmt":"2020-11-16T12:59:28","slug":"obrigado-dracena-jorge-zanoni-e-primeiro-suplente-de-vereador-do-psdb","status":"publish","type":"post","link":"https:\/\/jorgezanoni.com.br\/2019\/obrigado-dracena-jorge-zanoni-e-primeiro-suplente-de-vereador-do-psdb\/","title":{"rendered":"Obrigado Dracena, Jorge Zanoni \u00e9 primeiro Suplente de Vereador do PSDB"},"content":{"rendered":"<p style=\"text-align: justify;\">Estou agradecendo publicamente os votos recebidos de voc\u00ea eleitor que acreditou nas minhas propostas e sabe do meu trabalho.<\/p>\n<p style=\"text-align: justify;\">Algu\u00e9m comentou que perdi a elei\u00e7\u00e3o, prefiro entender que Dracena perdeu um grande representante no legislativo.<\/p>\n<p style=\"text-align: justify;\">Desejo aos treze eleitos muita sabedoria nas decis\u00f5es e que junto com o prefeito eleito fa\u00e7am o melhor, pois nossa cidade merece.<\/p>\n<p style=\"text-align: justify;\">O Site Jorge Zanoni atrav\u00e9s desse rep\u00f3rter continuar\u00e1 com sua linha de trabalho, elogiando e criticando sempre de forma imparcial e verdadeira mostrando os fatos com fotos e v\u00eddeos.<\/p>\n<p style=\"text-align: justify;\">Num universo de 23.073 votos v\u00e1lidos para dividir em 203 candidatos a vereador, conseguimos sobressair e ficar como primeiro suplente do PSDB com 154 votos, foi minha primeira participa\u00e7\u00e3o disputando um cargo p\u00fablico.<\/p>\n<p style=\"text-align: justify;\">Posso dizer que valeu a pena a experi\u00eancia, obrigado Dracena, continuo \u00e0 disposi\u00e7\u00e3o de todos.<\/p>\n<p style=\"text-align: justify;\">Forte abra\u00e7o, Deus aben\u00e7oe a todos e ilumine os eleitos.<\/p>\n<p style=\"text-align: justify;\">Jorge Zanoni<\/p>\n","protected":false},"excerpt":{"rendered":"<p>Estou agradecendo publicamente os votos recebidos de voc\u00ea eleitor que acreditou nas minhas propostas e sabe do meu trabalho. Algu\u00e9m comentou que perdi a elei\u00e7\u00e3o, prefiro entender que Dracena perdeu um grande representante no legislativo. Desejo aos treze eleitos muita sabedoria nas decis\u00f5es e que junto com o prefeito eleito fa\u00e7am o melhor, pois nossa [&hellip;]<\/p>\n","protected":false},"author":1,"featured_media":38710,"comment_status":"closed","ping_status":"open","sticky":false,"template":"","format":"standard","meta":{"footnotes":""},"categories":[110,116],"tags":[],"class_list":["post-38709","post","type-post","status-publish","format-standard","has-post-thumbnail","hentry","category-noticiasdestaque","category-politicaeeconomia"],"_links":{"self":[{"href":"https:\/\/jorgezanoni.com.br\/2019\/wp-json\/wp\/v2\/posts\/38709","targetHints":{"allow":["GET"]}}],"collection":[{"href":"https:\/\/jorgezanoni.com.br\/2019\/wp-json\/wp\/v2\/posts"}],"about":[{"href":"https:\/\/jorgezanoni.com.br\/2019\/wp-json\/wp\/v2\/types\/post"}],"author":[{"embeddable":true,"href":"https:\/\/jorgezanoni.com.br\/2019\/wp-json\/wp\/v2\/users\/1"}],"replies":[{"embeddable":true,"href":"https:\/\/jorgezanoni.com.br\/2019\/wp-json\/wp\/v2\/comments?post=38709"}],"version-history":[{"count":0,"href":"https:\/\/jorgezanoni.com.br\/2019\/wp-json\/wp\/v2\/posts\/38709\/revisions"}],"wp:featuredmedia":[{"embeddable":true,"href":"https:\/\/jorgezanoni.com.br\/2019\/wp-json\/wp\/v2\/media\/38710"}],"wp:attachment":[{"href":"https:\/\/jorgezanoni.com.br\/2019\/wp-json\/wp\/v2\/media?parent=38709"}],"wp:term":[{"taxonomy":"category","embeddable":true,"href":"https:\/\/jorgezanoni.com.br\/2019\/wp-json\/wp\/v2\/categories?post=38709"},{"taxonomy":"post_tag","embeddable":true,"href":"https:\/\/jorgezanoni.com.br\/2019\/wp-json\/wp\/v2\/tags?post=38709"}],"curies":[{"name":"wp","href":"https:\/\/api.w.org\/{rel}","templated":true}]}}