{"id":38706,"date":"2020-11-16T12:26:28","date_gmt":"2020-11-16T12:26:28","guid":{"rendered":"https:\/\/jorgezanoni.com.br\/2019\/?p=38706"},"modified":"2020-11-16T13:53:45","modified_gmt":"2020-11-16T13:53:45","slug":"morre-secretario-regional-de-saude-jorge-chihara","status":"publish","type":"post","link":"https:\/\/jorgezanoni.com.br\/2019\/morre-secretario-regional-de-saude-jorge-chihara\/","title":{"rendered":"Morre Secret\u00e1rio Regional de Sa\u00fade Jorge Chihara"},"content":{"rendered":"<div dir=\"auto\" style=\"text-align: justify;\">Faleceu no in\u00edcio da manh\u00e3 desta segunda-feira (16), o morador de Junqueir\u00f3polis, sr. Jorge Yoshinobu Chihara de 64 anos, pessoa muito conhecida em toda a regi\u00e3o.<\/div>\n<div dir=\"auto\" style=\"text-align: justify;\"><\/div>\n<div dir=\"auto\" style=\"text-align: justify;\">Era Secret\u00e1rio Regional de Sa\u00fade e ex-Secret\u00e1rio Municipal de Sa\u00fade de Junqueir\u00f3polis<\/div>\n<div dir=\"auto\" style=\"text-align: justify;\"><\/div>\n<div dir=\"auto\" style=\"text-align: justify;\">A causa da morte teria sido um Infarto quando ele fazia caminhada.<\/div>\n<div dir=\"auto\" style=\"text-align: justify;\"><\/div>\n<div dir=\"auto\" style=\"text-align: justify;\">O vel\u00f3rio ocorrer\u00e1 a partir das 13:00 horas de hoje (16) at\u00e9 amanh\u00e3 (17) \u00e0s 09:00 horas, ininterruptamente no Templo Honpa Hongwanji de Junqueir\u00f3polis, \u00e0 Rua general Os\u00f3rio, n\u00ba 338, Centro.<\/div>\n<div dir=\"auto\" style=\"text-align: justify;\">\nComo o ambiente \u00e9 pequeno n\u00e3o ser\u00e1 permitido a perman\u00eancia dos visitantes no seu interior, somente a fam\u00edlia. A visita ser\u00e1 organizada por fila onde as pessoas poder\u00e3o passar rapidamente sem possibilidade de permanecer no interior do Templo.<\/div>\n<div dir=\"auto\" style=\"text-align: justify;\"><\/div>\n<div dir=\"auto\" style=\"text-align: justify;\">Jorge Zanoni<\/div>\n<div dir=\"auto\" style=\"text-align: justify;\"><\/div>\n<div dir=\"auto\" style=\"text-align: justify;\">Fonte: https:\/\/www.facebook.com\/tvbojunqueiropolis<\/div>\n","protected":false},"excerpt":{"rendered":"<p>Faleceu no in\u00edcio da manh\u00e3 desta segunda-feira (16), o morador de Junqueir\u00f3polis, sr. Jorge Yoshinobu Chihara de 64 anos, pessoa muito conhecida em toda a regi\u00e3o. Era Secret\u00e1rio Regional de Sa\u00fade e ex-Secret\u00e1rio Municipal de Sa\u00fade de Junqueir\u00f3polis A causa da morte teria sido um Infarto quando ele fazia caminhada. O vel\u00f3rio ocorrer\u00e1 a partir [&hellip;]<\/p>\n","protected":false},"author":1,"featured_media":38707,"comment_status":"closed","ping_status":"open","sticky":false,"template":"","format":"standard","meta":{"footnotes":""},"categories":[178,110],"tags":[],"class_list":["post-38706","post","type-post","status-publish","format-standard","has-post-thumbnail","hentry","category-notadefalecimento","category-noticiasdestaque"],"_links":{"self":[{"href":"https:\/\/jorgezanoni.com.br\/2019\/wp-json\/wp\/v2\/posts\/38706","targetHints":{"allow":["GET"]}}],"collection":[{"href":"https:\/\/jorgezanoni.com.br\/2019\/wp-json\/wp\/v2\/posts"}],"about":[{"href":"https:\/\/jorgezanoni.com.br\/2019\/wp-json\/wp\/v2\/types\/post"}],"author":[{"embeddable":true,"href":"https:\/\/jorgezanoni.com.br\/2019\/wp-json\/wp\/v2\/users\/1"}],"replies":[{"embeddable":true,"href":"https:\/\/jorgezanoni.com.br\/2019\/wp-json\/wp\/v2\/comments?post=38706"}],"version-history":[{"count":0,"href":"https:\/\/jorgezanoni.com.br\/2019\/wp-json\/wp\/v2\/posts\/38706\/revisions"}],"wp:featuredmedia":[{"embeddable":true,"href":"https:\/\/jorgezanoni.com.br\/2019\/wp-json\/wp\/v2\/media\/38707"}],"wp:attachment":[{"href":"https:\/\/jorgezanoni.com.br\/2019\/wp-json\/wp\/v2\/media?parent=38706"}],"wp:term":[{"taxonomy":"category","embeddable":true,"href":"https:\/\/jorgezanoni.com.br\/2019\/wp-json\/wp\/v2\/categories?post=38706"},{"taxonomy":"post_tag","embeddable":true,"href":"https:\/\/jorgezanoni.com.br\/2019\/wp-json\/wp\/v2\/tags?post=38706"}],"curies":[{"name":"wp","href":"https:\/\/api.w.org\/{rel}","templated":true}]}}