{"id":3859,"date":"2019-08-14T16:07:36","date_gmt":"2019-08-14T16:07:36","guid":{"rendered":"https:\/\/jorgezanoni.com.br\/2019\/?p=3859"},"modified":"2019-08-14T16:07:36","modified_gmt":"2019-08-14T16:07:36","slug":"25o-batalhao-de-policia-militar-do-interior-realiza-solenidade-de-apresentacao-a-bandeira-aos-soldados-pm-2a-classe-do-curso-superior-de-soldados","status":"publish","type":"post","link":"https:\/\/jorgezanoni.com.br\/2019\/25o-batalhao-de-policia-militar-do-interior-realiza-solenidade-de-apresentacao-a-bandeira-aos-soldados-pm-2a-classe-do-curso-superior-de-soldados\/","title":{"rendered":"25\u00ba Batalh\u00e3o de Pol\u00edcia Militar do Interior realiza Solenidade de Apresenta\u00e7\u00e3o a Bandeira aos Soldados PM 2\u00aa Classe do Curso Superior de Soldados"},"content":{"rendered":"<p style=\"text-align: justify;\">\u00a0\u00a0\u00a0\u00a0\u00a0\u00a0\u00a0\u00a0 O 25\u00ba BPM\/I \u2013 Batalh\u00e3o de Pol\u00edcia Militar do Interior realizou na quarta-feira, dia 14 de agosto, na Escola Superior de Soldados de Junqueir\u00f3polis, solenidade de apresenta\u00e7\u00e3o da Bandeira Nacional dos 99 (noventa e nove) Soldados PM 2\u00aa Classe do Curso Superior de T\u00e9cnico de Pol\u00edcia Ostensiva e Preserva\u00e7\u00e3o da Ordem P\u00fablica.<\/p>\n<p style=\"text-align: justify;\"><img loading=\"lazy\" decoding=\"async\" class=\"alignnone size-full wp-image-3860\" src=\"https:\/\/jorgezanoni.com.br\/2019\/wp-content\/uploads\/2019\/08\/junq.jpg\" alt=\"\" width=\"240\" height=\"159\" \/><\/p>\n<p style=\"text-align: justify;\">\u00a0\u00a0\u00a0\u00a0\u00a0\u00a0\u00a0\u00a0\u00a0 A solenidade do 25\u00ba BPM\/I foi marcada por momentos de muita emo\u00e7\u00e3o, como a entrada do Pavilh\u00e3o Nacional, conduzido pelo Aspirante a Oficial do 25\u00ba BPM\/I Victor Augusto Carli, que formou-se Soldado PM na Escola de Forma\u00e7\u00e3o no mesmo local e posteriormente a apresenta\u00e7\u00e3o da Bandeira Nacional teve o comando do Capit\u00e3o PM Ederson Jos\u00e9 da Silva, auxiliado pelos Oficiais respectivamente 1\u00ba Ten PM Matheus, Aspirante Oficial PM Mayara e Ten PM Minoru.<\/p>\n<p><img loading=\"lazy\" decoding=\"async\" class=\"alignnone size-full wp-image-3861\" src=\"https:\/\/jorgezanoni.com.br\/2019\/wp-content\/uploads\/2019\/08\/junq1.jpg\" alt=\"\" width=\"774\" height=\"1032\" srcset=\"https:\/\/jorgezanoni.com.br\/2019\/wp-content\/uploads\/2019\/08\/junq1.jpg 774w, https:\/\/jorgezanoni.com.br\/2019\/wp-content\/uploads\/2019\/08\/junq1-225x300.jpg 225w, https:\/\/jorgezanoni.com.br\/2019\/wp-content\/uploads\/2019\/08\/junq1-768x1024.jpg 768w, https:\/\/jorgezanoni.com.br\/2019\/wp-content\/uploads\/2019\/08\/junq1-696x928.jpg 696w, https:\/\/jorgezanoni.com.br\/2019\/wp-content\/uploads\/2019\/08\/junq1-315x420.jpg 315w\" sizes=\"auto, (max-width: 774px) 100vw, 774px\" \/><\/p>\n<p style=\"text-align: justify;\">\u00a0\u00a0\u00a0\u00a0\u00a0\u00a0 O Comandante do 25\u00ba BPM\/I Tenente Coronel PM Alexandre Fontolan fez a Leitura da Alocu\u00e7\u00e3o \u00e0 Bandeira.<\/p>\n<p><img loading=\"lazy\" decoding=\"async\" class=\"alignnone size-full wp-image-3862\" src=\"https:\/\/jorgezanoni.com.br\/2019\/wp-content\/uploads\/2019\/08\/junq4.jpg\" alt=\"\" width=\"240\" height=\"159\" \/><\/p>\n<p style=\"text-align: justify;\">\u00a0\u00a0\u00a0\u00a0 \u00a0Prestigiaram a Solenidade alunos dos 5\u00ba anos das Escolas de Junqueir\u00f3polis: EMEFEI Professora Neyde Macedo Brand\u00e3o Fernandes, EMEFEI Professor Shigueko Oto Iwaki e Escola Municipal Jair Luiz da Silva bem como Oficiais e Pra\u00e7as do 25\u00ba Batalh\u00e3o de Pol\u00edcia Militar e a Imprensa.<\/p>\n<p><img loading=\"lazy\" decoding=\"async\" class=\"alignnone size-full wp-image-3863\" src=\"https:\/\/jorgezanoni.com.br\/2019\/wp-content\/uploads\/2019\/08\/junq4-1.jpg\" alt=\"\" width=\"240\" height=\"159\" \/><\/p>\n<p style=\"text-align: justify;\">A Banda Regimental de M\u00fasica do CPI-8 abrilhantou o evento sob a reg\u00eancia do Cabo PM Celso Ricardo Sant\u2019ana.<\/p>\n<p style=\"text-align: justify;\">Os Soldados 2\u00aa Classe, est\u00e3o seguindo para a conclus\u00e3o do 1\u00ba m\u00f3dulo em meados da primeira quinzena de dezembro, quando haver\u00e1 a Solenidade de Passagem de M\u00f3dulo e pela primeira vez eles usar\u00e3o o uniforme da Pol\u00edcia Militar.<\/p>\n<p style=\"text-align: justify;\"><strong>Pol\u00edcia Militar, a For\u00e7a P\u00fablica de S\u00e3o Paulo!<\/strong><\/p>\n<p>Fonte: Com. Social Pol\u00edcia Militar<\/p>\n","protected":false},"excerpt":{"rendered":"<p>\u00a0\u00a0\u00a0\u00a0\u00a0\u00a0\u00a0\u00a0 O 25\u00ba BPM\/I \u2013 Batalh\u00e3o de Pol\u00edcia Militar do Interior realizou na quarta-feira, dia 14 de agosto, na Escola Superior de Soldados de Junqueir\u00f3polis, solenidade de apresenta\u00e7\u00e3o da Bandeira Nacional dos 99 (noventa e nove) Soldados PM 2\u00aa Classe do Curso Superior de T\u00e9cnico de Pol\u00edcia Ostensiva e Preserva\u00e7\u00e3o da Ordem P\u00fablica. \u00a0\u00a0\u00a0\u00a0\u00a0\u00a0\u00a0\u00a0\u00a0 A [&hellip;]<\/p>\n","protected":false},"author":1,"featured_media":3864,"comment_status":"closed","ping_status":"open","sticky":false,"template":"","format":"standard","meta":{"footnotes":""},"categories":[110,2],"tags":[],"class_list":["post-3859","post","type-post","status-publish","format-standard","has-post-thumbnail","hentry","category-noticiasdestaque","category-policial"],"_links":{"self":[{"href":"https:\/\/jorgezanoni.com.br\/2019\/wp-json\/wp\/v2\/posts\/3859","targetHints":{"allow":["GET"]}}],"collection":[{"href":"https:\/\/jorgezanoni.com.br\/2019\/wp-json\/wp\/v2\/posts"}],"about":[{"href":"https:\/\/jorgezanoni.com.br\/2019\/wp-json\/wp\/v2\/types\/post"}],"author":[{"embeddable":true,"href":"https:\/\/jorgezanoni.com.br\/2019\/wp-json\/wp\/v2\/users\/1"}],"replies":[{"embeddable":true,"href":"https:\/\/jorgezanoni.com.br\/2019\/wp-json\/wp\/v2\/comments?post=3859"}],"version-history":[{"count":0,"href":"https:\/\/jorgezanoni.com.br\/2019\/wp-json\/wp\/v2\/posts\/3859\/revisions"}],"wp:featuredmedia":[{"embeddable":true,"href":"https:\/\/jorgezanoni.com.br\/2019\/wp-json\/wp\/v2\/media\/3864"}],"wp:attachment":[{"href":"https:\/\/jorgezanoni.com.br\/2019\/wp-json\/wp\/v2\/media?parent=3859"}],"wp:term":[{"taxonomy":"category","embeddable":true,"href":"https:\/\/jorgezanoni.com.br\/2019\/wp-json\/wp\/v2\/categories?post=3859"},{"taxonomy":"post_tag","embeddable":true,"href":"https:\/\/jorgezanoni.com.br\/2019\/wp-json\/wp\/v2\/tags?post=3859"}],"curies":[{"name":"wp","href":"https:\/\/api.w.org\/{rel}","templated":true}]}}