{"id":38555,"date":"2020-11-13T00:22:24","date_gmt":"2020-11-13T00:22:24","guid":{"rendered":"https:\/\/jorgezanoni.com.br\/2019\/?p=38555"},"modified":"2020-11-13T00:23:41","modified_gmt":"2020-11-13T00:23:41","slug":"folckcomunicacao-e-historia-em-tempo-de-pandemia","status":"publish","type":"post","link":"https:\/\/jorgezanoni.com.br\/2019\/folckcomunicacao-e-historia-em-tempo-de-pandemia\/","title":{"rendered":"Folckcomunica\u00e7\u00e3o e Hist\u00f3ria em Tempo de Pandemia&#8230;"},"content":{"rendered":"<p style=\"text-align: justify;\"><strong>FOLCKCOMUNICA\u00c7\u00c3O E HIST\u00d3RIA EM TEMPO DE PANDEMIA&#8230;<\/strong><\/p>\n<p style=\"text-align: justify;\"><em>\u201cUm pa\u00eds educado com internet progride. Um pa\u00eds sem educa\u00e7\u00e3o utiliza a internet para fazer \u201cestupidez\u201d. Isso a internet n\u00e3o pode resolver, isso s\u00f3 pode ser resolvido pelo sistema educacional.\u201d (Manuel Castells)<\/em><\/p>\n<p style=\"text-align: justify;\"><strong><em>S\u00e9rgio Barbosa (*)<\/em><\/strong><\/p>\n<p style=\"text-align: justify;\">Neste cen\u00e1rio atual em que todos est\u00e3o sobrevivendo de um jeito ou de outro, faz-se necess\u00e1rio estar em conex\u00e3o com as propostas medidas pela REFLEX\u00c3O CR\u00cdTICA por meio das denominadas TEORIAS MIDI\u00c1TICA na perspectiva da HIST\u00d3RIA&#8230;<\/p>\n<p style=\"text-align: justify;\">Tamb\u00e9m, podem-se desenvolver alternativas nestas quest\u00f5es envolvendo a CONTEXTULIZA\u00c7\u00c3O HIST\u00d3RICA de acordo com a M\u00cdDIA em tempo de p\u00f3s-globaliza\u00e7\u00e3o nas \u00e1reas afins aos interesses do PODER INSTITUCIONALIZADO&#8230;<\/p>\n<p style=\"text-align: justify;\">Neste cen\u00e1rio um tanto quanto desencontrado pelas diversas CRISES patrocinadas pelos eternos DONOS DO PODER, participou de uma VIDEOCONFER\u00caNCIA na Disciplina de HIST\u00d3RIA E M\u00cdDIA (VI Termo) do Curso de HIST\u00d3RIA da UNIFAI, a Profa. Dra. CRISTINA SCHMIDT DA SILVA, graduada em JORNALISMO e MESTRA EM COMUNICA\u00c7\u00c3O SOCIAL pela METODISTA\/SBCampo, DOUTORA EM COMUNICA\u00c7\u00c3O E SEMI\u00d3TICA pela\u00a0 PUC\/SP e P\u00d3S-DOC pela C\u00c1TEDRA UNESCO\/METODISTA DE COMUNICA\u00c7\u00c3O PARA O DESENVOLVIMENTO REGIONAL, ainda, desenvolve atividades como docente e pesquisadora colaboradora do Mestrado em POL\u00cdTICAS P\u00daBLICAS DA UMC-UNIVERSIDADE DE MOGI DAS CRUZES&#8230;<\/p>\n<p style=\"text-align: justify;\">O di\u00e1logo ocorreu no dia 11, das 21h10 \u00e0s 22h45 e teve como tema a seguinte proposta, a saber: CONTRIBUI\u00c7\u00d5ES DA FOLCKMOMUNICA\u00c7\u00c3O PARA UM DESCORTINAR ESTRAT\u00c9GICO, desta forma, a Turma do VI Termo do Curso de HIST\u00d3RIA foram de encontro ao outro lado do debate e de acordo com as RUPTURAS DEMOCR\u00c1TICAS que est\u00e3o ocorrendo em n\u00edvel GLOBAL&#8230;<\/p>\n<p style=\"text-align: justify;\"><strong>Hist\u00f3ria e Folckcomunica\u00e7\u00e3o<\/strong><\/p>\n<p style=\"text-align: justify;\">O atual cen\u00e1rio decorrente dos problemas causados pela PANDEMIA torna-se um fator determinante para um DESCORTINAR ESTRAT\u00c9GICO de acordo com CRISTINA, bem como, proporciona em todas as \u00e1reas do conhecimento\u00a0 uma aproxima\u00e7\u00e3o com a proposta da FOLCKCOMUNICA\u00c7\u00c3O&#8230;<\/p>\n<p style=\"text-align: justify;\">Neste contexto PLURAL para a sociedade, considerando que existem os VENTOS MALIGNOS para muitos desencontros com os PROCESSOS MIDI\u00c1TICOS decorrentes das incertezas dos GOVERNOS quanto \u00e0 proposta dos mesmos na \u00e1rea da SEGURAN\u00c7A via CONTROLE SOCIAL&#8230;<\/p>\n<p style=\"text-align: justify;\">Tais media\u00e7\u00f5es est\u00e3o centradas nas Pesquisas da Profa. CRISTINA na \u00e1rea da FOLCKCOMUNICA\u00c7\u00c3O e considerando que a sociedade est\u00e1 inserida em um contexto GLOBAL intermediados pelas P\u00d3S-VERDADE e N\u00c3O VERDADES&#8230;<\/p>\n<p style=\"text-align: justify;\">Portanto, tais contradi\u00e7\u00f5es est\u00e3o atreladas aos diversos interesses dos GOVERNANTES em n\u00edvel Mundial, deve-se destacar a exist\u00eancia de uma ESS\u00caNCIA DA COMUNICA\u00c7\u00c3O por meio da (DE) FORMA\u00c7\u00c3O da MENTE HUMANA e ponto quase final&#8230;<\/p>\n<p style=\"text-align: justify;\"><strong><em>___________________________________<\/em><\/strong><\/p>\n<p style=\"text-align: justify;\"><strong><em>(*) jornalista diplomado e docente dos cursos de hist\u00f3ria e administra\u00e7\u00e3o da unifai,. <\/em><\/strong><\/p>\n<p>&nbsp;<\/p>\n<p>&nbsp;<\/p>\n","protected":false},"excerpt":{"rendered":"<p>FOLCKCOMUNICA\u00c7\u00c3O E HIST\u00d3RIA EM TEMPO DE PANDEMIA&#8230; \u201cUm pa\u00eds educado com internet progride. Um pa\u00eds sem educa\u00e7\u00e3o utiliza a internet para fazer \u201cestupidez\u201d. Isso a internet n\u00e3o pode resolver, isso s\u00f3 pode ser resolvido pelo sistema educacional.\u201d (Manuel Castells) S\u00e9rgio Barbosa (*) Neste cen\u00e1rio atual em que todos est\u00e3o sobrevivendo de um jeito ou de [&hellip;]<\/p>\n","protected":false},"author":1,"featured_media":38556,"comment_status":"closed","ping_status":"open","sticky":false,"template":"","format":"standard","meta":{"footnotes":""},"categories":[122],"tags":[],"class_list":["post-38555","post","type-post","status-publish","format-standard","has-post-thumbnail","hentry","category-saudeeducacaoeconcurso"],"_links":{"self":[{"href":"https:\/\/jorgezanoni.com.br\/2019\/wp-json\/wp\/v2\/posts\/38555","targetHints":{"allow":["GET"]}}],"collection":[{"href":"https:\/\/jorgezanoni.com.br\/2019\/wp-json\/wp\/v2\/posts"}],"about":[{"href":"https:\/\/jorgezanoni.com.br\/2019\/wp-json\/wp\/v2\/types\/post"}],"author":[{"embeddable":true,"href":"https:\/\/jorgezanoni.com.br\/2019\/wp-json\/wp\/v2\/users\/1"}],"replies":[{"embeddable":true,"href":"https:\/\/jorgezanoni.com.br\/2019\/wp-json\/wp\/v2\/comments?post=38555"}],"version-history":[{"count":0,"href":"https:\/\/jorgezanoni.com.br\/2019\/wp-json\/wp\/v2\/posts\/38555\/revisions"}],"wp:featuredmedia":[{"embeddable":true,"href":"https:\/\/jorgezanoni.com.br\/2019\/wp-json\/wp\/v2\/media\/38556"}],"wp:attachment":[{"href":"https:\/\/jorgezanoni.com.br\/2019\/wp-json\/wp\/v2\/media?parent=38555"}],"wp:term":[{"taxonomy":"category","embeddable":true,"href":"https:\/\/jorgezanoni.com.br\/2019\/wp-json\/wp\/v2\/categories?post=38555"},{"taxonomy":"post_tag","embeddable":true,"href":"https:\/\/jorgezanoni.com.br\/2019\/wp-json\/wp\/v2\/tags?post=38555"}],"curies":[{"name":"wp","href":"https:\/\/api.w.org\/{rel}","templated":true}]}}