{"id":38552,"date":"2020-11-13T00:13:05","date_gmt":"2020-11-13T00:13:05","guid":{"rendered":"https:\/\/jorgezanoni.com.br\/2019\/?p=38552"},"modified":"2020-11-13T00:14:19","modified_gmt":"2020-11-13T00:14:19","slug":"reforma-protestante-no-curso-de-historia-da-unifai","status":"publish","type":"post","link":"https:\/\/jorgezanoni.com.br\/2019\/reforma-protestante-no-curso-de-historia-da-unifai\/","title":{"rendered":"Reforma Protestante no Curso de Hist\u00f3ria da UNIFAI&#8230;"},"content":{"rendered":"<p style=\"text-align: justify;\"><strong>REFORMA PROTESTANTE NO CURSO DE HIST\u00d3RIA DA UNIFAI&#8230;<\/strong><\/p>\n<p style=\"text-align: justify;\"><em>\u201cA religi\u00e3o n\u00e3o \u00e9 \u00b4conhecimento doutrin\u00e1rio\u00b4, mas sim sabedoria nascida da experi\u00eancia pessoal.\u201d (Martinho Lutero)<\/em><strong><em>\u00a0\u00a0\u00a0\u00a0\u00a0\u00a0\u00a0\u00a0\u00a0\u00a0\u00a0\u00a0\u00a0\u00a0\u00a0\u00a0\u00a0\u00a0\u00a0\u00a0\u00a0\u00a0 <\/em><\/strong><\/p>\n<p style=\"text-align: justify;\"><strong><em>S\u00e9rgio Barbosa (*)<\/em><\/strong><\/p>\n<p style=\"text-align: justify;\">o dia 31 de outubro comemorou-se os \u201c503 Anos\u201d da REFORMA PROTESTANTE em n\u00edvel mundial, portanto, trata-se de um acontecimento que mudou os rumos da IGREJA nestes \u00faltimos s\u00e9culos&#8230;<\/p>\n<p style=\"text-align: justify;\">Neste cen\u00e1rio, ocorreu no dia 9, das 21h10 \u00e0s 22h30, ainda, por meio de VIDECONFER\u00caNCIA na Disciplina de HIST\u00d3RIA E RELIGI\u00c3O do Curso de HIST\u00d3RIA da UNIFAI, a Palestra com o Pastor MARCELO HENRIQUE ROMEU, respons\u00e1vel pelas atividades pastorais na Segunda IPI- IGREJA PRESBITERIANA INDEPENDENTE de Avar\u00e9-SP&#8230;<\/p>\n<p style=\"text-align: justify;\">O tema deste di\u00e1logo mais do que interessante com os\/as alunos\/as do VI Termo, abordou diversos aspectos relacionados e de acordo com UM BREVE HIST\u00d3RICO SOBRE A REFORMA PROTESTANTE&#8230;<\/p>\n<p style=\"text-align: justify;\">Pode-se afirmar que o Pastor MACELO demonstrou com base nas fontes hist\u00f3rias registradas em publica\u00e7\u00f5es que debatem temas e tem\u00e1ticas que envolvem a denominada HIST\u00d3RIA DA IGREJA&#8230;<\/p>\n<p style=\"text-align: justify;\">Desta forma, faz-se necess\u00e1rio trazer tais debates para a sala de aula e de acordo com o PLANO DE ENSINO da disciplina em tempo de REDES SOCIAIS e plataforma utilizada pela Institui\u00e7\u00e3o neste tempo novo tempo que se chama hoje&#8230;<\/p>\n<p style=\"text-align: justify;\"><strong>REFORMA PROTESTANTE<\/strong><\/p>\n<p style=\"text-align: justify;\">Existem muitas contradi\u00e7\u00f5es decorrentes dos fatos que antecederam a REFORMA, tamb\u00e9m, quando os fatos ocorreram com a publica\u00e7\u00e3o das \u201c95 TESES\u201d por MARTINHO LUTERO e demais desdobramentos que ocorreram depois destes acontecimentos&#8230;<\/p>\n<p style=\"text-align: justify;\">Por\u00e9m, MARCELO destacou a import\u00e2ncia de todos os fatos que levaram a REFORMA PROTESTANTE, apresentando outros nomes de foram importantes em diversas etapas dos fatos que determinaram os novos rumos da IGREJA CRIST\u00c3 a partir de 1.517&#8230;<\/p>\n<p style=\"text-align: justify;\">O denominado PROTESTANTISMO HIST\u00d3RICO continua mais atual do que nunca em tempo de p\u00f3s-globaliza\u00e7\u00e3o organizacional, tendo em vista que as propostas que foram \u00e0 base daquele outro tempo do tempo, continuam nos dias de hoje, haja vista a IMPORT\u00c2NCIA DA REFLEX\u00c3O CR\u00cdTICA em todas as \u00e1reas onde o PODER se faz presente, ainda, as PROPOSTAS que envolveram as atividades nas esferas da EDUCA\u00c7\u00c3O&#8230;<\/p>\n<p style=\"text-align: justify;\">Portanto, a VIDEOCONFER\u00caNCIA proporcionou aos discentes uma VIS\u00c3O HIST\u00d3RICA sobre a import\u00e2ncia da REFORMA PROTESTANTE para a expans\u00e3o e desenvolvimento do PROTESTANTISMO nestes \u00faltimos cinco s\u00e9culos da HIST\u00d3RIA DA IGREJA&#8230;<\/p>\n<p style=\"text-align: justify;\"><strong><em>________________________________<\/em><\/strong><\/p>\n<p style=\"text-align: justify;\"><strong><em>(*) jornalista diplomado, cursou teologia na ftimb, mestre em ci\u00eancias da religi\u00e3o\/sociologia da religi\u00e3o pelo ppg\/cr da umesp e professor dos cursos de hist\u00f3ria e <\/em><\/strong><\/p>\n","protected":false},"excerpt":{"rendered":"<p>REFORMA PROTESTANTE NO CURSO DE HIST\u00d3RIA DA UNIFAI&#8230; \u201cA religi\u00e3o n\u00e3o \u00e9 \u00b4conhecimento doutrin\u00e1rio\u00b4, mas sim sabedoria nascida da experi\u00eancia pessoal.\u201d (Martinho Lutero)\u00a0\u00a0\u00a0\u00a0\u00a0\u00a0\u00a0\u00a0\u00a0\u00a0\u00a0\u00a0\u00a0\u00a0\u00a0\u00a0\u00a0\u00a0\u00a0\u00a0\u00a0\u00a0 S\u00e9rgio Barbosa (*) o dia 31 de outubro comemorou-se os \u201c503 Anos\u201d da REFORMA PROTESTANTE em n\u00edvel mundial, portanto, trata-se de um acontecimento que mudou os rumos da IGREJA nestes \u00faltimos s\u00e9culos&#8230; [&hellip;]<\/p>\n","protected":false},"author":1,"featured_media":38553,"comment_status":"closed","ping_status":"open","sticky":false,"template":"","format":"standard","meta":{"footnotes":""},"categories":[122],"tags":[],"class_list":["post-38552","post","type-post","status-publish","format-standard","has-post-thumbnail","hentry","category-saudeeducacaoeconcurso"],"_links":{"self":[{"href":"https:\/\/jorgezanoni.com.br\/2019\/wp-json\/wp\/v2\/posts\/38552","targetHints":{"allow":["GET"]}}],"collection":[{"href":"https:\/\/jorgezanoni.com.br\/2019\/wp-json\/wp\/v2\/posts"}],"about":[{"href":"https:\/\/jorgezanoni.com.br\/2019\/wp-json\/wp\/v2\/types\/post"}],"author":[{"embeddable":true,"href":"https:\/\/jorgezanoni.com.br\/2019\/wp-json\/wp\/v2\/users\/1"}],"replies":[{"embeddable":true,"href":"https:\/\/jorgezanoni.com.br\/2019\/wp-json\/wp\/v2\/comments?post=38552"}],"version-history":[{"count":0,"href":"https:\/\/jorgezanoni.com.br\/2019\/wp-json\/wp\/v2\/posts\/38552\/revisions"}],"wp:featuredmedia":[{"embeddable":true,"href":"https:\/\/jorgezanoni.com.br\/2019\/wp-json\/wp\/v2\/media\/38553"}],"wp:attachment":[{"href":"https:\/\/jorgezanoni.com.br\/2019\/wp-json\/wp\/v2\/media?parent=38552"}],"wp:term":[{"taxonomy":"category","embeddable":true,"href":"https:\/\/jorgezanoni.com.br\/2019\/wp-json\/wp\/v2\/categories?post=38552"},{"taxonomy":"post_tag","embeddable":true,"href":"https:\/\/jorgezanoni.com.br\/2019\/wp-json\/wp\/v2\/tags?post=38552"}],"curies":[{"name":"wp","href":"https:\/\/api.w.org\/{rel}","templated":true}]}}