{"id":38549,"date":"2020-11-12T23:44:23","date_gmt":"2020-11-12T23:44:23","guid":{"rendered":"https:\/\/jorgezanoni.com.br\/2019\/?p=38549"},"modified":"2020-11-12T23:44:23","modified_gmt":"2020-11-12T23:44:23","slug":"unifadra-fundec-de-dracena-traz-novos-cursos-de-ensino-a-distancia-a-fundec-por-meio-da-parceria-com-a-unitau-possui-mais-de-20-cursos-ead","status":"publish","type":"post","link":"https:\/\/jorgezanoni.com.br\/2019\/unifadra-fundec-de-dracena-traz-novos-cursos-de-ensino-a-distancia-a-fundec-por-meio-da-parceria-com-a-unitau-possui-mais-de-20-cursos-ead\/","title":{"rendered":"Unifadra\/Fundec de Dracena traz novos cursos de ensino a dist\u00e2ncia A Fundec, por meio da parceria com a Unitau, possui mais de 20 cursos EaD."},"content":{"rendered":"<p dir=\"ltr\" style=\"text-align: justify;\">Os cursos de gradua\u00e7\u00e3o a dist\u00e2ncia da Unifadra \u2013 Polo Unitau Dracena foram desenvolvidos para aqueles que buscam uma forma\u00e7\u00e3o de qualidade, mas precisam conciliar a vida acad\u00eamica com suas atividades profissionais e pessoais.<\/p>\n<p dir=\"ltr\" style=\"text-align: justify;\">A Unifadra EaD est\u00e1 com novos cursos superiores on-line: Servi\u00e7o Social, Sistemas da Informa\u00e7\u00e3o e An\u00e1lise e Desenvolvimento de Sistemas.<\/p>\n<p dir=\"ltr\" style=\"text-align: justify;\">Com mais de 20 cursos de licenciatura, bacharelado, forma\u00e7\u00e3o pedag\u00f3gica e superior de tecnologia, por meio da plataforma da Unitau (Universidade de Taubat\u00e9), a Unifadra trouxe para Dracena e regi\u00e3o uma modalidade de ensino com cont\u00ednuas inova\u00e7\u00f5es pedag\u00f3gicas e tecnol\u00f3gicas, para a forma\u00e7\u00e3o de profissionais qualificados que atendam as demandas da sociedade.<\/p>\n<p dir=\"ltr\" style=\"text-align: justify;\">Os cursos ofertados s\u00e3o: Artes Visuais, Ci\u00eancias Biol\u00f3gicas, Educa\u00e7\u00e3o Especial, Educa\u00e7\u00e3o F\u00edsica, Filosofia, F\u00edsica, Geografia, Hist\u00f3ria, Letras \u2013 L\u00edngua Portuguesa, Matem\u00e1tica, M\u00fasica, Pedagogia, Qu\u00edmica, Sociologia, Gest\u00e3o Comercial, Gest\u00e3o de Recursos Humanos, Gest\u00e3o de Agroneg\u00f3cio, Gest\u00e3o Financeira, Log\u00edstica, Processos Gerenciais, Administra\u00e7\u00e3o, Ci\u00eancias Cont\u00e1beis, Forma\u00e7\u00e3o Pedag\u00f3gica, Forma\u00e7\u00e3o Pedag\u00f3gica em Pedagogia, Servi\u00e7o Social, Sistemas de Informa\u00e7\u00e3o e An\u00e1lise e Desenvolvimento de Sistemas.<\/p>\n<p dir=\"ltr\" style=\"text-align: justify;\">As inscri\u00e7\u00f5es para o vestibular dos cursos EAD da Unifadra podem ser feitas at\u00e9 o dia 12 de fevereiro. Inscreva-se pelo site <a href=\"http:\/\/www.fundec.edu.br\/\" target=\"_blank\" rel=\"noopener noreferrer\">www<\/a>.<a href=\"http:\/\/fundec.edu.br\/\" target=\"_blank\" rel=\"noopener noreferrer\">fundec.edu.br<\/a> . Mais informa\u00e7\u00f5es: (18) 3821-9004 ou <a href=\"mailto:centroinfo@fundec.edu.br\" rel=\"noreferrer\">centroinfo@fundec.edu.br<\/a> .<\/p>\n<div class=\"gmail_signature\" dir=\"ltr\">\n<div dir=\"ltr\" style=\"text-align: justify;\">Carolina Colnago<br \/>\nAssistente de Comunica\u00e7\u00e3o<br \/>\nFunda\u00e7\u00e3o Dracenense de Educa\u00e7\u00e3o e Cultura<\/div>\n<\/div>\n","protected":false},"excerpt":{"rendered":"<p>Os cursos de gradua\u00e7\u00e3o a dist\u00e2ncia da Unifadra \u2013 Polo Unitau Dracena foram desenvolvidos para aqueles que buscam uma forma\u00e7\u00e3o de qualidade, mas precisam conciliar a vida acad\u00eamica com suas atividades profissionais e pessoais. A Unifadra EaD est\u00e1 com novos cursos superiores on-line: Servi\u00e7o Social, Sistemas da Informa\u00e7\u00e3o e An\u00e1lise e Desenvolvimento de Sistemas. Com [&hellip;]<\/p>\n","protected":false},"author":1,"featured_media":38550,"comment_status":"closed","ping_status":"open","sticky":false,"template":"","format":"standard","meta":{"footnotes":""},"categories":[122],"tags":[],"class_list":["post-38549","post","type-post","status-publish","format-standard","has-post-thumbnail","hentry","category-saudeeducacaoeconcurso"],"_links":{"self":[{"href":"https:\/\/jorgezanoni.com.br\/2019\/wp-json\/wp\/v2\/posts\/38549","targetHints":{"allow":["GET"]}}],"collection":[{"href":"https:\/\/jorgezanoni.com.br\/2019\/wp-json\/wp\/v2\/posts"}],"about":[{"href":"https:\/\/jorgezanoni.com.br\/2019\/wp-json\/wp\/v2\/types\/post"}],"author":[{"embeddable":true,"href":"https:\/\/jorgezanoni.com.br\/2019\/wp-json\/wp\/v2\/users\/1"}],"replies":[{"embeddable":true,"href":"https:\/\/jorgezanoni.com.br\/2019\/wp-json\/wp\/v2\/comments?post=38549"}],"version-history":[{"count":0,"href":"https:\/\/jorgezanoni.com.br\/2019\/wp-json\/wp\/v2\/posts\/38549\/revisions"}],"wp:featuredmedia":[{"embeddable":true,"href":"https:\/\/jorgezanoni.com.br\/2019\/wp-json\/wp\/v2\/media\/38550"}],"wp:attachment":[{"href":"https:\/\/jorgezanoni.com.br\/2019\/wp-json\/wp\/v2\/media?parent=38549"}],"wp:term":[{"taxonomy":"category","embeddable":true,"href":"https:\/\/jorgezanoni.com.br\/2019\/wp-json\/wp\/v2\/categories?post=38549"},{"taxonomy":"post_tag","embeddable":true,"href":"https:\/\/jorgezanoni.com.br\/2019\/wp-json\/wp\/v2\/tags?post=38549"}],"curies":[{"name":"wp","href":"https:\/\/api.w.org\/{rel}","templated":true}]}}