{"id":38543,"date":"2020-11-12T23:03:48","date_gmt":"2020-11-12T23:03:48","guid":{"rendered":"https:\/\/jorgezanoni.com.br\/2019\/?p=38543"},"modified":"2020-11-12T23:03:48","modified_gmt":"2020-11-12T23:03:48","slug":"unifadra-realiza-sorteio-de-bolsas-para-inscritos-na-feira-das-profissoes","status":"publish","type":"post","link":"https:\/\/jorgezanoni.com.br\/2019\/unifadra-realiza-sorteio-de-bolsas-para-inscritos-na-feira-das-profissoes\/","title":{"rendered":"Unifadra realiza sorteio de bolsas para inscritos na Feira das Profiss\u00f5es"},"content":{"rendered":"<p dir=\"ltr\" style=\"text-align: justify;\"><strong>Os contemplados t\u00eam at\u00e9 13 de novembro para realizar suas matr\u00edculas<\/strong>.<\/p>\n<p>A Unifadra (cursos superiores) e o CEP\/UME (cursos t\u00e9cnicos), unidades mantidas pela Fundec, realizaram a Feira das Profiss\u00f5es Web nos dias 20 e 21 de outubro. O evento foi aberto e totalmente gratuito. Ao final, os participantes interessados puderam se inscrever para concorrer a bolsas de estudos de 50%.<\/p>\n<p dir=\"ltr\" style=\"text-align: justify;\">Com o tema &#8220;E agora? Qual profiss\u00e3o seguir p\u00f3s-pandemia?&#8221;, o evento contou com rodas de conversas e palestras que mostraram um pouco mais o ambiente da Faculdade Unifadra e dos cursos t\u00e9cnicos do CEP\/UME, bem como o mercado de trabalho e as informa\u00e7\u00f5es sobre cada curso.<\/p>\n<p dir=\"ltr\" style=\"text-align: justify;\">O sorteio das bolsas foi realizado ao vivo, pela plataforma Google Meet, no dia 27 de outubro, conforme informado em edital no site <a href=\"http:\/\/www.fundec.edu.br\/feira\" target=\"_blank\" rel=\"noopener noreferrer\">www.fundec.edu.br\/feira<\/a> . O v\u00eddeo do sorteio est\u00e1 dispon\u00edvel na p\u00e1gina da Feira.<br \/>\nOs contemplados devem fazer o vestibular e a matr\u00edcula at\u00e9 o dia 13 de novembro, conforme edital.<\/p>\n<p>A ganhadora da bolsa do curso de Psicologia Isabela de Mello Millan j\u00e1 realizou sua matr\u00edcula e garantiu seu desconto de 50% nas mensalidades.<\/p>\n<p dir=\"ltr\" style=\"text-align: justify;\">O diretor acad\u00eamico da Unifadra Enio Garbelini parabenizou os contemplados e destacou que a Feira de Profiss\u00f5es, realizada anualmente, \u00e9 uma grande oportunidade para a escolha de um futuro profissional de sucesso e possibilita que os interessados conhe\u00e7am os cursos que s\u00e3o ofertados pela Unifadra.<\/p>\n<p dir=\"ltr\" style=\"text-align: justify;\">Quem n\u00e3o participou da Feira das Profiss\u00f5es e deseja ingressar em um curso da Unifadra com desconto, pode optar por se inscrever pelo Vestibular Agendado, Nota do ENEM ou Prova On-line e se matricular at\u00e9 13 de novembro, garantindo uma bolsa de 25% nas mensalidades. O edital est\u00e1 dispon\u00edvel em <a href=\"http:\/\/www.fundec.edu.br\/\" target=\"_blank\" rel=\"noopener noreferrer\">www.fundec.edu.br<\/a> .<\/p>\n<p dir=\"ltr\" style=\"text-align: justify;\">Mais informa\u00e7\u00f5es: (18) 3821-9004 ou pelo Whatsapp (18) 99802-1237.<\/p>\n<div style=\"text-align: justify;\">Foto: A\u00a0colaboradora da Fundec Michelle Cristina de Sales e a ganhadora da bolsa do curso de Psicologia Isabela de Mello Millan.<\/div>\n<div style=\"text-align: justify;\"><\/div>\n<div class=\"gmail_signature\" dir=\"ltr\">\n<div dir=\"ltr\" style=\"text-align: justify;\"><b>Carolina Colnago<br \/>\nAssistente de Comunica\u00e7\u00e3o\u00a0<\/b><br \/>\n<b>Funda\u00e7\u00e3o Dracenense de Educa\u00e7\u00e3o e Cultura<\/b><\/div>\n<\/div>\n","protected":false},"excerpt":{"rendered":"<p>Os contemplados t\u00eam at\u00e9 13 de novembro para realizar suas matr\u00edculas. A Unifadra (cursos superiores) e o CEP\/UME (cursos t\u00e9cnicos), unidades mantidas pela Fundec, realizaram a Feira das Profiss\u00f5es Web nos dias 20 e 21 de outubro. O evento foi aberto e totalmente gratuito. Ao final, os participantes interessados puderam se inscrever para concorrer a [&hellip;]<\/p>\n","protected":false},"author":1,"featured_media":38544,"comment_status":"closed","ping_status":"open","sticky":false,"template":"","format":"standard","meta":{"footnotes":""},"categories":[122],"tags":[],"class_list":["post-38543","post","type-post","status-publish","format-standard","has-post-thumbnail","hentry","category-saudeeducacaoeconcurso"],"_links":{"self":[{"href":"https:\/\/jorgezanoni.com.br\/2019\/wp-json\/wp\/v2\/posts\/38543","targetHints":{"allow":["GET"]}}],"collection":[{"href":"https:\/\/jorgezanoni.com.br\/2019\/wp-json\/wp\/v2\/posts"}],"about":[{"href":"https:\/\/jorgezanoni.com.br\/2019\/wp-json\/wp\/v2\/types\/post"}],"author":[{"embeddable":true,"href":"https:\/\/jorgezanoni.com.br\/2019\/wp-json\/wp\/v2\/users\/1"}],"replies":[{"embeddable":true,"href":"https:\/\/jorgezanoni.com.br\/2019\/wp-json\/wp\/v2\/comments?post=38543"}],"version-history":[{"count":0,"href":"https:\/\/jorgezanoni.com.br\/2019\/wp-json\/wp\/v2\/posts\/38543\/revisions"}],"wp:featuredmedia":[{"embeddable":true,"href":"https:\/\/jorgezanoni.com.br\/2019\/wp-json\/wp\/v2\/media\/38544"}],"wp:attachment":[{"href":"https:\/\/jorgezanoni.com.br\/2019\/wp-json\/wp\/v2\/media?parent=38543"}],"wp:term":[{"taxonomy":"category","embeddable":true,"href":"https:\/\/jorgezanoni.com.br\/2019\/wp-json\/wp\/v2\/categories?post=38543"},{"taxonomy":"post_tag","embeddable":true,"href":"https:\/\/jorgezanoni.com.br\/2019\/wp-json\/wp\/v2\/tags?post=38543"}],"curies":[{"name":"wp","href":"https:\/\/api.w.org\/{rel}","templated":true}]}}