{"id":38539,"date":"2020-11-12T15:58:30","date_gmt":"2020-11-12T15:58:30","guid":{"rendered":"https:\/\/jorgezanoni.com.br\/2019\/?p=38539"},"modified":"2020-11-12T15:58:30","modified_gmt":"2020-11-12T15:58:30","slug":"morador-de-tupi-paulista-diagnosticado-com-a-covid-19-morre-na-santa-casa-de-dracena","status":"publish","type":"post","link":"https:\/\/jorgezanoni.com.br\/2019\/morador-de-tupi-paulista-diagnosticado-com-a-covid-19-morre-na-santa-casa-de-dracena\/","title":{"rendered":"Morador de Tupi Paulista diagnosticado com a Covid-19 morre na Santa Casa de Dracena"},"content":{"rendered":"<h2 class=\"content-head__subtitle\" style=\"text-align: justify;\"><strong>V\u00edtima fatal \u00e9 um homem, de 65 anos, que possu\u00eda comorbidades. O paciente faleceu nesta quarta-feira (10).<\/strong><\/h2>\n<div class=\"mc-column content-text active-extra-styles \" data-block-type=\"unstyled\" data-block-weight=\"16\" data-block-id=\"2\">\n<p class=\"content-text__container \" style=\"text-align: justify;\" data-track-category=\"Link no Texto\" data-track-links=\"\">A Prefeitura confirmou nesta quinta-feira (12) mais uma morte provocada pela Covid-19 em\u00a0<a href=\"https:\/\/g1.globo.com\/sp\/presidente-prudente-regiao\/cidade\/tupi-paulista\/\">Tupi Paulista<\/a>.<\/p>\n<\/div>\n<div class=\"wall protected-content\">\n<div class=\"mc-column content-text active-extra-styles \" style=\"text-align: justify;\" data-block-type=\"unstyled\" data-block-weight=\"11\" data-block-id=\"3\">\n<p class=\"content-text__container \" data-track-category=\"Link no Texto\" data-track-links=\"\">Com o novo registro, cidade possui tr\u00eas \u00f3bitos pela doen\u00e7a.<\/p>\n<\/div>\n<div class=\"mc-column content-text active-extra-styles \" style=\"text-align: justify;\" data-block-type=\"unstyled\" data-block-weight=\"29\" data-block-id=\"4\">\n<p class=\"content-text__container \" data-track-category=\"Link no Texto\" data-track-links=\"\">A v\u00edtima fatal \u00e9 um homem, de 65 anos, que tinha comorbidades e estava internado na Santa Casa de Miseric\u00f3rdia de\u00a0<a href=\"https:\/\/g1.globo.com\/sp\/presidente-prudente-regiao\/cidade\/dracena\/\">Dracena<\/a>. O paciente faleceu nesta quarta-feira (10).<\/p>\n<\/div>\n<div class=\"mc-column content-text active-extra-styles \" data-block-type=\"unstyled\" data-block-weight=\"9\" data-block-id=\"5\">\n<p class=\"content-text__container \" style=\"text-align: justify;\" data-track-category=\"Link no Texto\" data-track-links=\"\">Tupi Paulista tem 217 casos positivos do novo coronav\u00edrus.<\/p>\n<p style=\"text-align: justify;\" data-track-category=\"Link no Texto\" data-track-links=\"\">Fonte: G1<\/p>\n<\/div>\n<\/div>\n","protected":false},"excerpt":{"rendered":"<p>V\u00edtima fatal \u00e9 um homem, de 65 anos, que possu\u00eda comorbidades. O paciente faleceu nesta quarta-feira (10). A Prefeitura confirmou nesta quinta-feira (12) mais uma morte provocada pela Covid-19 em\u00a0Tupi Paulista. Com o novo registro, cidade possui tr\u00eas \u00f3bitos pela doen\u00e7a. A v\u00edtima fatal \u00e9 um homem, de 65 anos, que tinha comorbidades e estava [&hellip;]<\/p>\n","protected":false},"author":1,"featured_media":38540,"comment_status":"closed","ping_status":"open","sticky":false,"template":"","format":"standard","meta":{"footnotes":""},"categories":[178,110],"tags":[],"class_list":["post-38539","post","type-post","status-publish","format-standard","has-post-thumbnail","hentry","category-notadefalecimento","category-noticiasdestaque"],"_links":{"self":[{"href":"https:\/\/jorgezanoni.com.br\/2019\/wp-json\/wp\/v2\/posts\/38539","targetHints":{"allow":["GET"]}}],"collection":[{"href":"https:\/\/jorgezanoni.com.br\/2019\/wp-json\/wp\/v2\/posts"}],"about":[{"href":"https:\/\/jorgezanoni.com.br\/2019\/wp-json\/wp\/v2\/types\/post"}],"author":[{"embeddable":true,"href":"https:\/\/jorgezanoni.com.br\/2019\/wp-json\/wp\/v2\/users\/1"}],"replies":[{"embeddable":true,"href":"https:\/\/jorgezanoni.com.br\/2019\/wp-json\/wp\/v2\/comments?post=38539"}],"version-history":[{"count":0,"href":"https:\/\/jorgezanoni.com.br\/2019\/wp-json\/wp\/v2\/posts\/38539\/revisions"}],"wp:featuredmedia":[{"embeddable":true,"href":"https:\/\/jorgezanoni.com.br\/2019\/wp-json\/wp\/v2\/media\/38540"}],"wp:attachment":[{"href":"https:\/\/jorgezanoni.com.br\/2019\/wp-json\/wp\/v2\/media?parent=38539"}],"wp:term":[{"taxonomy":"category","embeddable":true,"href":"https:\/\/jorgezanoni.com.br\/2019\/wp-json\/wp\/v2\/categories?post=38539"},{"taxonomy":"post_tag","embeddable":true,"href":"https:\/\/jorgezanoni.com.br\/2019\/wp-json\/wp\/v2\/tags?post=38539"}],"curies":[{"name":"wp","href":"https:\/\/api.w.org\/{rel}","templated":true}]}}