{"id":38536,"date":"2020-11-12T15:47:01","date_gmt":"2020-11-12T15:47:01","guid":{"rendered":"https:\/\/jorgezanoni.com.br\/2019\/?p=38536"},"modified":"2020-11-12T15:47:01","modified_gmt":"2020-11-12T15:47:01","slug":"deputados-reinaldo-alguz-e-enrico-misasi-sao-diagnosticados-com-covid-e-estao-internados","status":"publish","type":"post","link":"https:\/\/jorgezanoni.com.br\/2019\/deputados-reinaldo-alguz-e-enrico-misasi-sao-diagnosticados-com-covid-e-estao-internados\/","title":{"rendered":"Deputados Reinaldo Alguz e Enrico Misasi s\u00e3o Diagnosticados com Covid e est\u00e3o internados"},"content":{"rendered":"<p style=\"text-align: justify;\">Em Dracena desde o final de semana e percorrendo as bases eleitorais da regi\u00e3o, os deputados Reinaldo Alguz e Enrico Misasi foram diagnosticados com Covid. Os sintomas come\u00e7aram logo depois do pr\u00f3prio motorista dos deputados passar mal durante a viagem a Dracena e ser internado na Santa Casa local.<\/p>\n<p style=\"text-align: justify;\">Segundo informa\u00e7\u00f5es, o deputado federal Enrico Misasi foi transferido para S\u00e3o Paulo em Ambul\u00e2ncia UTI apenas por precau\u00e7\u00e3o a pedido da fam\u00edlia que reside na capital paulista.<\/p>\n<p style=\"text-align: justify;\">Reinaldo Alguz encontra-se internado na Santa Casa de Dracena recebendo os cuidados m\u00e9dicos e seu estado de sa\u00fade \u00e9 considerado est\u00e1vel e em recupera\u00e7\u00e3o.<\/p>\n<p style=\"text-align: justify;\">O motorista dos deputados tamb\u00e9m internado em Dracena, recebendo tratamento com fisioterapia pulmonar.<\/p>\n<p style=\"text-align: justify;\">Fonte: Vanderlei Val\u00e9rio\/Jornal Interativo<\/p>\n<p style=\"text-align: justify;\">\n","protected":false},"excerpt":{"rendered":"<p>Em Dracena desde o final de semana e percorrendo as bases eleitorais da regi\u00e3o, os deputados Reinaldo Alguz e Enrico Misasi foram diagnosticados com Covid. Os sintomas come\u00e7aram logo depois do pr\u00f3prio motorista dos deputados passar mal durante a viagem a Dracena e ser internado na Santa Casa local. Segundo informa\u00e7\u00f5es, o deputado federal Enrico [&hellip;]<\/p>\n","protected":false},"author":1,"featured_media":38537,"comment_status":"closed","ping_status":"open","sticky":false,"template":"","format":"standard","meta":{"footnotes":""},"categories":[110,116],"tags":[],"class_list":["post-38536","post","type-post","status-publish","format-standard","has-post-thumbnail","hentry","category-noticiasdestaque","category-politicaeeconomia"],"_links":{"self":[{"href":"https:\/\/jorgezanoni.com.br\/2019\/wp-json\/wp\/v2\/posts\/38536","targetHints":{"allow":["GET"]}}],"collection":[{"href":"https:\/\/jorgezanoni.com.br\/2019\/wp-json\/wp\/v2\/posts"}],"about":[{"href":"https:\/\/jorgezanoni.com.br\/2019\/wp-json\/wp\/v2\/types\/post"}],"author":[{"embeddable":true,"href":"https:\/\/jorgezanoni.com.br\/2019\/wp-json\/wp\/v2\/users\/1"}],"replies":[{"embeddable":true,"href":"https:\/\/jorgezanoni.com.br\/2019\/wp-json\/wp\/v2\/comments?post=38536"}],"version-history":[{"count":0,"href":"https:\/\/jorgezanoni.com.br\/2019\/wp-json\/wp\/v2\/posts\/38536\/revisions"}],"wp:featuredmedia":[{"embeddable":true,"href":"https:\/\/jorgezanoni.com.br\/2019\/wp-json\/wp\/v2\/media\/38537"}],"wp:attachment":[{"href":"https:\/\/jorgezanoni.com.br\/2019\/wp-json\/wp\/v2\/media?parent=38536"}],"wp:term":[{"taxonomy":"category","embeddable":true,"href":"https:\/\/jorgezanoni.com.br\/2019\/wp-json\/wp\/v2\/categories?post=38536"},{"taxonomy":"post_tag","embeddable":true,"href":"https:\/\/jorgezanoni.com.br\/2019\/wp-json\/wp\/v2\/tags?post=38536"}],"curies":[{"name":"wp","href":"https:\/\/api.w.org\/{rel}","templated":true}]}}