{"id":38477,"date":"2020-11-11T00:20:56","date_gmt":"2020-11-11T00:20:56","guid":{"rendered":"https:\/\/jorgezanoni.com.br\/2019\/?p=38477"},"modified":"2020-11-11T00:20:56","modified_gmt":"2020-11-11T00:20:56","slug":"ministerio-publico-estadual-abre-inquerito-para-apurar-supostas-irregularidades-na-instalacao-de-radares-na-sp-294","status":"publish","type":"post","link":"https:\/\/jorgezanoni.com.br\/2019\/ministerio-publico-estadual-abre-inquerito-para-apurar-supostas-irregularidades-na-instalacao-de-radares-na-sp-294\/","title":{"rendered":"Minist\u00e9rio P\u00fablico Estadual abre inqu\u00e9rito para apurar supostas irregularidades na instala\u00e7\u00e3o de radares na SP-294"},"content":{"rendered":"<h2 class=\"content-head__subtitle\" style=\"text-align: justify;\"><strong>Equipamentos ficam no km 646 da Rodovia Comandante Jo\u00e3o Ribeiro de Barros, em Dracena. Departamento de Estradas de Rodagem (DER) informou que o funcionamento atende todos os requisitos t\u00e9cnicos e legais.<\/strong><\/h2>\n<div class=\"mc-column content-text active-extra-styles \" data-block-type=\"unstyled\" data-block-weight=\"57\" data-block-id=\"2\">\n<p class=\"content-text__container \" style=\"text-align: justify;\" data-track-category=\"Link no Texto\" data-track-links=\"\">O Minist\u00e9rio P\u00fablico do Estado de S\u00e3o Paulo (MPE-SP), atrav\u00e9s do promotor de Justi\u00e7a Ant\u00f4nio Simini J\u00fanior, instaurou nesta segunda-feira (9) um inqu\u00e9rito civil para apurar supostas irregularidades na instala\u00e7\u00e3o dos radares fixos localizados no km 646 da Rodovia Comandante Jo\u00e3o Ribeiro de Barros (SP-294), em\u00a0<a href=\"https:\/\/g1.globo.com\/sp\/presidente-prudente-regiao\/cidade\/dracena\/\">Dracena (SP)<\/a>\u00a0(<strong><em>veja a \u00edntegra do documento no fim da reportagem<\/em><\/strong>).<\/p>\n<\/div>\n<div class=\"wall protected-content\">\n<div class=\"mc-column content-text active-extra-styles \" style=\"text-align: justify;\" data-block-type=\"unstyled\" data-block-weight=\"81\" data-block-id=\"3\">\n<p class=\"content-text__container \" data-track-category=\"Link no Texto\" data-track-links=\"\">Na portaria de instaura\u00e7\u00e3o do inqu\u00e9rito, o promotor determinou que o Departamento de Estradas de Rodagem do Estado de S\u00e3o Paulo (DER), cadastrado como representado no documento, seja notificado sobre o procedimento e que, no prazo de cinco dias, encaminhe ao MPE c\u00f3pia integral do estudo t\u00e9cnico realizado com vistas \u00e0 necessidade de instala\u00e7\u00e3o de dois radares, bem como informe o n\u00famero de infra\u00e7\u00f5es de tr\u00e2nsito registradas pelos radares DER n\u00ba 17013, 17014 e 16035 no m\u00eas de outubro de 2020.<\/p>\n<\/div>\n<div class=\"mc-column content-text active-extra-styles \" style=\"text-align: justify;\" data-block-type=\"unstyled\" data-block-weight=\"49\" data-block-id=\"4\">\n<p class=\"content-text__container \" data-track-category=\"Link no Texto\" data-track-links=\"\">O promotor tamb\u00e9m pediu para que o \u00f3rg\u00e3o informe se a instala\u00e7\u00e3o dos radares DER n\u00ba 17013 e 17014 observou integralmente as regras da Resolu\u00e7\u00e3o n\u00ba 396\/2011 e, a partir de 3 de novembro de 2020, o contido na Resolu\u00e7\u00e3o n\u00ba 798\/2020, ambas do Conselho Nacional de Tr\u00e2nsito (Contran).<\/p>\n<\/div>\n<div class=\"mc-column content-text active-extra-styles \" style=\"text-align: justify;\" data-block-type=\"unstyled\" data-block-weight=\"59\" data-block-id=\"5\">\n<p class=\"content-text__container \" data-track-category=\"Link no Texto\" data-track-links=\"\">Um dos pontos considerados por Simini J\u00fanior para a instaura\u00e7\u00e3o do inqu\u00e9rito foi o recebimento de um of\u00edcio da Delegacia Seccional da Pol\u00edcia Civil, de Dracena, encaminhando c\u00f3pias de\u00a0<a href=\"https:\/\/g1.globo.com\/sp\/presidente-prudente-regiao\/noticia\/2020\/10\/28\/policia-civil-apura-possiveis-prejuizos-de-motoristas-com-multas-aplicadas-por-radar-em-dracena.ghtml\">ocorr\u00eancias confeccionadas pelo Plant\u00e3o Central da Delegacia Seccional em raz\u00e3o de reclama\u00e7\u00f5es de usu\u00e1rios da SP-294<\/a>\u00a0alegando poss\u00edveis irregularidades na instala\u00e7\u00e3o dos equipamentos fixos, gerando grande n\u00famero de autua\u00e7\u00f5es irregulares.<\/p>\n<\/div>\n<div class=\"content-ads content-ads--reveal\" style=\"text-align: justify;\" data-block-type=\"ads\" data-block-id=\"6\">\n<div id=\"banner_materia2\" class=\"tag-manager-publicidade-container mc-has-reveal mc-has-ad-lazyload\" data-id=\"banner_materia2\"><\/div>\n<\/div>\n<div class=\"row medium-uncollapsed content-media content-photo\" style=\"text-align: justify;\" data-block-type=\"backstage-photo\" data-block-id=\"7\">\n<div class=\"mc-column content-media__container\">\n<figure><img decoding=\"async\" class=\"i-amphtml-fill-content i-amphtml-replaced-content\" src=\"https:\/\/s2.glbimg.com\/FL1PySaYSi_Rogkb0AftxeyNL-k=\/0x0:1280x720\/984x0\/smart\/filters:strip_icc()\/i.s3.glbimg.com\/v1\/AUTH_59edd422c0c84a879bd37670ae4f538a\/internal_photos\/bs\/2020\/V\/k\/HejymdT4qAtXoGHxMhsA\/whatsapp-image-2020-11-10-at-16.12.27-2-.jpeg\" sizes=\"(max-width: 1366px) 648px, 100vw\" srcset=\"https:\/\/s2.glbimg.com\/3dFPo7KUz7Vy56bXPz0MjtBwM3Q=\/0x0:1280x720\/1000x0\/smart\/filters:strip_icc()\/i.s3.glbimg.com\/v1\/AUTH_59edd422c0c84a879bd37670ae4f538a\/internal_photos\/bs\/2020\/V\/k\/HejymdT4qAtXoGHxMhsA\/whatsapp-image-2020-11-10-at-16.12.27-2-.jpeg 1000w, https:\/\/s2.glbimg.com\/FL1PySaYSi_Rogkb0AftxeyNL-k=\/0x0:1280x720\/984x0\/smart\/filters:strip_icc()\/i.s3.glbimg.com\/v1\/AUTH_59edd422c0c84a879bd37670ae4f538a\/internal_photos\/bs\/2020\/V\/k\/HejymdT4qAtXoGHxMhsA\/whatsapp-image-2020-11-10-at-16.12.27-2-.jpeg 984w, https:\/\/s2.glbimg.com\/_kEuY7HKdiCRC3y1OJq7ZgviP_w=\/0x0:1280x720\/640x0\/smart\/filters:strip_icc()\/i.s3.glbimg.com\/v1\/AUTH_59edd422c0c84a879bd37670ae4f538a\/internal_photos\/bs\/2020\/V\/k\/HejymdT4qAtXoGHxMhsA\/whatsapp-image-2020-11-10-at-16.12.27-2-.jpeg 640w, https:\/\/s2.glbimg.com\/xBo_JQBmoLDm4vzmmYmi-6VDJzw=\/0x0:1280x720\/600x0\/smart\/filters:strip_icc()\/i.s3.glbimg.com\/v1\/AUTH_59edd422c0c84a879bd37670ae4f538a\/internal_photos\/bs\/2020\/V\/k\/HejymdT4qAtXoGHxMhsA\/whatsapp-image-2020-11-10-at-16.12.27-2-.jpeg 600w\" alt=\"Minist\u00e9rio P\u00fablico do Estado de S\u00e3o Paulo, em Dracena \u2014 Foto: Carlos Volpi\/TV Fronteira\" \/><\/figure>\n<p class=\"content-media__description \">Minist\u00e9rio P\u00fablico do Estado de S\u00e3o Paulo, em Dracena \u2014 Foto: Carlos Volpi\/TV Fronteira<\/p>\n<\/div>\n<\/div>\n<div class=\"mc-column content-text active-extra-styles \" style=\"text-align: justify;\" data-block-type=\"unstyled\" data-block-weight=\"54\" data-block-id=\"8\">\n<p class=\"content-text__container \" data-track-category=\"Link no Texto\" data-track-links=\"\">O promotor tamb\u00e9m considerou que a SP-294 h\u00e1 muito ostenta radar de velocidade fixo pr\u00f3ximo da primeira rotat\u00f3ria da cidade de Dracena (sentido oeste), especificamente no km 646,5, e os novos controladores de velocidade teriam sido instalados a apenas 500 metros antes do outro equipamento, ensejando poss\u00edvel desvirtuamento da finalidade da instala\u00e7\u00e3o do aparelho.<\/p>\n<\/div>\n<div class=\"mc-column content-text active-extra-styles \" style=\"text-align: justify;\" data-block-type=\"unstyled\" data-block-weight=\"88\" data-block-id=\"9\">\n<p class=\"content-text__container \" data-track-category=\"Link no Texto\" data-track-links=\"\">Outra considera\u00e7\u00e3o feita pelo representante do MPE foi a de que a instala\u00e7\u00e3o dos medidores de velocidade, \u201ceventualmente sem a observ\u00e2ncia das normas legais, poder\u00e1 implicar em viola\u00e7\u00e3o da boa-f\u00e9 objetiva (porquanto desde a instala\u00e7\u00e3o, em setembro de 2019, o aparelho se destinava, exclusivamente, \u00e0 \u2018pesquisa de tr\u00e1fego\u2019) e dos princ\u00edpios da administra\u00e7\u00e3o p\u00fablica, em raz\u00e3o da transforma\u00e7\u00e3o, de inopino, de instrumento que h\u00e1 muito funcionava como \u2018controlador de tr\u00e1fego\u2019 para \u2018controlador de velocidade\u2019, sem qualquer aviso ou publicidade resultando na imposi\u00e7\u00e3o de milhares de infra\u00e7\u00f5es de tr\u00e2nsito\u201d.<\/p>\n<\/div>\n<div class=\"mc-column content-text active-extra-styles \" style=\"text-align: justify;\" data-block-type=\"unstyled\" data-block-weight=\"57\" data-block-id=\"10\">\n<p class=\"content-text__container \" data-track-category=\"Link no Texto\" data-track-links=\"\">Simini J\u00fanior pediu para que a Base Operacional da Pol\u00edcia Militar Rodovi\u00e1ria encaminhe ao MPE, no prazo de cinco dias, os n\u00fameros de acidentes, v\u00edtimas e v\u00edtimas fatais registrados no trecho entre os kms 645 e 647 (sentido oeste da SP-294), de Junqueir\u00f3polis (SP) a Dracena, no segundo semestre de 2019 e no ano de 2020.<\/p>\n<\/div>\n<div class=\"mc-column content-text active-extra-styles \" style=\"text-align: justify;\" data-block-type=\"unstyled\" data-block-weight=\"39\" data-block-id=\"11\">\n<p class=\"content-text__container \" data-track-category=\"Link no Texto\" data-track-links=\"\">O promotor tamb\u00e9m pediu para que a Prefeitura de Dracena informe se foi notificada de que os aparelhos instalados no km 646 da SP-294 foram transformados em contadores de ve\u00edculos e a data em que tomou conhecimento do fato.<\/p>\n<\/div>\n<div class=\"content-ads content-ads--reveal\" style=\"text-align: justify;\" data-block-type=\"ads\" data-block-id=\"12\">\n<div id=\"banner_materia__81173399-d3f7-49a1-aa38-d8655e0b9f90\" class=\"tag-manager-publicidade-container mc-has-reveal mc-has-ad-lazyload\" data-id=\"banner_materia__81173399-d3f7-49a1-aa38-d8655e0b9f90\"><\/div>\n<\/div>\n<div class=\"mc-column content-text active-extra-styles \" style=\"text-align: justify;\" data-block-type=\"unstyled\" data-block-weight=\"42\" data-block-id=\"13\">\n<p class=\"content-text__container \" data-track-category=\"Link no Texto\" data-track-links=\"\">O representante do MPE ainda pediu para oficiar o Instituto de Criminal\u00edstica, para que, em complementa\u00e7\u00e3o ao laudo pericial j\u00e1 apresentado, o perito possa esclarecer se a instala\u00e7\u00e3o dos radares observou as regras do Contran e do C\u00f3digo de Tr\u00e2nsito Brasileiro (CTB).<\/p>\n<\/div>\n<div class=\"row medium-uncollapsed content-media content-photo\" style=\"text-align: justify;\" data-block-type=\"backstage-photo\" data-block-id=\"14\">\n<div class=\"mc-column content-media__container\">\n<figure><img decoding=\"async\" class=\"i-amphtml-fill-content i-amphtml-replaced-content\" src=\"https:\/\/s2.glbimg.com\/t8SSlVLdSCAX020TjVu1S3QuzpY=\/0x0:1280x720\/984x0\/smart\/filters:strip_icc()\/i.s3.glbimg.com\/v1\/AUTH_59edd422c0c84a879bd37670ae4f538a\/internal_photos\/bs\/2020\/5\/t\/mGPu7ASeO0LqXxr8aBQw\/whatsapp-image-2020-11-10-at-16.12.28-1-.jpeg\" sizes=\"(max-width: 1366px) 648px, 100vw\" srcset=\"https:\/\/s2.glbimg.com\/Sv11mi96Na58ODahn3AlwYkZ7D8=\/0x0:1280x720\/1000x0\/smart\/filters:strip_icc()\/i.s3.glbimg.com\/v1\/AUTH_59edd422c0c84a879bd37670ae4f538a\/internal_photos\/bs\/2020\/5\/t\/mGPu7ASeO0LqXxr8aBQw\/whatsapp-image-2020-11-10-at-16.12.28-1-.jpeg 1000w, https:\/\/s2.glbimg.com\/t8SSlVLdSCAX020TjVu1S3QuzpY=\/0x0:1280x720\/984x0\/smart\/filters:strip_icc()\/i.s3.glbimg.com\/v1\/AUTH_59edd422c0c84a879bd37670ae4f538a\/internal_photos\/bs\/2020\/5\/t\/mGPu7ASeO0LqXxr8aBQw\/whatsapp-image-2020-11-10-at-16.12.28-1-.jpeg 984w, https:\/\/s2.glbimg.com\/NtSnjgdcx5GZZMmQYzg2zL58Km4=\/0x0:1280x720\/640x0\/smart\/filters:strip_icc()\/i.s3.glbimg.com\/v1\/AUTH_59edd422c0c84a879bd37670ae4f538a\/internal_photos\/bs\/2020\/5\/t\/mGPu7ASeO0LqXxr8aBQw\/whatsapp-image-2020-11-10-at-16.12.28-1-.jpeg 640w, https:\/\/s2.glbimg.com\/ge1C-bbbHPZ3vUBwfbyDQO48-nE=\/0x0:1280x720\/600x0\/smart\/filters:strip_icc()\/i.s3.glbimg.com\/v1\/AUTH_59edd422c0c84a879bd37670ae4f538a\/internal_photos\/bs\/2020\/5\/t\/mGPu7ASeO0LqXxr8aBQw\/whatsapp-image-2020-11-10-at-16.12.28-1-.jpeg 600w\" alt=\"MPE abriu inqu\u00e9rito para apurar supostas irregularidades na instala\u00e7\u00e3o de radares em Dracena \u2014 Foto: Carlos Volpi\/TV Fronteira\" \/><\/figure>\n<p class=\"content-media__description \">MPE abriu inqu\u00e9rito para apurar supostas irregularidades na instala\u00e7\u00e3o de radares em Dracena \u2014 Foto: Carlos Volpi\/TV Fronteira<\/p>\n<\/div>\n<\/div>\n<div class=\"mc-column content-text active-extra-styles\" style=\"text-align: justify;\" data-block-type=\"raw\" data-block-weight=\"2\" data-block-id=\"15\">\n<div class=\"content-intertitle\">\n<h2>Outro lado<\/h2>\n<\/div>\n<\/div>\n<div class=\"mc-column content-text active-extra-styles \" style=\"text-align: justify;\" data-block-type=\"unstyled\" data-block-weight=\"26\" data-block-id=\"16\">\n<p class=\"content-text__container \" data-track-category=\"Link no Texto\" data-track-links=\"\">O\u00a0<strong>G1\u00a0<\/strong>solicitou um posicionamento sobre o caso para o Departamento de Estradas de Rodagem. Em resposta \u00e0 reportagem, o \u00f3rg\u00e3o estadual enviou a seguinte nota:<\/p>\n<\/div>\n<div class=\"mc-column content-text active-extra-styles \" style=\"text-align: justify;\" data-block-type=\"unstyled\" data-block-weight=\"31\" data-block-id=\"17\">\n<p class=\"content-text__container \" data-track-category=\"Link no Texto\" data-track-links=\"\"><em>\u201cO Departamento de Estradas de Rodagem (DER) esclarece que todas as quest\u00f5es ser\u00e3o respondidas ao Minist\u00e9rio P\u00fablico do Estado de S\u00e3o Paulo dentro do prazo determinado nos Of\u00edcios 530\/2020 e 526\/2020.<\/em><\/p>\n<\/div>\n<div class=\"mc-column content-text active-extra-styles \" style=\"text-align: justify;\" data-block-type=\"unstyled\" data-block-weight=\"72\" data-block-id=\"18\">\n<p class=\"content-text__container \" data-track-category=\"Link no Texto\" data-track-links=\"\"><em>O Departamento lembra que o funcionamento do equipamento, homologado e publicado no site do DER, atende todos os requisitos t\u00e9cnicos e legais, bem como: estudo t\u00e9cnico, sinaliza\u00e7\u00e3o, par\u00e2metros de imagem, entre outros. Ressalta, ainda, que a seguran\u00e7a vi\u00e1ria \u00e9 uma das prioridades do Governo Paulista, por isso, refor\u00e7a que o respeito \u00e0s leis de tr\u00e2nsito, como o limite de velocidade estabelecido nas vias, \u00e9 fundamental pra a reduzir acidentes e salvar vidas\u201d.<\/em><\/p>\n<\/div>\n<div class=\"mc-column content-text active-extra-styles\" style=\"text-align: justify;\" data-block-type=\"raw\" data-block-weight=\"14\" data-block-id=\"19\">\n<ul class=\"content-unordered-list\">\n<li><a href=\"https:\/\/g1.globo.com\/sp\/presidente-prudente-regiao\/noticia\/2020\/10\/28\/policia-civil-apura-possiveis-prejuizos-de-motoristas-com-multas-aplicadas-por-radar-em-dracena.ghtml\">Pol\u00edcia Civil apura poss\u00edveis preju\u00edzos de motoristas com multas aplicadas por radar em Dracena<\/a><\/li>\n<\/ul>\n<\/div>\n<div class=\"row medium-uncollapsed content-media content-photo\" style=\"text-align: justify;\" data-block-type=\"backstage-photo\" data-block-id=\"20\">\n<div class=\"mc-column content-media__container\">\n<figure><img decoding=\"async\" class=\"i-amphtml-fill-content i-amphtml-replaced-content\" src=\"https:\/\/s2.glbimg.com\/wpuNOCKoDLs-sjIMPixV_7kOKOg=\/0x0:1280x720\/984x0\/smart\/filters:strip_icc()\/i.s3.glbimg.com\/v1\/AUTH_59edd422c0c84a879bd37670ae4f538a\/internal_photos\/bs\/2020\/n\/Z\/Zbcx7ARxmtLsGBU813jw\/whatsapp-image-2020-11-10-at-16.12.28-2-.jpeg\" sizes=\"(max-width: 1366px) 648px, 100vw\" srcset=\"https:\/\/s2.glbimg.com\/AW1L_hz3h32KUfZoLIBbCl5K4Lw=\/0x0:1280x720\/1000x0\/smart\/filters:strip_icc()\/i.s3.glbimg.com\/v1\/AUTH_59edd422c0c84a879bd37670ae4f538a\/internal_photos\/bs\/2020\/n\/Z\/Zbcx7ARxmtLsGBU813jw\/whatsapp-image-2020-11-10-at-16.12.28-2-.jpeg 1000w, https:\/\/s2.glbimg.com\/wpuNOCKoDLs-sjIMPixV_7kOKOg=\/0x0:1280x720\/984x0\/smart\/filters:strip_icc()\/i.s3.glbimg.com\/v1\/AUTH_59edd422c0c84a879bd37670ae4f538a\/internal_photos\/bs\/2020\/n\/Z\/Zbcx7ARxmtLsGBU813jw\/whatsapp-image-2020-11-10-at-16.12.28-2-.jpeg 984w, https:\/\/s2.glbimg.com\/w7-dH6ma028jjNYQE9oXNPJo6mI=\/0x0:1280x720\/640x0\/smart\/filters:strip_icc()\/i.s3.glbimg.com\/v1\/AUTH_59edd422c0c84a879bd37670ae4f538a\/internal_photos\/bs\/2020\/n\/Z\/Zbcx7ARxmtLsGBU813jw\/whatsapp-image-2020-11-10-at-16.12.28-2-.jpeg 640w, https:\/\/s2.glbimg.com\/oDhjW0TH8YyqxCn1VZIyVre6XLQ=\/0x0:1280x720\/600x0\/smart\/filters:strip_icc()\/i.s3.glbimg.com\/v1\/AUTH_59edd422c0c84a879bd37670ae4f538a\/internal_photos\/bs\/2020\/n\/Z\/Zbcx7ARxmtLsGBU813jw\/whatsapp-image-2020-11-10-at-16.12.28-2-.jpeg 600w\" alt=\"MPE abriu inqu\u00e9rito para apurar supostas irregularidades na instala\u00e7\u00e3o de radares em Dracena \u2014 Foto: Carlos Volpi\/TV Fronteira\" \/><\/figure>\n<p class=\"content-media__description \">MPE abriu inqu\u00e9rito para apurar supostas irregularidades na instala\u00e7\u00e3o de radares em Dracena \u2014 Foto: Carlos Volpi\/TV Fronteira<\/p>\n<\/div>\n<\/div>\n<div class=\"content-ads content-ads--reveal\" style=\"text-align: justify;\" data-block-type=\"ads\" data-block-id=\"21\">\n<div id=\"banner_materia__2cf509c4-e45b-4d74-b655-7cd0095d786a\" class=\"tag-manager-publicidade-container mc-has-reveal mc-has-ad-lazyload\" data-id=\"banner_materia__2cf509c4-e45b-4d74-b655-7cd0095d786a\"><\/div>\n<\/div>\n<div class=\"row medium-uncollapsed content-media content-photo\" style=\"text-align: justify;\" data-block-type=\"backstage-photo\" data-block-id=\"22\">\n<div class=\"mc-column content-media__container\">\n<figure><img decoding=\"async\" class=\"i-amphtml-fill-content i-amphtml-replaced-content\" src=\"https:\/\/s2.glbimg.com\/zfoNd8WhgrL52omDHb7BKXXgzWY=\/0x0:1280x720\/984x0\/smart\/filters:strip_icc()\/i.s3.glbimg.com\/v1\/AUTH_59edd422c0c84a879bd37670ae4f538a\/internal_photos\/bs\/2020\/c\/t\/AkyrUYSuahYC0gALxbHw\/whatsapp-image-2020-11-10-at-16.12.29.jpeg\" sizes=\"(max-width: 1366px) 648px, 100vw\" srcset=\"https:\/\/s2.glbimg.com\/kTPn9iHQb0ijuey0vSd014Nk8Rs=\/0x0:1280x720\/1000x0\/smart\/filters:strip_icc()\/i.s3.glbimg.com\/v1\/AUTH_59edd422c0c84a879bd37670ae4f538a\/internal_photos\/bs\/2020\/c\/t\/AkyrUYSuahYC0gALxbHw\/whatsapp-image-2020-11-10-at-16.12.29.jpeg 1000w, https:\/\/s2.glbimg.com\/zfoNd8WhgrL52omDHb7BKXXgzWY=\/0x0:1280x720\/984x0\/smart\/filters:strip_icc()\/i.s3.glbimg.com\/v1\/AUTH_59edd422c0c84a879bd37670ae4f538a\/internal_photos\/bs\/2020\/c\/t\/AkyrUYSuahYC0gALxbHw\/whatsapp-image-2020-11-10-at-16.12.29.jpeg 984w, https:\/\/s2.glbimg.com\/H-fH0LWVlb64GdBS1N75RN4gTQ0=\/0x0:1280x720\/640x0\/smart\/filters:strip_icc()\/i.s3.glbimg.com\/v1\/AUTH_59edd422c0c84a879bd37670ae4f538a\/internal_photos\/bs\/2020\/c\/t\/AkyrUYSuahYC0gALxbHw\/whatsapp-image-2020-11-10-at-16.12.29.jpeg 640w, https:\/\/s2.glbimg.com\/CvLY2iJLtTUExk2i1fRH8Fqgczo=\/0x0:1280x720\/600x0\/smart\/filters:strip_icc()\/i.s3.glbimg.com\/v1\/AUTH_59edd422c0c84a879bd37670ae4f538a\/internal_photos\/bs\/2020\/c\/t\/AkyrUYSuahYC0gALxbHw\/whatsapp-image-2020-11-10-at-16.12.29.jpeg 600w\" alt=\"MPE abriu inqu\u00e9rito para apurar supostas irregularidades na instala\u00e7\u00e3o de radares em Dracena \u2014 Foto: Carlos Volpi\/TV Fronteira\" \/><\/figure>\n<p class=\"content-media__description \">MPE abriu inqu\u00e9rito para apurar supostas irregularidades na instala\u00e7\u00e3o de radares em Dracena \u2014 Foto: Carlos Volpi\/TV Fronteira<\/p>\n<\/div>\n<\/div>\n<div class=\"row medium-uncollapsed content-media content-photo\" style=\"text-align: justify;\" data-block-type=\"backstage-photo\" data-block-id=\"23\">\n<div class=\"mc-column content-media__container\">\n<figure><img decoding=\"async\" class=\"i-amphtml-fill-content i-amphtml-replaced-content\" src=\"https:\/\/s2.glbimg.com\/zXedoh73NHk9P11lxACoVna4npw=\/0x0:720x1018\/984x0\/smart\/filters:strip_icc()\/i.s3.glbimg.com\/v1\/AUTH_59edd422c0c84a879bd37670ae4f538a\/internal_photos\/bs\/2020\/O\/J\/Q0bY5LTmKJIHbA3x6J9A\/ic-1.jpg\" sizes=\"(max-width: 1366px) 648px, 100vw\" srcset=\"https:\/\/s2.glbimg.com\/Xm-WL_hj3zEOCG71EFIqIwQ2r4U=\/0x0:720x1018\/1000x0\/smart\/filters:strip_icc()\/i.s3.glbimg.com\/v1\/AUTH_59edd422c0c84a879bd37670ae4f538a\/internal_photos\/bs\/2020\/O\/J\/Q0bY5LTmKJIHbA3x6J9A\/ic-1.jpg 1000w, https:\/\/s2.glbimg.com\/zXedoh73NHk9P11lxACoVna4npw=\/0x0:720x1018\/984x0\/smart\/filters:strip_icc()\/i.s3.glbimg.com\/v1\/AUTH_59edd422c0c84a879bd37670ae4f538a\/internal_photos\/bs\/2020\/O\/J\/Q0bY5LTmKJIHbA3x6J9A\/ic-1.jpg 984w, https:\/\/s2.glbimg.com\/D5Z7NKolxZHK2Gfn-f_XvUNc9hg=\/0x0:720x1018\/640x0\/smart\/filters:strip_icc()\/i.s3.glbimg.com\/v1\/AUTH_59edd422c0c84a879bd37670ae4f538a\/internal_photos\/bs\/2020\/O\/J\/Q0bY5LTmKJIHbA3x6J9A\/ic-1.jpg 640w, https:\/\/s2.glbimg.com\/VX4rqECzcP0C0_yHM9nrEEeWOsg=\/0x0:720x1018\/600x0\/smart\/filters:strip_icc()\/i.s3.glbimg.com\/v1\/AUTH_59edd422c0c84a879bd37670ae4f538a\/internal_photos\/bs\/2020\/O\/J\/Q0bY5LTmKJIHbA3x6J9A\/ic-1.jpg 600w\" alt=\"MPE abriu inqu\u00e9rito para apurar supostas irregularidades na instala\u00e7\u00e3o de radares em Dracena \u2014 Foto: Reprodu\u00e7\u00e3o\" \/><\/figure>\n<p class=\"content-media__description \">MPE abriu inqu\u00e9rito para apurar supostas irregularidades na instala\u00e7\u00e3o de radares em Dracena \u2014 Foto: Reprodu\u00e7\u00e3o<\/p>\n<\/div>\n<\/div>\n<div class=\"row medium-uncollapsed content-media content-photo\" style=\"text-align: justify;\" data-block-type=\"backstage-photo\" data-block-id=\"24\">\n<div class=\"mc-column content-media__container\">\n<figure><img decoding=\"async\" class=\"i-amphtml-fill-content i-amphtml-replaced-content\" src=\"https:\/\/s2.glbimg.com\/eZbQSzBn7P201SG6U_C1QVrhZUo=\/0x0:720x1018\/984x0\/smart\/filters:strip_icc()\/i.s3.glbimg.com\/v1\/AUTH_59edd422c0c84a879bd37670ae4f538a\/internal_photos\/bs\/2020\/R\/P\/jYO6JwQDGAaiYxqC3LZg\/ic-2.jpg\" sizes=\"(max-width: 1366px) 648px, 100vw\" srcset=\"https:\/\/s2.glbimg.com\/-WhzIC1XBRKkzive_CIPUFREcMI=\/0x0:720x1018\/1000x0\/smart\/filters:strip_icc()\/i.s3.glbimg.com\/v1\/AUTH_59edd422c0c84a879bd37670ae4f538a\/internal_photos\/bs\/2020\/R\/P\/jYO6JwQDGAaiYxqC3LZg\/ic-2.jpg 1000w, https:\/\/s2.glbimg.com\/eZbQSzBn7P201SG6U_C1QVrhZUo=\/0x0:720x1018\/984x0\/smart\/filters:strip_icc()\/i.s3.glbimg.com\/v1\/AUTH_59edd422c0c84a879bd37670ae4f538a\/internal_photos\/bs\/2020\/R\/P\/jYO6JwQDGAaiYxqC3LZg\/ic-2.jpg 984w, https:\/\/s2.glbimg.com\/8_WYtugXchFzn1v0W47X8vQyIlo=\/0x0:720x1018\/640x0\/smart\/filters:strip_icc()\/i.s3.glbimg.com\/v1\/AUTH_59edd422c0c84a879bd37670ae4f538a\/internal_photos\/bs\/2020\/R\/P\/jYO6JwQDGAaiYxqC3LZg\/ic-2.jpg 640w, https:\/\/s2.glbimg.com\/XY6aDaCdFy_VHkblKBVcS-Zte8M=\/0x0:720x1018\/600x0\/smart\/filters:strip_icc()\/i.s3.glbimg.com\/v1\/AUTH_59edd422c0c84a879bd37670ae4f538a\/internal_photos\/bs\/2020\/R\/P\/jYO6JwQDGAaiYxqC3LZg\/ic-2.jpg 600w\" alt=\"MPE abriu inqu\u00e9rito para apurar supostas irregularidades na instala\u00e7\u00e3o de radares em Dracena \u2014 Foto: Reprodu\u00e7\u00e3o\" \/><\/figure>\n<p class=\"content-media__description \">MPE abriu inqu\u00e9rito para apurar supostas irregularidades na instala\u00e7\u00e3o de radares em Dracena \u2014 Foto: Reprodu\u00e7\u00e3o<\/p>\n<\/div>\n<\/div>\n<div class=\"content-ads content-ads--reveal\" style=\"text-align: justify;\" data-block-type=\"ads\" data-block-id=\"25\">\n<div id=\"banner_materia__e406d394-3de6-407f-8df4-0b68219108fa\" class=\"tag-manager-publicidade-container mc-has-reveal mc-has-ad-lazyload\" data-id=\"banner_materia__e406d394-3de6-407f-8df4-0b68219108fa\"><\/div>\n<\/div>\n<div class=\"row medium-uncollapsed content-media content-photo\" data-block-type=\"backstage-photo\" data-block-id=\"26\">\n<div class=\"mc-column content-media__container\">\n<figure style=\"text-align: justify;\"><img decoding=\"async\" class=\"i-amphtml-fill-content i-amphtml-replaced-content\" src=\"https:\/\/s2.glbimg.com\/isBEI7atY7V06OXnhH2UoREFKaQ=\/0x0:720x1018\/984x0\/smart\/filters:strip_icc()\/i.s3.glbimg.com\/v1\/AUTH_59edd422c0c84a879bd37670ae4f538a\/internal_photos\/bs\/2020\/P\/l\/IfD5KNQ3WahLxGPUBJOA\/ic-3.jpg\" sizes=\"(max-width: 1366px) 648px, 100vw\" srcset=\"https:\/\/s2.glbimg.com\/ZVvDf4nP3r1axhftdOsUlB_0Onw=\/0x0:720x1018\/1000x0\/smart\/filters:strip_icc()\/i.s3.glbimg.com\/v1\/AUTH_59edd422c0c84a879bd37670ae4f538a\/internal_photos\/bs\/2020\/P\/l\/IfD5KNQ3WahLxGPUBJOA\/ic-3.jpg 1000w, https:\/\/s2.glbimg.com\/isBEI7atY7V06OXnhH2UoREFKaQ=\/0x0:720x1018\/984x0\/smart\/filters:strip_icc()\/i.s3.glbimg.com\/v1\/AUTH_59edd422c0c84a879bd37670ae4f538a\/internal_photos\/bs\/2020\/P\/l\/IfD5KNQ3WahLxGPUBJOA\/ic-3.jpg 984w, https:\/\/s2.glbimg.com\/kmbbJI0Y8pWGnzLNdIZw4yxvBCY=\/0x0:720x1018\/640x0\/smart\/filters:strip_icc()\/i.s3.glbimg.com\/v1\/AUTH_59edd422c0c84a879bd37670ae4f538a\/internal_photos\/bs\/2020\/P\/l\/IfD5KNQ3WahLxGPUBJOA\/ic-3.jpg 640w, https:\/\/s2.glbimg.com\/ReK-nUekQjobejtCj9xmzawGFsY=\/0x0:720x1018\/600x0\/smart\/filters:strip_icc()\/i.s3.glbimg.com\/v1\/AUTH_59edd422c0c84a879bd37670ae4f538a\/internal_photos\/bs\/2020\/P\/l\/IfD5KNQ3WahLxGPUBJOA\/ic-3.jpg 600w\" alt=\"MPE abriu inqu\u00e9rito para apurar supostas irregularidades na instala\u00e7\u00e3o de radares em Dracena \u2014 Foto: Reprodu\u00e7\u00e3o\" \/><\/figure>\n<p class=\"content-media__description \" style=\"text-align: justify;\">MPE abriu inqu\u00e9rito para apurar supostas irregularidades na instala\u00e7\u00e3o de radares em Dracena \u2014 Foto: Reprodu\u00e7\u00e3o<\/p>\n<p style=\"text-align: justify;\">Fonte: G1 e MPE.<\/p>\n<\/div>\n<\/div>\n<\/div>\n","protected":false},"excerpt":{"rendered":"<p>Equipamentos ficam no km 646 da Rodovia Comandante Jo\u00e3o Ribeiro de Barros, em Dracena. Departamento de Estradas de Rodagem (DER) informou que o funcionamento atende todos os requisitos t\u00e9cnicos e legais. O Minist\u00e9rio P\u00fablico do Estado de S\u00e3o Paulo (MPE-SP), atrav\u00e9s do promotor de Justi\u00e7a Ant\u00f4nio Simini J\u00fanior, instaurou nesta segunda-feira (9) um inqu\u00e9rito civil [&hellip;]<\/p>\n","protected":false},"author":1,"featured_media":38478,"comment_status":"closed","ping_status":"open","sticky":false,"template":"","format":"standard","meta":{"footnotes":""},"categories":[180,120,110],"tags":[],"class_list":["post-38477","post","type-post","status-publish","format-standard","has-post-thumbnail","hentry","category-estradastransitoveiculos","category-justicahabitacaotecnologia","category-noticiasdestaque"],"_links":{"self":[{"href":"https:\/\/jorgezanoni.com.br\/2019\/wp-json\/wp\/v2\/posts\/38477","targetHints":{"allow":["GET"]}}],"collection":[{"href":"https:\/\/jorgezanoni.com.br\/2019\/wp-json\/wp\/v2\/posts"}],"about":[{"href":"https:\/\/jorgezanoni.com.br\/2019\/wp-json\/wp\/v2\/types\/post"}],"author":[{"embeddable":true,"href":"https:\/\/jorgezanoni.com.br\/2019\/wp-json\/wp\/v2\/users\/1"}],"replies":[{"embeddable":true,"href":"https:\/\/jorgezanoni.com.br\/2019\/wp-json\/wp\/v2\/comments?post=38477"}],"version-history":[{"count":0,"href":"https:\/\/jorgezanoni.com.br\/2019\/wp-json\/wp\/v2\/posts\/38477\/revisions"}],"wp:featuredmedia":[{"embeddable":true,"href":"https:\/\/jorgezanoni.com.br\/2019\/wp-json\/wp\/v2\/media\/38478"}],"wp:attachment":[{"href":"https:\/\/jorgezanoni.com.br\/2019\/wp-json\/wp\/v2\/media?parent=38477"}],"wp:term":[{"taxonomy":"category","embeddable":true,"href":"https:\/\/jorgezanoni.com.br\/2019\/wp-json\/wp\/v2\/categories?post=38477"},{"taxonomy":"post_tag","embeddable":true,"href":"https:\/\/jorgezanoni.com.br\/2019\/wp-json\/wp\/v2\/tags?post=38477"}],"curies":[{"name":"wp","href":"https:\/\/api.w.org\/{rel}","templated":true}]}}