{"id":38453,"date":"2020-11-10T01:27:35","date_gmt":"2020-11-10T01:27:35","guid":{"rendered":"https:\/\/jorgezanoni.com.br\/2019\/?p=38453"},"modified":"2020-11-10T01:27:35","modified_gmt":"2020-11-10T01:27:35","slug":"aproximacao-de-frente-fria-provoca-chuva-de-granizo-em-cidades-da-regiao-de-presidente-prudente","status":"publish","type":"post","link":"https:\/\/jorgezanoni.com.br\/2019\/aproximacao-de-frente-fria-provoca-chuva-de-granizo-em-cidades-da-regiao-de-presidente-prudente\/","title":{"rendered":"Aproxima\u00e7\u00e3o de frente fria provoca chuva de granizo em cidades da regi\u00e3o de Presidente Prudente"},"content":{"rendered":"<h2 class=\"content-head__subtitle\" style=\"text-align: justify;\"><strong>Conforme o climatologista Vagner Camarini, o fen\u00f4meno ocorreu nos pontos onde as instabilidades s\u00e3o maiores.<\/strong><\/h2>\n<div class=\"mc-column content-text active-extra-styles \" data-block-type=\"unstyled\" data-block-weight=\"19\" data-block-id=\"2\">\n<p class=\"content-text__container \" style=\"text-align: justify;\" data-track-category=\"Link no Texto\" data-track-links=\"\">Na tarde desta segunda-feira (9), cidades do Oeste Paulista foram atingidas com chuva de granizo e ventos fortes.<\/p>\n<\/div>\n<div class=\"wall protected-content\">\n<div class=\"mc-column content-text active-extra-styles \" style=\"text-align: justify;\" data-block-type=\"unstyled\" data-block-weight=\"27\" data-block-id=\"3\">\n<p class=\"content-text__container \" data-track-category=\"Link no Texto\" data-track-links=\"\">Segundo informou o climatologista Vagner Camarini ao\u00a0<strong>G1<\/strong>, a mudan\u00e7a repentina na meteorologia deve-se a aproxima\u00e7\u00e3o de uma frente fria, que causou as \u00e1reas de instabilidade.<\/p>\n<\/div>\n<div class=\"mc-column content-text active-extra-styles \" style=\"text-align: justify;\" data-block-type=\"unstyled\" data-block-weight=\"34\" data-block-id=\"4\">\n<p class=\"content-text__container \" data-track-category=\"Link no Texto\" data-track-links=\"\">&#8220;Os pontos onde as instabilidades s\u00e3o maiores, ocorre a chuva de granizo. Pancadas de chuva ainda est\u00e3o previstas, mas n\u00e3o h\u00e1 mais previs\u00e3o de granizos para os pr\u00f3ximos dias&#8221;, explicou o especialista ao\u00a0<strong>G1<\/strong>.<\/p>\n<\/div>\n<div class=\"mc-column content-text active-extra-styles \" style=\"text-align: justify;\" data-block-type=\"unstyled\" data-block-weight=\"56\" data-block-id=\"5\">\n<p class=\"content-text__container \" data-track-category=\"Link no Texto\" data-track-links=\"\">Em\u00a0<a href=\"https:\/\/g1.globo.com\/sp\/presidente-prudente-regiao\/cidade\/martinopolis-sp\/\">Martin\u00f3polis<\/a>, de acordo com o chefe de Opera\u00e7\u00f5es da Coordenadoria Municipal de Prote\u00e7\u00e3o e Defesa Civil (Compdec), Victor Hugo Rocha, uma chuva acompanhada de granizo e ventos fortes atingiu o munic\u00edpio e duas ocorr\u00eancias foram registradas, na Vila Epaminondas, em uma Estrat\u00e9gia de Sa\u00fade da Fam\u00edlia (ESF), e na Vila Jackelaits, no Balne\u00e1rio Laranja Doce.<\/p>\n<\/div>\n<div class=\"mc-column content-text active-extra-styles \" style=\"text-align: justify;\" data-block-type=\"unstyled\" data-block-weight=\"13\" data-block-id=\"6\">\n<p class=\"content-text__container \" data-track-category=\"Link no Texto\" data-track-links=\"\">Na Vila Jackelaits, conforme informou Rocha ao\u00a0<strong>G1<\/strong>, foram constatados destelhamentos de casas.<\/p>\n<\/div>\n<div class=\"mc-column content-text active-extra-styles \" style=\"text-align: justify;\" data-block-type=\"unstyled\" data-block-weight=\"22\" data-block-id=\"7\">\n<p class=\"content-text__container \" data-track-category=\"Link no Texto\" data-track-links=\"\">De acordo com a Compdec, a chuva, acompanhada de granizo e fortes ventos, atingiu Martin\u00f3polis por volta das 14h50 desta segunda-feira (9).<\/p>\n<\/div>\n<div class=\"mc-column content-text active-extra-styles \" style=\"text-align: justify;\" data-block-type=\"unstyled\" data-block-weight=\"30\" data-block-id=\"8\">\n<p class=\"content-text__container \" data-track-category=\"Link no Texto\" data-track-links=\"\">Na Vila Jackelaits, na regi\u00e3o da Represa Laranja Doce, 12 im\u00f3veis foram afetados, sendo que seis est\u00e3o totalmente interditados, cinco necessitam de apoio de lona e um teve avarias leves.<\/p>\n<\/div>\n<div class=\"content-ads content-ads--reveal\" style=\"text-align: justify;\" data-block-type=\"ads\" data-block-id=\"9\">\n<div id=\"banner_materia2\" class=\"tag-manager-publicidade-container mc-has-reveal mc-has-ad-lazyload\" data-id=\"banner_materia2\"><\/div>\n<\/div>\n<div class=\"mc-column content-text active-extra-styles \" style=\"text-align: justify;\" data-block-type=\"unstyled\" data-block-weight=\"22\" data-block-id=\"10\">\n<p class=\"content-text__container \" data-track-category=\"Link no Texto\" data-track-links=\"\">Nas casas atingidas, foi realizado o cadastro de Aluguel Social a cinco fam\u00edlias, que est\u00e3o alojadas em casas de parentes e amigos.<\/p>\n<\/div>\n<div class=\"mc-column content-text active-extra-styles \" style=\"text-align: justify;\" data-block-type=\"unstyled\" data-block-weight=\"18\" data-block-id=\"11\">\n<p class=\"content-text__container \" data-track-category=\"Link no Texto\" data-track-links=\"\">Segundo a Compdec, foi oferecida ajuda humanit\u00e1ria aos atingidos, com a doa\u00e7\u00e3o de 25 cobertores e lonas pl\u00e1sticas.<\/p>\n<\/div>\n<div class=\"mc-column content-text active-extra-styles \" style=\"text-align: justify;\" data-block-type=\"unstyled\" data-block-weight=\"32\" data-block-id=\"12\">\n<p class=\"content-text__container \" data-track-category=\"Link no Texto\" data-track-links=\"\">Pela Compdec, foi acionado o Plano Municipal de Emerg\u00eancia e as equipes dos Departamentos de Servi\u00e7os Urbanos e Almoxarifado foram ao local realizar a\u00e7\u00f5es de limpeza e o corte de seis \u00e1rvores.<\/p>\n<\/div>\n<div class=\"mc-column content-text active-extra-styles \" style=\"text-align: justify;\" data-block-type=\"unstyled\" data-block-weight=\"18\" data-block-id=\"13\">\n<p class=\"content-text__container \" data-track-category=\"Link no Texto\" data-track-links=\"\">Equipes do Departamento de Assist\u00eancia Social estiveram nas resid\u00eancias afetadas para provid\u00eancias de cadastro e oferta de aux\u00edlio.<\/p>\n<\/div>\n<div class=\"mc-column content-text active-extra-styles \" style=\"text-align: justify;\" data-block-type=\"unstyled\" data-block-weight=\"14\" data-block-id=\"14\">\n<p class=\"content-text__container \" data-track-category=\"Link no Texto\" data-track-links=\"\">O Corpo de Bombeiros tamb\u00e9m foi acionado e prestou o primeiro atendimento \u00e0 ocorr\u00eancia.<\/p>\n<\/div>\n<div class=\"mc-column content-text active-extra-styles \" style=\"text-align: justify;\" data-block-type=\"unstyled\" data-block-weight=\"19\" data-block-id=\"15\">\n<p class=\"content-text__container \" data-track-category=\"Link no Texto\" data-track-links=\"\">A chuva de granizo tamb\u00e9m foi registrada em\u00a0<a href=\"https:\/\/g1.globo.com\/sp\/presidente-prudente-regiao\/cidade\/panorama\/\">Panorama<\/a>, mas n\u00e3o h\u00e1 registros de ocorr\u00eancias na cidade.<\/p>\n<\/div>\n<div class=\"mc-column content-text active-extra-styles \" style=\"text-align: justify;\" data-block-type=\"unstyled\" data-block-weight=\"23\" data-block-id=\"16\">\n<p class=\"content-text__container \" data-track-category=\"Link no Texto\" data-track-links=\"\">As fortes chuvas tamb\u00e9m atingiram outras cidades do Oeste Paulista, como\u00a0<a href=\"https:\/\/g1.globo.com\/sp\/presidente-prudente-regiao\/cidade\/dracena\/\">Dracena<\/a>,\u00a0<a href=\"https:\/\/g1.globo.com\/sp\/presidente-prudente-regiao\/cidade\/pirapozinho\/\">Pirapozinho<\/a>,\u00a0<a href=\"https:\/\/g1.globo.com\/sp\/presidente-prudente-regiao\/cidade\/alfredo-marcondes\/\">Alfredo Marcondes<\/a>,\u00a0<a href=\"https:\/\/g1.globo.com\/sp\/presidente-prudente-regiao\/cidade\/presidente-epitacio\/\">Presidente Epit\u00e1cio<\/a>,\u00a0<a href=\"https:\/\/g1.globo.com\/sp\/presidente-prudente-regiao\/cidade\/presidente-venceslau\/\">Presidente Venceslau<\/a>,\u00a0<a href=\"https:\/\/g1.globo.com\/sp\/presidente-prudente-regiao\/cidade\/presidente-prudente\/\">Presidente Prudente<\/a>,\u00a0<a href=\"https:\/\/g1.globo.com\/sp\/presidente-prudente-regiao\/cidade\/tupi-paulista\/\">Tupi Paulista<\/a><\/p>\n<\/div>\n<div class=\"mc-column content-text active-extra-styles \" style=\"text-align: justify;\" data-block-type=\"unstyled\" data-block-weight=\"10\" data-block-id=\"17\">\n<p class=\"content-text__container \" data-track-category=\"Link no Texto\" data-track-links=\"\">Nos munic\u00edpios n\u00e3o foram constatados danos causados pelo temporal.<\/p>\n<\/div>\n<div class=\"row medium-uncollapsed content-media content-photo\" style=\"text-align: justify;\" data-block-type=\"backstage-photo\" data-block-id=\"18\">\n<div class=\"mc-column content-media__container\">\n<figure><img decoding=\"async\" class=\"i-amphtml-fill-content i-amphtml-replaced-content\" src=\"https:\/\/s2.glbimg.com\/ZfEAqyLglAIj6GR8vWagRkVmebc=\/0x0:868x755\/984x0\/smart\/filters:strip_icc()\/i.s3.glbimg.com\/v1\/AUTH_59edd422c0c84a879bd37670ae4f538a\/internal_photos\/bs\/2020\/e\/n\/0VmjfmQra9QE8g1cOD5w\/whatsapp-image-2020-11-09-at-15.24.07.jpeg\" sizes=\"(max-width: 1366px) 648px, 100vw\" srcset=\"https:\/\/s2.glbimg.com\/wza7ZxMonuElT0k2IQ1vdyg8WeI=\/0x0:868x755\/1000x0\/smart\/filters:strip_icc()\/i.s3.glbimg.com\/v1\/AUTH_59edd422c0c84a879bd37670ae4f538a\/internal_photos\/bs\/2020\/e\/n\/0VmjfmQra9QE8g1cOD5w\/whatsapp-image-2020-11-09-at-15.24.07.jpeg 1000w, https:\/\/s2.glbimg.com\/ZfEAqyLglAIj6GR8vWagRkVmebc=\/0x0:868x755\/984x0\/smart\/filters:strip_icc()\/i.s3.glbimg.com\/v1\/AUTH_59edd422c0c84a879bd37670ae4f538a\/internal_photos\/bs\/2020\/e\/n\/0VmjfmQra9QE8g1cOD5w\/whatsapp-image-2020-11-09-at-15.24.07.jpeg 984w, https:\/\/s2.glbimg.com\/GIq9YvEWZRX1Hft-cXupAoqyNNc=\/0x0:868x755\/640x0\/smart\/filters:strip_icc()\/i.s3.glbimg.com\/v1\/AUTH_59edd422c0c84a879bd37670ae4f538a\/internal_photos\/bs\/2020\/e\/n\/0VmjfmQra9QE8g1cOD5w\/whatsapp-image-2020-11-09-at-15.24.07.jpeg 640w, https:\/\/s2.glbimg.com\/IbDP1Bjw9-AkG2qjCi84jPKZTGY=\/0x0:868x755\/600x0\/smart\/filters:strip_icc()\/i.s3.glbimg.com\/v1\/AUTH_59edd422c0c84a879bd37670ae4f538a\/internal_photos\/bs\/2020\/e\/n\/0VmjfmQra9QE8g1cOD5w\/whatsapp-image-2020-11-09-at-15.24.07.jpeg 600w\" alt=\"Chuva de granizo foi registrada em Martin\u00f3polis nesta segunda-feira (9) \u2014 Foto: Redes sociais \" \/><\/figure>\n<p class=\"content-media__description \">Chuva de granizo foi registrada em Martin\u00f3polis nesta segunda-feira (9) \u2014 Foto: Redes sociais<\/p>\n<\/div>\n<\/div>\n<div class=\"row medium-uncollapsed content-media content-photo\" style=\"text-align: justify;\" data-block-type=\"backstage-photo\" data-block-id=\"19\">\n<div class=\"mc-column content-media__container\">\n<figure><img decoding=\"async\" class=\"i-amphtml-fill-content i-amphtml-replaced-content\" src=\"https:\/\/s2.glbimg.com\/Ac-un5PE4_F8FM3QTwOYg2RP0uE=\/0x0:826x511\/984x0\/smart\/filters:strip_icc()\/i.s3.glbimg.com\/v1\/AUTH_59edd422c0c84a879bd37670ae4f538a\/internal_photos\/bs\/2020\/1\/r\/X0sqXKQZ296zmiQAt8lg\/whatsapp-image-2020-11-09-at-15.24.07-1-.jpeg\" sizes=\"(max-width: 1366px) 648px, 100vw\" srcset=\"https:\/\/s2.glbimg.com\/lTjEItNYgAbqv0E8z8MgdApWqrQ=\/0x0:826x511\/1000x0\/smart\/filters:strip_icc()\/i.s3.glbimg.com\/v1\/AUTH_59edd422c0c84a879bd37670ae4f538a\/internal_photos\/bs\/2020\/1\/r\/X0sqXKQZ296zmiQAt8lg\/whatsapp-image-2020-11-09-at-15.24.07-1-.jpeg 1000w, https:\/\/s2.glbimg.com\/Ac-un5PE4_F8FM3QTwOYg2RP0uE=\/0x0:826x511\/984x0\/smart\/filters:strip_icc()\/i.s3.glbimg.com\/v1\/AUTH_59edd422c0c84a879bd37670ae4f538a\/internal_photos\/bs\/2020\/1\/r\/X0sqXKQZ296zmiQAt8lg\/whatsapp-image-2020-11-09-at-15.24.07-1-.jpeg 984w, https:\/\/s2.glbimg.com\/uqXRhXKEQoT5dHPqFXeZywT_2To=\/0x0:826x511\/640x0\/smart\/filters:strip_icc()\/i.s3.glbimg.com\/v1\/AUTH_59edd422c0c84a879bd37670ae4f538a\/internal_photos\/bs\/2020\/1\/r\/X0sqXKQZ296zmiQAt8lg\/whatsapp-image-2020-11-09-at-15.24.07-1-.jpeg 640w, https:\/\/s2.glbimg.com\/j__PtvRMi71Du4cjVouGpxiB2tI=\/0x0:826x511\/600x0\/smart\/filters:strip_icc()\/i.s3.glbimg.com\/v1\/AUTH_59edd422c0c84a879bd37670ae4f538a\/internal_photos\/bs\/2020\/1\/r\/X0sqXKQZ296zmiQAt8lg\/whatsapp-image-2020-11-09-at-15.24.07-1-.jpeg 600w\" alt=\"Chuva de granizo foi registrada em Martin\u00f3polis nesta segunda-feira (9) \u2014 Foto: Redes sociais \" \/><\/figure>\n<p class=\"content-media__description \">Chuva de granizo foi registrada em Martin\u00f3polis nesta segunda-feira (9) \u2014 Foto: Redes sociais<\/p>\n<\/div>\n<\/div>\n<div class=\"content-ads content-ads--reveal\" style=\"text-align: justify;\" data-block-type=\"ads\" data-block-id=\"20\">\n<div id=\"banner_materia__69991e86-bd12-479a-874e-b1171ab82b86\" class=\"tag-manager-publicidade-container mc-has-reveal mc-has-ad-lazyload\" data-id=\"banner_materia__69991e86-bd12-479a-874e-b1171ab82b86\"><\/div>\n<\/div>\n<div class=\"row medium-uncollapsed content-media content-photo\" style=\"text-align: justify;\" data-block-type=\"backstage-photo\" data-block-id=\"21\">\n<div class=\"mc-column content-media__container\">\n<figure><img decoding=\"async\" class=\"i-amphtml-fill-content i-amphtml-replaced-content\" src=\"https:\/\/s2.glbimg.com\/Mq-h-0-nRZ4yU4YBsTY9XasBvKs=\/0x0:1152x864\/984x0\/smart\/filters:strip_icc()\/i.s3.glbimg.com\/v1\/AUTH_59edd422c0c84a879bd37670ae4f538a\/internal_photos\/bs\/2020\/B\/w\/chI4SbTDmfM95ABhdX1Q\/marti-2.jpg\" sizes=\"(max-width: 1366px) 648px, 100vw\" srcset=\"https:\/\/s2.glbimg.com\/LU1QsarG3PDBi8Gai_AmWoSA6MI=\/0x0:1152x864\/1000x0\/smart\/filters:strip_icc()\/i.s3.glbimg.com\/v1\/AUTH_59edd422c0c84a879bd37670ae4f538a\/internal_photos\/bs\/2020\/B\/w\/chI4SbTDmfM95ABhdX1Q\/marti-2.jpg 1000w, https:\/\/s2.glbimg.com\/Mq-h-0-nRZ4yU4YBsTY9XasBvKs=\/0x0:1152x864\/984x0\/smart\/filters:strip_icc()\/i.s3.glbimg.com\/v1\/AUTH_59edd422c0c84a879bd37670ae4f538a\/internal_photos\/bs\/2020\/B\/w\/chI4SbTDmfM95ABhdX1Q\/marti-2.jpg 984w, https:\/\/s2.glbimg.com\/uMOxdKHoqfQuY7cHl1q7uJ9KAUw=\/0x0:1152x864\/640x0\/smart\/filters:strip_icc()\/i.s3.glbimg.com\/v1\/AUTH_59edd422c0c84a879bd37670ae4f538a\/internal_photos\/bs\/2020\/B\/w\/chI4SbTDmfM95ABhdX1Q\/marti-2.jpg 640w, https:\/\/s2.glbimg.com\/yIDU_HPXy2JmMARJLxZXBTcYAAc=\/0x0:1152x864\/600x0\/smart\/filters:strip_icc()\/i.s3.glbimg.com\/v1\/AUTH_59edd422c0c84a879bd37670ae4f538a\/internal_photos\/bs\/2020\/B\/w\/chI4SbTDmfM95ABhdX1Q\/marti-2.jpg 600w\" alt=\"Houve destelhamentos de casas em Martin\u00f3polis nesta segunda-feira (9) \u2014 Foto: Defesa Civil\" \/><\/figure>\n<p class=\"content-media__description \">Houve destelhamentos de casas em Martin\u00f3polis nesta segunda-feira (9) \u2014 Foto: Defesa Civil<\/p>\n<\/div>\n<\/div>\n<div class=\"row medium-uncollapsed content-media content-photo\" style=\"text-align: justify;\" data-block-type=\"backstage-photo\" data-block-id=\"22\">\n<div class=\"mc-column content-media__container\">\n<figure><img decoding=\"async\" class=\"i-amphtml-fill-content i-amphtml-replaced-content\" src=\"https:\/\/s2.glbimg.com\/qV-rxuHb9irry_X1KVKHBGcaauU=\/0x0:1152x864\/984x0\/smart\/filters:strip_icc()\/i.s3.glbimg.com\/v1\/AUTH_59edd422c0c84a879bd37670ae4f538a\/internal_photos\/bs\/2020\/h\/o\/f1flyvS5AqKqkhRhVIAQ\/marti-3.jpg\" sizes=\"(max-width: 1366px) 648px, 100vw\" srcset=\"https:\/\/s2.glbimg.com\/R1ggRp51ad86gUho51qHMfxRxdE=\/0x0:1152x864\/1000x0\/smart\/filters:strip_icc()\/i.s3.glbimg.com\/v1\/AUTH_59edd422c0c84a879bd37670ae4f538a\/internal_photos\/bs\/2020\/h\/o\/f1flyvS5AqKqkhRhVIAQ\/marti-3.jpg 1000w, https:\/\/s2.glbimg.com\/qV-rxuHb9irry_X1KVKHBGcaauU=\/0x0:1152x864\/984x0\/smart\/filters:strip_icc()\/i.s3.glbimg.com\/v1\/AUTH_59edd422c0c84a879bd37670ae4f538a\/internal_photos\/bs\/2020\/h\/o\/f1flyvS5AqKqkhRhVIAQ\/marti-3.jpg 984w, https:\/\/s2.glbimg.com\/Z3sQ_cTLnG-4W8hX-hKPNBPETng=\/0x0:1152x864\/640x0\/smart\/filters:strip_icc()\/i.s3.glbimg.com\/v1\/AUTH_59edd422c0c84a879bd37670ae4f538a\/internal_photos\/bs\/2020\/h\/o\/f1flyvS5AqKqkhRhVIAQ\/marti-3.jpg 640w, https:\/\/s2.glbimg.com\/pu1zREz-uAeFAMxCotCGv3I-jRA=\/0x0:1152x864\/600x0\/smart\/filters:strip_icc()\/i.s3.glbimg.com\/v1\/AUTH_59edd422c0c84a879bd37670ae4f538a\/internal_photos\/bs\/2020\/h\/o\/f1flyvS5AqKqkhRhVIAQ\/marti-3.jpg 600w\" alt=\"Houve destelhamentos de casas em Martin\u00f3polis nesta segunda-feira (9) \u2014 Foto: Defesa Civil\" \/><\/figure>\n<p class=\"content-media__description \">Houve destelhamentos de casas em Martin\u00f3polis nesta segunda-feira (9) \u2014 Foto: Defesa Civil<\/p>\n<\/div>\n<\/div>\n<div class=\"row medium-uncollapsed content-media content-photo\" style=\"text-align: justify;\" data-block-type=\"backstage-photo\" data-block-id=\"23\">\n<div class=\"mc-column content-media__container\">\n<figure><img decoding=\"async\" class=\"i-amphtml-fill-content i-amphtml-replaced-content\" src=\"https:\/\/s2.glbimg.com\/hiq2gsVbDjBvAWNw3SmNMosI_lg=\/0x0:1152x864\/984x0\/smart\/filters:strip_icc()\/i.s3.glbimg.com\/v1\/AUTH_59edd422c0c84a879bd37670ae4f538a\/internal_photos\/bs\/2020\/L\/U\/6yIBl1RPqJoKUhAZXk3w\/marti-4.jpg\" sizes=\"(max-width: 1366px) 648px, 100vw\" srcset=\"https:\/\/s2.glbimg.com\/nP22XfTMOSc3jLjJ5JBR7jCCy1s=\/0x0:1152x864\/1000x0\/smart\/filters:strip_icc()\/i.s3.glbimg.com\/v1\/AUTH_59edd422c0c84a879bd37670ae4f538a\/internal_photos\/bs\/2020\/L\/U\/6yIBl1RPqJoKUhAZXk3w\/marti-4.jpg 1000w, https:\/\/s2.glbimg.com\/hiq2gsVbDjBvAWNw3SmNMosI_lg=\/0x0:1152x864\/984x0\/smart\/filters:strip_icc()\/i.s3.glbimg.com\/v1\/AUTH_59edd422c0c84a879bd37670ae4f538a\/internal_photos\/bs\/2020\/L\/U\/6yIBl1RPqJoKUhAZXk3w\/marti-4.jpg 984w, https:\/\/s2.glbimg.com\/Cuct2y8bAog1kGRnxOivrUaXWBQ=\/0x0:1152x864\/640x0\/smart\/filters:strip_icc()\/i.s3.glbimg.com\/v1\/AUTH_59edd422c0c84a879bd37670ae4f538a\/internal_photos\/bs\/2020\/L\/U\/6yIBl1RPqJoKUhAZXk3w\/marti-4.jpg 640w, https:\/\/s2.glbimg.com\/7btkvMilR0HOykICS73P8M3FRFI=\/0x0:1152x864\/600x0\/smart\/filters:strip_icc()\/i.s3.glbimg.com\/v1\/AUTH_59edd422c0c84a879bd37670ae4f538a\/internal_photos\/bs\/2020\/L\/U\/6yIBl1RPqJoKUhAZXk3w\/marti-4.jpg 600w\" alt=\"Houve destelhamentos de casas em Martin\u00f3polis nesta segunda-feira (9) \u2014 Foto: Defesa Civil\" \/><\/figure>\n<p class=\"content-media__description \">Houve destelhamentos de casas em Martin\u00f3polis nesta segunda-feira (9) \u2014 Foto: Defesa Civil<\/p>\n<\/div>\n<\/div>\n<div class=\"content-ads content-ads--reveal\" style=\"text-align: justify;\" data-block-type=\"ads\" data-block-id=\"24\">\n<div id=\"banner_materia__78cc2921-0ea0-4259-a2cc-dc84c74e527e\" class=\"tag-manager-publicidade-container mc-has-reveal mc-has-ad-lazyload\" data-id=\"banner_materia__78cc2921-0ea0-4259-a2cc-dc84c74e527e\"><\/div>\n<\/div>\n<div class=\"row medium-uncollapsed content-media content-photo\" style=\"text-align: justify;\" data-block-type=\"backstage-photo\" data-block-id=\"25\">\n<div class=\"mc-column content-media__container\">\n<figure><img decoding=\"async\" class=\"i-amphtml-fill-content i-amphtml-replaced-content\" src=\"https:\/\/s2.glbimg.com\/9vy0qS8ct_ONDNolE1HAXOEsc4E=\/0x0:1152x864\/984x0\/smart\/filters:strip_icc()\/i.s3.glbimg.com\/v1\/AUTH_59edd422c0c84a879bd37670ae4f538a\/internal_photos\/bs\/2020\/x\/q\/aF8PYORBuhR54rMCVGCA\/marti-5.jpg\" sizes=\"(max-width: 1366px) 648px, 100vw\" srcset=\"https:\/\/s2.glbimg.com\/fZpnQvxU5DC-1Gsn5IbnENMH21M=\/0x0:1152x864\/1000x0\/smart\/filters:strip_icc()\/i.s3.glbimg.com\/v1\/AUTH_59edd422c0c84a879bd37670ae4f538a\/internal_photos\/bs\/2020\/x\/q\/aF8PYORBuhR54rMCVGCA\/marti-5.jpg 1000w, https:\/\/s2.glbimg.com\/9vy0qS8ct_ONDNolE1HAXOEsc4E=\/0x0:1152x864\/984x0\/smart\/filters:strip_icc()\/i.s3.glbimg.com\/v1\/AUTH_59edd422c0c84a879bd37670ae4f538a\/internal_photos\/bs\/2020\/x\/q\/aF8PYORBuhR54rMCVGCA\/marti-5.jpg 984w, https:\/\/s2.glbimg.com\/paxYGWDTDxzsdP_RRftxvdRw3H4=\/0x0:1152x864\/640x0\/smart\/filters:strip_icc()\/i.s3.glbimg.com\/v1\/AUTH_59edd422c0c84a879bd37670ae4f538a\/internal_photos\/bs\/2020\/x\/q\/aF8PYORBuhR54rMCVGCA\/marti-5.jpg 640w, https:\/\/s2.glbimg.com\/CwHVVevozD2gHTzfdIIZ3BBBJ6k=\/0x0:1152x864\/600x0\/smart\/filters:strip_icc()\/i.s3.glbimg.com\/v1\/AUTH_59edd422c0c84a879bd37670ae4f538a\/internal_photos\/bs\/2020\/x\/q\/aF8PYORBuhR54rMCVGCA\/marti-5.jpg 600w\" alt=\"Houve destelhamentos de casas em Martin\u00f3polis nesta segunda-feira (9) \u2014 Foto: Defesa Civil\" \/><\/figure>\n<p class=\"content-media__description \">Houve destelhamentos de casas em Martin\u00f3polis nesta segunda-feira (9) \u2014 Foto: Defesa Civil<\/p>\n<\/div>\n<\/div>\n<div class=\"row medium-uncollapsed content-media content-photo\" style=\"text-align: justify;\" data-block-type=\"backstage-photo\" data-block-id=\"26\">\n<div class=\"mc-column content-media__container\">\n<figure><img decoding=\"async\" class=\"i-amphtml-fill-content i-amphtml-replaced-content\" src=\"https:\/\/s2.glbimg.com\/u2Lj8t0MmkwnL8PuqC6mVxJDLDA=\/0x0:1152x864\/984x0\/smart\/filters:strip_icc()\/i.s3.glbimg.com\/v1\/AUTH_59edd422c0c84a879bd37670ae4f538a\/internal_photos\/bs\/2020\/Y\/N\/nYMjyISBmSpEn13V9BFg\/marti-6.jpg\" sizes=\"(max-width: 1366px) 648px, 100vw\" srcset=\"https:\/\/s2.glbimg.com\/fhsTTqFIwwI0SwEZNgJTNCSmxqc=\/0x0:1152x864\/1000x0\/smart\/filters:strip_icc()\/i.s3.glbimg.com\/v1\/AUTH_59edd422c0c84a879bd37670ae4f538a\/internal_photos\/bs\/2020\/Y\/N\/nYMjyISBmSpEn13V9BFg\/marti-6.jpg 1000w, https:\/\/s2.glbimg.com\/u2Lj8t0MmkwnL8PuqC6mVxJDLDA=\/0x0:1152x864\/984x0\/smart\/filters:strip_icc()\/i.s3.glbimg.com\/v1\/AUTH_59edd422c0c84a879bd37670ae4f538a\/internal_photos\/bs\/2020\/Y\/N\/nYMjyISBmSpEn13V9BFg\/marti-6.jpg 984w, https:\/\/s2.glbimg.com\/4VK9BkhD338A_32bZQhE0-d4KhQ=\/0x0:1152x864\/640x0\/smart\/filters:strip_icc()\/i.s3.glbimg.com\/v1\/AUTH_59edd422c0c84a879bd37670ae4f538a\/internal_photos\/bs\/2020\/Y\/N\/nYMjyISBmSpEn13V9BFg\/marti-6.jpg 640w, https:\/\/s2.glbimg.com\/tp9DSxhdjoUU2yYy0KnwS-JaBPU=\/0x0:1152x864\/600x0\/smart\/filters:strip_icc()\/i.s3.glbimg.com\/v1\/AUTH_59edd422c0c84a879bd37670ae4f538a\/internal_photos\/bs\/2020\/Y\/N\/nYMjyISBmSpEn13V9BFg\/marti-6.jpg 600w\" alt=\"Houve destelhamentos de casas em Martin\u00f3polis nesta segunda-feira (9) \u2014 Foto: Defesa Civil\" \/><\/figure>\n<p class=\"content-media__description \">Houve destelhamentos de casas em Martin\u00f3polis nesta segunda-feira (9) \u2014 Foto: Defesa Civil<\/p>\n<\/div>\n<\/div>\n<div class=\"row medium-uncollapsed content-media content-photo\" style=\"text-align: justify;\" data-block-type=\"backstage-photo\" data-block-id=\"27\">\n<div class=\"mc-column content-media__container\">\n<figure><img decoding=\"async\" class=\"i-amphtml-fill-content i-amphtml-replaced-content\" src=\"https:\/\/s2.glbimg.com\/JlZVJ5Pi64tB2bA_L4-aumB45fY=\/0x0:1152x864\/984x0\/smart\/filters:strip_icc()\/i.s3.glbimg.com\/v1\/AUTH_59edd422c0c84a879bd37670ae4f538a\/internal_photos\/bs\/2020\/1\/S\/GQ23VdQR2gINETe6UNNA\/marti-7.jpg\" sizes=\"(max-width: 1366px) 648px, 100vw\" srcset=\"https:\/\/s2.glbimg.com\/AqZlV5b-Fn5KQw6mCbsOyx7YMlo=\/0x0:1152x864\/1000x0\/smart\/filters:strip_icc()\/i.s3.glbimg.com\/v1\/AUTH_59edd422c0c84a879bd37670ae4f538a\/internal_photos\/bs\/2020\/1\/S\/GQ23VdQR2gINETe6UNNA\/marti-7.jpg 1000w, https:\/\/s2.glbimg.com\/JlZVJ5Pi64tB2bA_L4-aumB45fY=\/0x0:1152x864\/984x0\/smart\/filters:strip_icc()\/i.s3.glbimg.com\/v1\/AUTH_59edd422c0c84a879bd37670ae4f538a\/internal_photos\/bs\/2020\/1\/S\/GQ23VdQR2gINETe6UNNA\/marti-7.jpg 984w, https:\/\/s2.glbimg.com\/ZENnuGM-YFbbFPR2CGoWsqrGIV4=\/0x0:1152x864\/640x0\/smart\/filters:strip_icc()\/i.s3.glbimg.com\/v1\/AUTH_59edd422c0c84a879bd37670ae4f538a\/internal_photos\/bs\/2020\/1\/S\/GQ23VdQR2gINETe6UNNA\/marti-7.jpg 640w, https:\/\/s2.glbimg.com\/lwV0DYa5dNOHR_6tDTt8dtNja8g=\/0x0:1152x864\/600x0\/smart\/filters:strip_icc()\/i.s3.glbimg.com\/v1\/AUTH_59edd422c0c84a879bd37670ae4f538a\/internal_photos\/bs\/2020\/1\/S\/GQ23VdQR2gINETe6UNNA\/marti-7.jpg 600w\" alt=\"Houve destelhamentos de casas em Martin\u00f3polis nesta segunda-feira (9) \u2014 Foto: Defesa Civil\" \/><\/figure>\n<p class=\"content-media__description \">Houve destelhamentos de casas em Martin\u00f3polis nesta segunda-feira (9) \u2014 Foto: Defesa Civil<\/p>\n<\/div>\n<\/div>\n<div class=\"content-ads content-ads--reveal\" style=\"text-align: justify;\" data-block-type=\"ads\" data-block-id=\"28\">\n<div id=\"banner_materia__9bf1cdd6-7c02-4a46-a988-e0e17e3f2e86\" class=\"tag-manager-publicidade-container mc-has-reveal mc-has-ad-lazyload\" data-id=\"banner_materia__9bf1cdd6-7c02-4a46-a988-e0e17e3f2e86\"><\/div>\n<\/div>\n<div class=\"row medium-uncollapsed content-media content-photo\" style=\"text-align: justify;\" data-block-type=\"backstage-photo\" data-block-id=\"29\">\n<div class=\"mc-column content-media__container\">\n<figure><img decoding=\"async\" class=\"i-amphtml-fill-content i-amphtml-replaced-content\" src=\"https:\/\/s2.glbimg.com\/L56n6ZVJdlNCtiNxsKz5MIs8MaQ=\/0x0:1152x864\/984x0\/smart\/filters:strip_icc()\/i.s3.glbimg.com\/v1\/AUTH_59edd422c0c84a879bd37670ae4f538a\/internal_photos\/bs\/2020\/6\/y\/KBY3BSSdOAe88gt7yoZg\/marti-8.jpg\" sizes=\"(max-width: 1366px) 648px, 100vw\" srcset=\"https:\/\/s2.glbimg.com\/kNYXXv217iuD9LwMMUHTB4bspc8=\/0x0:1152x864\/1000x0\/smart\/filters:strip_icc()\/i.s3.glbimg.com\/v1\/AUTH_59edd422c0c84a879bd37670ae4f538a\/internal_photos\/bs\/2020\/6\/y\/KBY3BSSdOAe88gt7yoZg\/marti-8.jpg 1000w, https:\/\/s2.glbimg.com\/L56n6ZVJdlNCtiNxsKz5MIs8MaQ=\/0x0:1152x864\/984x0\/smart\/filters:strip_icc()\/i.s3.glbimg.com\/v1\/AUTH_59edd422c0c84a879bd37670ae4f538a\/internal_photos\/bs\/2020\/6\/y\/KBY3BSSdOAe88gt7yoZg\/marti-8.jpg 984w, https:\/\/s2.glbimg.com\/ivZFuD1LHU92_JIZ2j7ir_s5IUU=\/0x0:1152x864\/640x0\/smart\/filters:strip_icc()\/i.s3.glbimg.com\/v1\/AUTH_59edd422c0c84a879bd37670ae4f538a\/internal_photos\/bs\/2020\/6\/y\/KBY3BSSdOAe88gt7yoZg\/marti-8.jpg 640w, https:\/\/s2.glbimg.com\/4PW2Ug2eAqAVM3Yw-nGVUT2RUWw=\/0x0:1152x864\/600x0\/smart\/filters:strip_icc()\/i.s3.glbimg.com\/v1\/AUTH_59edd422c0c84a879bd37670ae4f538a\/internal_photos\/bs\/2020\/6\/y\/KBY3BSSdOAe88gt7yoZg\/marti-8.jpg 600w\" alt=\"Houve destelhamentos de casas em Martin\u00f3polis nesta segunda-feira (9) \u2014 Foto: Defesa Civil\" \/><\/figure>\n<p class=\"content-media__description \">Houve destelhamentos de casas em Martin\u00f3polis nesta segunda-feira (9) \u2014 Foto: Defesa Civil<\/p>\n<\/div>\n<\/div>\n<div class=\"row medium-uncollapsed content-media content-photo\" style=\"text-align: justify;\" data-block-type=\"backstage-photo\" data-block-id=\"30\">\n<div class=\"mc-column content-media__container\">\n<figure><img decoding=\"async\" class=\"i-amphtml-fill-content i-amphtml-replaced-content\" src=\"https:\/\/s2.glbimg.com\/M4z98D96jCPuJUrXBYawgak4OZQ=\/0x0:1152x864\/984x0\/smart\/filters:strip_icc()\/i.s3.glbimg.com\/v1\/AUTH_59edd422c0c84a879bd37670ae4f538a\/internal_photos\/bs\/2020\/A\/v\/A17o3WQn6B6IQzEbBxHQ\/marti-9.jpg\" sizes=\"(max-width: 1366px) 648px, 100vw\" srcset=\"https:\/\/s2.glbimg.com\/bkJ5C0ud0v5iBHKHZ2jLy7Fnyhc=\/0x0:1152x864\/1000x0\/smart\/filters:strip_icc()\/i.s3.glbimg.com\/v1\/AUTH_59edd422c0c84a879bd37670ae4f538a\/internal_photos\/bs\/2020\/A\/v\/A17o3WQn6B6IQzEbBxHQ\/marti-9.jpg 1000w, https:\/\/s2.glbimg.com\/M4z98D96jCPuJUrXBYawgak4OZQ=\/0x0:1152x864\/984x0\/smart\/filters:strip_icc()\/i.s3.glbimg.com\/v1\/AUTH_59edd422c0c84a879bd37670ae4f538a\/internal_photos\/bs\/2020\/A\/v\/A17o3WQn6B6IQzEbBxHQ\/marti-9.jpg 984w, https:\/\/s2.glbimg.com\/3i3J2O6IFbWFVqItaThfFNg9UGs=\/0x0:1152x864\/640x0\/smart\/filters:strip_icc()\/i.s3.glbimg.com\/v1\/AUTH_59edd422c0c84a879bd37670ae4f538a\/internal_photos\/bs\/2020\/A\/v\/A17o3WQn6B6IQzEbBxHQ\/marti-9.jpg 640w, https:\/\/s2.glbimg.com\/YE5ntZuThq9rlLehOHX0CSO23cg=\/0x0:1152x864\/600x0\/smart\/filters:strip_icc()\/i.s3.glbimg.com\/v1\/AUTH_59edd422c0c84a879bd37670ae4f538a\/internal_photos\/bs\/2020\/A\/v\/A17o3WQn6B6IQzEbBxHQ\/marti-9.jpg 600w\" alt=\"Houve destelhamentos de casas em Martin\u00f3polis nesta segunda-feira (9) \u2014 Foto: Defesa Civil\" \/><\/figure>\n<p class=\"content-media__description \">Houve destelhamentos de casas em Martin\u00f3polis nesta segunda-feira (9) \u2014 Foto: Defesa Civil<\/p>\n<\/div>\n<\/div>\n<div class=\"row medium-uncollapsed content-media content-photo\" style=\"text-align: justify;\" data-block-type=\"backstage-photo\" data-block-id=\"31\">\n<div class=\"mc-column content-media__container\">\n<figure><img decoding=\"async\" class=\"i-amphtml-fill-content i-amphtml-replaced-content\" src=\"https:\/\/s2.glbimg.com\/fLbeQwxqIdFy2_DnFQIaXV0xUUY=\/0x0:1152x864\/984x0\/smart\/filters:strip_icc()\/i.s3.glbimg.com\/v1\/AUTH_59edd422c0c84a879bd37670ae4f538a\/internal_photos\/bs\/2020\/c\/p\/4J29n5RXyTqBRPXAtWhw\/marti-10.jpg\" sizes=\"(max-width: 1366px) 648px, 100vw\" srcset=\"https:\/\/s2.glbimg.com\/VryqE9k7Ix-FElyMaAHKdCasDZM=\/0x0:1152x864\/1000x0\/smart\/filters:strip_icc()\/i.s3.glbimg.com\/v1\/AUTH_59edd422c0c84a879bd37670ae4f538a\/internal_photos\/bs\/2020\/c\/p\/4J29n5RXyTqBRPXAtWhw\/marti-10.jpg 1000w, https:\/\/s2.glbimg.com\/fLbeQwxqIdFy2_DnFQIaXV0xUUY=\/0x0:1152x864\/984x0\/smart\/filters:strip_icc()\/i.s3.glbimg.com\/v1\/AUTH_59edd422c0c84a879bd37670ae4f538a\/internal_photos\/bs\/2020\/c\/p\/4J29n5RXyTqBRPXAtWhw\/marti-10.jpg 984w, https:\/\/s2.glbimg.com\/FpfwjkJ1kQhlz9Tu7H6G8F3A0T8=\/0x0:1152x864\/640x0\/smart\/filters:strip_icc()\/i.s3.glbimg.com\/v1\/AUTH_59edd422c0c84a879bd37670ae4f538a\/internal_photos\/bs\/2020\/c\/p\/4J29n5RXyTqBRPXAtWhw\/marti-10.jpg 640w, https:\/\/s2.glbimg.com\/YGVrR5XeODx2yYlJilurL78DYpc=\/0x0:1152x864\/600x0\/smart\/filters:strip_icc()\/i.s3.glbimg.com\/v1\/AUTH_59edd422c0c84a879bd37670ae4f538a\/internal_photos\/bs\/2020\/c\/p\/4J29n5RXyTqBRPXAtWhw\/marti-10.jpg 600w\" alt=\"Houve destelhamentos de casas em Martin\u00f3polis nesta segunda-feira (9) \u2014 Foto: Defesa Civil\" \/><\/figure>\n<p class=\"content-media__description \">Houve destelhamentos de casas em Martin\u00f3polis nesta segunda-feira (9) \u2014 Foto: Defesa Civil<\/p>\n<\/div>\n<\/div>\n<div class=\"content-ads content-ads--reveal\" style=\"text-align: justify;\" data-block-type=\"ads\" data-block-id=\"32\">\n<div id=\"banner_materia__fec354de-25f8-4b16-bfcf-3653d819d60b\" class=\"tag-manager-publicidade-container mc-has-reveal mc-has-ad-lazyload\" data-id=\"banner_materia__fec354de-25f8-4b16-bfcf-3653d819d60b\"><\/div>\n<\/div>\n<div class=\"row medium-uncollapsed content-media content-photo\" style=\"text-align: justify;\" data-block-type=\"backstage-photo\" data-block-id=\"33\">\n<div class=\"mc-column content-media__container\">\n<figure><img decoding=\"async\" class=\"i-amphtml-fill-content i-amphtml-replaced-content\" src=\"https:\/\/s2.glbimg.com\/ABx7zV5so0SMoeTYSlTLq4KUBik=\/0x0:1152x864\/984x0\/smart\/filters:strip_icc()\/i.s3.glbimg.com\/v1\/AUTH_59edd422c0c84a879bd37670ae4f538a\/internal_photos\/bs\/2020\/8\/D\/iSXAtBSJSAB3TuMpYjhA\/marti-11.jpg\" sizes=\"(max-width: 1366px) 648px, 100vw\" srcset=\"https:\/\/s2.glbimg.com\/Pf8s1uh7DEpVModKhmAvTAMaCIs=\/0x0:1152x864\/1000x0\/smart\/filters:strip_icc()\/i.s3.glbimg.com\/v1\/AUTH_59edd422c0c84a879bd37670ae4f538a\/internal_photos\/bs\/2020\/8\/D\/iSXAtBSJSAB3TuMpYjhA\/marti-11.jpg 1000w, https:\/\/s2.glbimg.com\/ABx7zV5so0SMoeTYSlTLq4KUBik=\/0x0:1152x864\/984x0\/smart\/filters:strip_icc()\/i.s3.glbimg.com\/v1\/AUTH_59edd422c0c84a879bd37670ae4f538a\/internal_photos\/bs\/2020\/8\/D\/iSXAtBSJSAB3TuMpYjhA\/marti-11.jpg 984w, https:\/\/s2.glbimg.com\/Zw5DI9GTR0dzns3TnYyuMpQEgIw=\/0x0:1152x864\/640x0\/smart\/filters:strip_icc()\/i.s3.glbimg.com\/v1\/AUTH_59edd422c0c84a879bd37670ae4f538a\/internal_photos\/bs\/2020\/8\/D\/iSXAtBSJSAB3TuMpYjhA\/marti-11.jpg 640w, https:\/\/s2.glbimg.com\/6jwM4bTcK5ef6juqwESFjeuwAws=\/0x0:1152x864\/600x0\/smart\/filters:strip_icc()\/i.s3.glbimg.com\/v1\/AUTH_59edd422c0c84a879bd37670ae4f538a\/internal_photos\/bs\/2020\/8\/D\/iSXAtBSJSAB3TuMpYjhA\/marti-11.jpg 600w\" alt=\"Houve destelhamentos de casas em Martin\u00f3polis nesta segunda-feira (9) \u2014 Foto: Defesa Civil\" \/><\/figure>\n<p class=\"content-media__description \">Houve destelhamentos de casas em Martin\u00f3polis nesta segunda-feira (9) \u2014 Foto: Defesa Civil<\/p>\n<\/div>\n<\/div>\n<div class=\"row medium-uncollapsed content-media content-photo\" style=\"text-align: justify;\" data-block-type=\"backstage-photo\" data-block-id=\"34\">\n<div class=\"mc-column content-media__container\">\n<figure><img decoding=\"async\" class=\"i-amphtml-fill-content i-amphtml-replaced-content\" src=\"https:\/\/s2.glbimg.com\/Az3OfyyezLFr7yZLKrJxtv4m-Vg=\/0x0:1152x864\/984x0\/smart\/filters:strip_icc()\/i.s3.glbimg.com\/v1\/AUTH_59edd422c0c84a879bd37670ae4f538a\/internal_photos\/bs\/2020\/Q\/t\/9Acw6USFWeFgQLqnJxaA\/marti-12.jpg\" sizes=\"(max-width: 1366px) 648px, 100vw\" srcset=\"https:\/\/s2.glbimg.com\/UK8djz_IRxnCCigmy952gxDaS-Y=\/0x0:1152x864\/1000x0\/smart\/filters:strip_icc()\/i.s3.glbimg.com\/v1\/AUTH_59edd422c0c84a879bd37670ae4f538a\/internal_photos\/bs\/2020\/Q\/t\/9Acw6USFWeFgQLqnJxaA\/marti-12.jpg 1000w, https:\/\/s2.glbimg.com\/Az3OfyyezLFr7yZLKrJxtv4m-Vg=\/0x0:1152x864\/984x0\/smart\/filters:strip_icc()\/i.s3.glbimg.com\/v1\/AUTH_59edd422c0c84a879bd37670ae4f538a\/internal_photos\/bs\/2020\/Q\/t\/9Acw6USFWeFgQLqnJxaA\/marti-12.jpg 984w, https:\/\/s2.glbimg.com\/C3aPCsahUJQ0AYBCLTslkTdnDIo=\/0x0:1152x864\/640x0\/smart\/filters:strip_icc()\/i.s3.glbimg.com\/v1\/AUTH_59edd422c0c84a879bd37670ae4f538a\/internal_photos\/bs\/2020\/Q\/t\/9Acw6USFWeFgQLqnJxaA\/marti-12.jpg 640w, https:\/\/s2.glbimg.com\/1RZqhTYjQp-65cWCWtk8JtoKngc=\/0x0:1152x864\/600x0\/smart\/filters:strip_icc()\/i.s3.glbimg.com\/v1\/AUTH_59edd422c0c84a879bd37670ae4f538a\/internal_photos\/bs\/2020\/Q\/t\/9Acw6USFWeFgQLqnJxaA\/marti-12.jpg 600w\" alt=\"Houve destelhamentos de casas em Martin\u00f3polis nesta segunda-feira (9) \u2014 Foto: Defesa Civil\" \/><\/figure>\n<p class=\"content-media__description \">Houve destelhamentos de casas em Martin\u00f3polis nesta segunda-feira (9) \u2014 Foto: Defesa Civil<\/p>\n<\/div>\n<\/div>\n<div class=\"row medium-uncollapsed content-media content-photo\" style=\"text-align: justify;\" data-block-type=\"backstage-photo\" data-block-id=\"35\">\n<div class=\"mc-column content-media__container\">\n<figure><img decoding=\"async\" class=\"i-amphtml-fill-content i-amphtml-replaced-content\" src=\"https:\/\/s2.glbimg.com\/SE9IZU2-sNd53zY4859JNP3pCy0=\/0x0:1152x864\/984x0\/smart\/filters:strip_icc()\/i.s3.glbimg.com\/v1\/AUTH_59edd422c0c84a879bd37670ae4f538a\/internal_photos\/bs\/2020\/6\/Y\/gtfTAHRRiJCzHa7zkeRg\/marti-13.jpg\" sizes=\"(max-width: 1366px) 648px, 100vw\" srcset=\"https:\/\/s2.glbimg.com\/7t0S1eC8X-gGZvcAVaTTO8dMdEA=\/0x0:1152x864\/1000x0\/smart\/filters:strip_icc()\/i.s3.glbimg.com\/v1\/AUTH_59edd422c0c84a879bd37670ae4f538a\/internal_photos\/bs\/2020\/6\/Y\/gtfTAHRRiJCzHa7zkeRg\/marti-13.jpg 1000w, https:\/\/s2.glbimg.com\/SE9IZU2-sNd53zY4859JNP3pCy0=\/0x0:1152x864\/984x0\/smart\/filters:strip_icc()\/i.s3.glbimg.com\/v1\/AUTH_59edd422c0c84a879bd37670ae4f538a\/internal_photos\/bs\/2020\/6\/Y\/gtfTAHRRiJCzHa7zkeRg\/marti-13.jpg 984w, https:\/\/s2.glbimg.com\/3Sxe0t_NyXIeSBgbczU8adOqyk0=\/0x0:1152x864\/640x0\/smart\/filters:strip_icc()\/i.s3.glbimg.com\/v1\/AUTH_59edd422c0c84a879bd37670ae4f538a\/internal_photos\/bs\/2020\/6\/Y\/gtfTAHRRiJCzHa7zkeRg\/marti-13.jpg 640w, https:\/\/s2.glbimg.com\/8fqu1mxqeI61GxJ5_OcKRb0W7gw=\/0x0:1152x864\/600x0\/smart\/filters:strip_icc()\/i.s3.glbimg.com\/v1\/AUTH_59edd422c0c84a879bd37670ae4f538a\/internal_photos\/bs\/2020\/6\/Y\/gtfTAHRRiJCzHa7zkeRg\/marti-13.jpg 600w\" alt=\"Houve destelhamentos de casas em Martin\u00f3polis nesta segunda-feira (9) \u2014 Foto: Defesa Civil\" \/><\/figure>\n<p class=\"content-media__description \">Houve destelhamentos de casas em Martin\u00f3polis nesta segunda-feira (9) \u2014 Foto: Defesa Civil<\/p>\n<\/div>\n<\/div>\n<div class=\"content-ads content-ads--reveal\" style=\"text-align: justify;\" data-block-type=\"ads\" data-block-id=\"36\">\n<div id=\"banner_materia__800c366e-19d9-4a95-8791-04d430198d51\" class=\"tag-manager-publicidade-container mc-has-reveal mc-has-ad-lazyload\" data-id=\"banner_materia__800c366e-19d9-4a95-8791-04d430198d51\"><\/div>\n<\/div>\n<div class=\"row medium-uncollapsed content-media content-photo\" style=\"text-align: justify;\" data-block-type=\"backstage-photo\" data-block-id=\"37\">\n<div class=\"mc-column content-media__container\">\n<figure><img decoding=\"async\" class=\"i-amphtml-fill-content i-amphtml-replaced-content\" src=\"https:\/\/s2.glbimg.com\/kN_6rHR3qDNihAHBD09i4qTg1DE=\/0x0:1152x864\/984x0\/smart\/filters:strip_icc()\/i.s3.glbimg.com\/v1\/AUTH_59edd422c0c84a879bd37670ae4f538a\/internal_photos\/bs\/2020\/3\/J\/KnHcAkRuu8AOkOUTgzAA\/marti-14.jpg\" sizes=\"(max-width: 1366px) 648px, 100vw\" srcset=\"https:\/\/s2.glbimg.com\/Wzx3IevIj4_3dTOP6hqpe9V895s=\/0x0:1152x864\/1000x0\/smart\/filters:strip_icc()\/i.s3.glbimg.com\/v1\/AUTH_59edd422c0c84a879bd37670ae4f538a\/internal_photos\/bs\/2020\/3\/J\/KnHcAkRuu8AOkOUTgzAA\/marti-14.jpg 1000w, https:\/\/s2.glbimg.com\/kN_6rHR3qDNihAHBD09i4qTg1DE=\/0x0:1152x864\/984x0\/smart\/filters:strip_icc()\/i.s3.glbimg.com\/v1\/AUTH_59edd422c0c84a879bd37670ae4f538a\/internal_photos\/bs\/2020\/3\/J\/KnHcAkRuu8AOkOUTgzAA\/marti-14.jpg 984w, https:\/\/s2.glbimg.com\/UapDUbrEIJlQEexXf774ap4K-NU=\/0x0:1152x864\/640x0\/smart\/filters:strip_icc()\/i.s3.glbimg.com\/v1\/AUTH_59edd422c0c84a879bd37670ae4f538a\/internal_photos\/bs\/2020\/3\/J\/KnHcAkRuu8AOkOUTgzAA\/marti-14.jpg 640w, https:\/\/s2.glbimg.com\/sVfI11gBfK9hA8VR2QfOb2mndj0=\/0x0:1152x864\/600x0\/smart\/filters:strip_icc()\/i.s3.glbimg.com\/v1\/AUTH_59edd422c0c84a879bd37670ae4f538a\/internal_photos\/bs\/2020\/3\/J\/KnHcAkRuu8AOkOUTgzAA\/marti-14.jpg 600w\" alt=\"Houve destelhamentos de casas em Martin\u00f3polis nesta segunda-feira (9) \u2014 Foto: Defesa Civil\" \/><\/figure>\n<p class=\"content-media__description \">Houve destelhamentos de casas em Martin\u00f3polis nesta segunda-feira (9) \u2014 Foto: Defesa Civil<\/p>\n<\/div>\n<\/div>\n<div class=\"row medium-uncollapsed content-media content-photo\" style=\"text-align: justify;\" data-block-type=\"backstage-photo\" data-block-id=\"38\">\n<div class=\"mc-column content-media__container\">\n<figure><img decoding=\"async\" class=\"i-amphtml-fill-content i-amphtml-replaced-content\" src=\"https:\/\/s2.glbimg.com\/Zmgzi_2mdFO_TJK89n7DXVXsu50=\/0x0:1280x960\/984x0\/smart\/filters:strip_icc()\/i.s3.glbimg.com\/v1\/AUTH_59edd422c0c84a879bd37670ae4f538a\/internal_photos\/bs\/2020\/b\/w\/VRBOBSQH6NKfnUTU8AJA\/marti-15.jpg\" sizes=\"(max-width: 1366px) 648px, 100vw\" srcset=\"https:\/\/s2.glbimg.com\/1QCpruhVise2NcwAWYsPK2uFD-o=\/0x0:1280x960\/1000x0\/smart\/filters:strip_icc()\/i.s3.glbimg.com\/v1\/AUTH_59edd422c0c84a879bd37670ae4f538a\/internal_photos\/bs\/2020\/b\/w\/VRBOBSQH6NKfnUTU8AJA\/marti-15.jpg 1000w, https:\/\/s2.glbimg.com\/Zmgzi_2mdFO_TJK89n7DXVXsu50=\/0x0:1280x960\/984x0\/smart\/filters:strip_icc()\/i.s3.glbimg.com\/v1\/AUTH_59edd422c0c84a879bd37670ae4f538a\/internal_photos\/bs\/2020\/b\/w\/VRBOBSQH6NKfnUTU8AJA\/marti-15.jpg 984w, https:\/\/s2.glbimg.com\/oMVbay7lygME0miPci7wm79Moh4=\/0x0:1280x960\/640x0\/smart\/filters:strip_icc()\/i.s3.glbimg.com\/v1\/AUTH_59edd422c0c84a879bd37670ae4f538a\/internal_photos\/bs\/2020\/b\/w\/VRBOBSQH6NKfnUTU8AJA\/marti-15.jpg 640w, https:\/\/s2.glbimg.com\/hCs7UVG1JUD1TGwooaUsPDumA5c=\/0x0:1280x960\/600x0\/smart\/filters:strip_icc()\/i.s3.glbimg.com\/v1\/AUTH_59edd422c0c84a879bd37670ae4f538a\/internal_photos\/bs\/2020\/b\/w\/VRBOBSQH6NKfnUTU8AJA\/marti-15.jpg 600w\" alt=\"Houve destelhamentos de casas em Martin\u00f3polis nesta segunda-feira (9) \u2014 Foto: Defesa Civil\" \/><\/figure>\n<p class=\"content-media__description \">Houve destelhamentos de casas em Martin\u00f3polis nesta segunda-feira (9) \u2014 Foto: Defesa Civil<\/p>\n<\/div>\n<\/div>\n<div class=\"row medium-uncollapsed content-media content-photo\" style=\"text-align: justify;\" data-block-type=\"backstage-photo\" data-block-id=\"39\">\n<div class=\"mc-column content-media__container\">\n<figure><img decoding=\"async\" class=\"i-amphtml-fill-content i-amphtml-replaced-content\" src=\"https:\/\/s2.glbimg.com\/ZLEDIpdnnYZdEKE5RDRa7oYjo4s=\/0x0:1152x864\/984x0\/smart\/filters:strip_icc()\/i.s3.glbimg.com\/v1\/AUTH_59edd422c0c84a879bd37670ae4f538a\/internal_photos\/bs\/2020\/k\/v\/VtnYBoSMAlYrqgSaD1qQ\/marti-16.jpg\" sizes=\"(max-width: 1366px) 648px, 100vw\" srcset=\"https:\/\/s2.glbimg.com\/hJNoXBs8SGrRh6mwLGA3PVlinDM=\/0x0:1152x864\/1000x0\/smart\/filters:strip_icc()\/i.s3.glbimg.com\/v1\/AUTH_59edd422c0c84a879bd37670ae4f538a\/internal_photos\/bs\/2020\/k\/v\/VtnYBoSMAlYrqgSaD1qQ\/marti-16.jpg 1000w, https:\/\/s2.glbimg.com\/ZLEDIpdnnYZdEKE5RDRa7oYjo4s=\/0x0:1152x864\/984x0\/smart\/filters:strip_icc()\/i.s3.glbimg.com\/v1\/AUTH_59edd422c0c84a879bd37670ae4f538a\/internal_photos\/bs\/2020\/k\/v\/VtnYBoSMAlYrqgSaD1qQ\/marti-16.jpg 984w, https:\/\/s2.glbimg.com\/BKxedhjSGE4b7Gijw1cA9pEB-4M=\/0x0:1152x864\/640x0\/smart\/filters:strip_icc()\/i.s3.glbimg.com\/v1\/AUTH_59edd422c0c84a879bd37670ae4f538a\/internal_photos\/bs\/2020\/k\/v\/VtnYBoSMAlYrqgSaD1qQ\/marti-16.jpg 640w, https:\/\/s2.glbimg.com\/ZJI-usyMc2ER1Ngs8m0G5wB6sCI=\/0x0:1152x864\/600x0\/smart\/filters:strip_icc()\/i.s3.glbimg.com\/v1\/AUTH_59edd422c0c84a879bd37670ae4f538a\/internal_photos\/bs\/2020\/k\/v\/VtnYBoSMAlYrqgSaD1qQ\/marti-16.jpg 600w\" alt=\"Houve destelhamentos de casas em Martin\u00f3polis nesta segunda-feira (9) \u2014 Foto: Defesa Civil\" \/><\/figure>\n<p class=\"content-media__description \">Houve destelhamentos de casas em Martin\u00f3polis nesta segunda-feira (9) \u2014 Foto: Defesa Civil<\/p>\n<\/div>\n<\/div>\n<div class=\"content-ads content-ads--reveal\" style=\"text-align: justify;\" data-block-type=\"ads\" data-block-id=\"40\">\n<div id=\"banner_materia__3923807c-bbb4-4e4d-80ac-98812f5ebc08\" class=\"tag-manager-publicidade-container mc-has-reveal mc-has-ad-lazyload\" data-id=\"banner_materia__3923807c-bbb4-4e4d-80ac-98812f5ebc08\"><\/div>\n<\/div>\n<div class=\"row medium-uncollapsed content-media content-photo\" style=\"text-align: justify;\" data-block-type=\"backstage-photo\" data-block-id=\"41\">\n<div class=\"mc-column content-media__container\">\n<figure><img decoding=\"async\" class=\"i-amphtml-fill-content i-amphtml-replaced-content\" src=\"https:\/\/s2.glbimg.com\/7nNOrK5q0e4sbz9KPwfUnos7N2M=\/0x0:1152x864\/984x0\/smart\/filters:strip_icc()\/i.s3.glbimg.com\/v1\/AUTH_59edd422c0c84a879bd37670ae4f538a\/internal_photos\/bs\/2020\/G\/F\/x2KeTGTp6DPHi220JpNA\/marti-17.jpg\" sizes=\"(max-width: 1366px) 648px, 100vw\" srcset=\"https:\/\/s2.glbimg.com\/JHtppA9Div6GI9wvHPtQGvqre78=\/0x0:1152x864\/1000x0\/smart\/filters:strip_icc()\/i.s3.glbimg.com\/v1\/AUTH_59edd422c0c84a879bd37670ae4f538a\/internal_photos\/bs\/2020\/G\/F\/x2KeTGTp6DPHi220JpNA\/marti-17.jpg 1000w, https:\/\/s2.glbimg.com\/7nNOrK5q0e4sbz9KPwfUnos7N2M=\/0x0:1152x864\/984x0\/smart\/filters:strip_icc()\/i.s3.glbimg.com\/v1\/AUTH_59edd422c0c84a879bd37670ae4f538a\/internal_photos\/bs\/2020\/G\/F\/x2KeTGTp6DPHi220JpNA\/marti-17.jpg 984w, https:\/\/s2.glbimg.com\/XGMF5_ClU2vVybUEY9yC1A9Z-Q4=\/0x0:1152x864\/640x0\/smart\/filters:strip_icc()\/i.s3.glbimg.com\/v1\/AUTH_59edd422c0c84a879bd37670ae4f538a\/internal_photos\/bs\/2020\/G\/F\/x2KeTGTp6DPHi220JpNA\/marti-17.jpg 640w, https:\/\/s2.glbimg.com\/NzNssM6O7ovJ0BH-pCUuJ4O0zjU=\/0x0:1152x864\/600x0\/smart\/filters:strip_icc()\/i.s3.glbimg.com\/v1\/AUTH_59edd422c0c84a879bd37670ae4f538a\/internal_photos\/bs\/2020\/G\/F\/x2KeTGTp6DPHi220JpNA\/marti-17.jpg 600w\" alt=\"Houve destelhamentos de casas em Martin\u00f3polis nesta segunda-feira (9) \u2014 Foto: Defesa Civil\" \/><\/figure>\n<p class=\"content-media__description \">Houve destelhamentos de casas em Martin\u00f3polis nesta segunda-feira (9) \u2014 Foto: Defesa Civil<\/p>\n<\/div>\n<\/div>\n<div class=\"row medium-uncollapsed content-media content-photo\" style=\"text-align: justify;\" data-block-type=\"backstage-photo\" data-block-id=\"42\">\n<div class=\"mc-column content-media__container\">\n<figure><img decoding=\"async\" class=\"i-amphtml-fill-content i-amphtml-replaced-content\" src=\"https:\/\/s2.glbimg.com\/gmgE0408svgW51bynsm5ukBNUPw=\/0x0:1152x864\/984x0\/smart\/filters:strip_icc()\/i.s3.glbimg.com\/v1\/AUTH_59edd422c0c84a879bd37670ae4f538a\/internal_photos\/bs\/2020\/A\/O\/sFMOccSWSlUvV2P7DXHw\/marti-18.jpg\" sizes=\"(max-width: 1366px) 648px, 100vw\" srcset=\"https:\/\/s2.glbimg.com\/u-9v9SgOt0NSg323qDAFo3tJkV8=\/0x0:1152x864\/1000x0\/smart\/filters:strip_icc()\/i.s3.glbimg.com\/v1\/AUTH_59edd422c0c84a879bd37670ae4f538a\/internal_photos\/bs\/2020\/A\/O\/sFMOccSWSlUvV2P7DXHw\/marti-18.jpg 1000w, https:\/\/s2.glbimg.com\/gmgE0408svgW51bynsm5ukBNUPw=\/0x0:1152x864\/984x0\/smart\/filters:strip_icc()\/i.s3.glbimg.com\/v1\/AUTH_59edd422c0c84a879bd37670ae4f538a\/internal_photos\/bs\/2020\/A\/O\/sFMOccSWSlUvV2P7DXHw\/marti-18.jpg 984w, https:\/\/s2.glbimg.com\/NeISlKAjQSEEszYsPk4gp1tQVh0=\/0x0:1152x864\/640x0\/smart\/filters:strip_icc()\/i.s3.glbimg.com\/v1\/AUTH_59edd422c0c84a879bd37670ae4f538a\/internal_photos\/bs\/2020\/A\/O\/sFMOccSWSlUvV2P7DXHw\/marti-18.jpg 640w, https:\/\/s2.glbimg.com\/uNpcC0up5IOkQ1SVCVCqp7-2HQI=\/0x0:1152x864\/600x0\/smart\/filters:strip_icc()\/i.s3.glbimg.com\/v1\/AUTH_59edd422c0c84a879bd37670ae4f538a\/internal_photos\/bs\/2020\/A\/O\/sFMOccSWSlUvV2P7DXHw\/marti-18.jpg 600w\" alt=\"Houve destelhamentos de casas em Martin\u00f3polis nesta segunda-feira (9) \u2014 Foto: Defesa Civil\" \/><\/figure>\n<p class=\"content-media__description \">Houve destelhamentos de casas em Martin\u00f3polis nesta segunda-feira (9) \u2014 Foto: Defesa Civil<\/p>\n<\/div>\n<\/div>\n<div class=\"row medium-uncollapsed content-media content-photo\" style=\"text-align: justify;\" data-block-type=\"backstage-photo\" data-block-id=\"43\">\n<div class=\"mc-column content-media__container\">\n<figure><img decoding=\"async\" class=\"i-amphtml-fill-content i-amphtml-replaced-content\" src=\"https:\/\/s2.glbimg.com\/y7vWbjT4EpDS2LrGkz_LMIYqels=\/0x0:1152x864\/984x0\/smart\/filters:strip_icc()\/i.s3.glbimg.com\/v1\/AUTH_59edd422c0c84a879bd37670ae4f538a\/internal_photos\/bs\/2020\/i\/w\/Q3xIPrR6SC85oULB5HcQ\/marti-20.jpg\" sizes=\"(max-width: 1366px) 648px, 100vw\" srcset=\"https:\/\/s2.glbimg.com\/52fXhIly1-yzglfnhubyt2dbskA=\/0x0:1152x864\/1000x0\/smart\/filters:strip_icc()\/i.s3.glbimg.com\/v1\/AUTH_59edd422c0c84a879bd37670ae4f538a\/internal_photos\/bs\/2020\/i\/w\/Q3xIPrR6SC85oULB5HcQ\/marti-20.jpg 1000w, https:\/\/s2.glbimg.com\/y7vWbjT4EpDS2LrGkz_LMIYqels=\/0x0:1152x864\/984x0\/smart\/filters:strip_icc()\/i.s3.glbimg.com\/v1\/AUTH_59edd422c0c84a879bd37670ae4f538a\/internal_photos\/bs\/2020\/i\/w\/Q3xIPrR6SC85oULB5HcQ\/marti-20.jpg 984w, https:\/\/s2.glbimg.com\/ViQ5hn0c42Qv4cpjAPBtwVdH1z4=\/0x0:1152x864\/640x0\/smart\/filters:strip_icc()\/i.s3.glbimg.com\/v1\/AUTH_59edd422c0c84a879bd37670ae4f538a\/internal_photos\/bs\/2020\/i\/w\/Q3xIPrR6SC85oULB5HcQ\/marti-20.jpg 640w, https:\/\/s2.glbimg.com\/L28DtTNln7mo584xWy0H6dkyykM=\/0x0:1152x864\/600x0\/smart\/filters:strip_icc()\/i.s3.glbimg.com\/v1\/AUTH_59edd422c0c84a879bd37670ae4f538a\/internal_photos\/bs\/2020\/i\/w\/Q3xIPrR6SC85oULB5HcQ\/marti-20.jpg 600w\" alt=\"Houve destelhamentos de casas em Martin\u00f3polis nesta segunda-feira (9) \u2014 Foto: Defesa Civil\" \/><\/figure>\n<p class=\"content-media__description \">Houve destelhamentos de casas em Martin\u00f3polis nesta segunda-feira (9) \u2014 Foto: Defesa Civil<\/p>\n<\/div>\n<\/div>\n<div class=\"content-ads content-ads--reveal\" style=\"text-align: justify;\" data-block-type=\"ads\" data-block-id=\"44\">\n<div id=\"banner_materia__43172718-629c-4009-9869-91a96b396d4a\" class=\"tag-manager-publicidade-container mc-has-reveal mc-has-ad-lazyload\" data-id=\"banner_materia__43172718-629c-4009-9869-91a96b396d4a\"><\/div>\n<\/div>\n<div class=\"row medium-uncollapsed content-media content-photo\" style=\"text-align: justify;\" data-block-type=\"backstage-photo\" data-block-id=\"45\">\n<div class=\"mc-column content-media__container\">\n<figure><img decoding=\"async\" class=\"i-amphtml-fill-content i-amphtml-replaced-content\" src=\"https:\/\/s2.glbimg.com\/VfR84pnZUni7c3T-RLpzXMyzO5w=\/0x0:1152x864\/984x0\/smart\/filters:strip_icc()\/i.s3.glbimg.com\/v1\/AUTH_59edd422c0c84a879bd37670ae4f538a\/internal_photos\/bs\/2020\/u\/0\/gqNrYeToCGgqFVHOKobQ\/marti-19.jpg\" sizes=\"(max-width: 1366px) 648px, 100vw\" srcset=\"https:\/\/s2.glbimg.com\/IFg_YyU5rn4uSyopbULqqni4fbk=\/0x0:1152x864\/1000x0\/smart\/filters:strip_icc()\/i.s3.glbimg.com\/v1\/AUTH_59edd422c0c84a879bd37670ae4f538a\/internal_photos\/bs\/2020\/u\/0\/gqNrYeToCGgqFVHOKobQ\/marti-19.jpg 1000w, https:\/\/s2.glbimg.com\/VfR84pnZUni7c3T-RLpzXMyzO5w=\/0x0:1152x864\/984x0\/smart\/filters:strip_icc()\/i.s3.glbimg.com\/v1\/AUTH_59edd422c0c84a879bd37670ae4f538a\/internal_photos\/bs\/2020\/u\/0\/gqNrYeToCGgqFVHOKobQ\/marti-19.jpg 984w, https:\/\/s2.glbimg.com\/twM9vaDe5v0JNeqA7-q9ap0M21A=\/0x0:1152x864\/640x0\/smart\/filters:strip_icc()\/i.s3.glbimg.com\/v1\/AUTH_59edd422c0c84a879bd37670ae4f538a\/internal_photos\/bs\/2020\/u\/0\/gqNrYeToCGgqFVHOKobQ\/marti-19.jpg 640w, https:\/\/s2.glbimg.com\/Dopz8kTD2CIsNcFbD5fBhLMXKFc=\/0x0:1152x864\/600x0\/smart\/filters:strip_icc()\/i.s3.glbimg.com\/v1\/AUTH_59edd422c0c84a879bd37670ae4f538a\/internal_photos\/bs\/2020\/u\/0\/gqNrYeToCGgqFVHOKobQ\/marti-19.jpg 600w\" alt=\"Temporal com chuva de granizo provocou estragos em Martin\u00f3polis \u2014 Foto: Defesa Civil\" \/><\/figure>\n<p class=\"content-media__description \">Temporal com chuva de granizo provocou estragos em Martin\u00f3polis \u2014 Foto: Defesa Civil<\/p>\n<\/div>\n<\/div>\n<div class=\"row medium-uncollapsed content-media content-photo\" style=\"text-align: justify;\" data-block-type=\"backstage-photo\" data-block-id=\"46\">\n<div class=\"mc-column content-media__container\">\n<figure><img decoding=\"async\" class=\"i-amphtml-fill-content i-amphtml-replaced-content\" src=\"https:\/\/s2.glbimg.com\/kX7jyl3fPqMfoYvlzf9KNS5nVaU=\/0x0:1152x864\/984x0\/smart\/filters:strip_icc()\/i.s3.glbimg.com\/v1\/AUTH_59edd422c0c84a879bd37670ae4f538a\/internal_photos\/bs\/2020\/B\/l\/FnJkgHSsq58BpkLVX4sg\/marti-21.jpg\" sizes=\"(max-width: 1366px) 648px, 100vw\" srcset=\"https:\/\/s2.glbimg.com\/I2kbZ_Zei-9zutReb1g8RwjbMdk=\/0x0:1152x864\/1000x0\/smart\/filters:strip_icc()\/i.s3.glbimg.com\/v1\/AUTH_59edd422c0c84a879bd37670ae4f538a\/internal_photos\/bs\/2020\/B\/l\/FnJkgHSsq58BpkLVX4sg\/marti-21.jpg 1000w, https:\/\/s2.glbimg.com\/kX7jyl3fPqMfoYvlzf9KNS5nVaU=\/0x0:1152x864\/984x0\/smart\/filters:strip_icc()\/i.s3.glbimg.com\/v1\/AUTH_59edd422c0c84a879bd37670ae4f538a\/internal_photos\/bs\/2020\/B\/l\/FnJkgHSsq58BpkLVX4sg\/marti-21.jpg 984w, https:\/\/s2.glbimg.com\/Szb_OEB_oqQzhfaLuzXGn6dUpYE=\/0x0:1152x864\/640x0\/smart\/filters:strip_icc()\/i.s3.glbimg.com\/v1\/AUTH_59edd422c0c84a879bd37670ae4f538a\/internal_photos\/bs\/2020\/B\/l\/FnJkgHSsq58BpkLVX4sg\/marti-21.jpg 640w, https:\/\/s2.glbimg.com\/KyfHdm5zS2s89HBz2DzlG1jYl4s=\/0x0:1152x864\/600x0\/smart\/filters:strip_icc()\/i.s3.glbimg.com\/v1\/AUTH_59edd422c0c84a879bd37670ae4f538a\/internal_photos\/bs\/2020\/B\/l\/FnJkgHSsq58BpkLVX4sg\/marti-21.jpg 600w\" alt=\"Temporal com chuva de granizo provocou estragos em Martin\u00f3polis \u2014 Foto: Defesa Civil\" \/><\/figure>\n<p class=\"content-media__description \">Temporal com chuva de granizo provocou estragos em Martin\u00f3polis \u2014 Foto: Defesa Civil<\/p>\n<\/div>\n<\/div>\n<div class=\"row medium-uncollapsed content-media content-photo\" data-block-type=\"backstage-photo\" data-block-id=\"47\">\n<div class=\"mc-column content-media__container\">\n<figure style=\"text-align: justify;\"><img decoding=\"async\" class=\"i-amphtml-fill-content i-amphtml-replaced-content\" src=\"https:\/\/s2.glbimg.com\/_p-USs9mf9bE-iNpNA3TnnE_2FI=\/0x0:1152x864\/984x0\/smart\/filters:strip_icc()\/i.s3.glbimg.com\/v1\/AUTH_59edd422c0c84a879bd37670ae4f538a\/internal_photos\/bs\/2020\/p\/H\/FG0ZoPRAuiKOroakj5Iw\/marti-22.jpg\" sizes=\"(max-width: 1366px) 648px, 100vw\" srcset=\"https:\/\/s2.glbimg.com\/hHub_U-J9Bb1XgLwvoY8jxPbD6I=\/0x0:1152x864\/1000x0\/smart\/filters:strip_icc()\/i.s3.glbimg.com\/v1\/AUTH_59edd422c0c84a879bd37670ae4f538a\/internal_photos\/bs\/2020\/p\/H\/FG0ZoPRAuiKOroakj5Iw\/marti-22.jpg 1000w, https:\/\/s2.glbimg.com\/_p-USs9mf9bE-iNpNA3TnnE_2FI=\/0x0:1152x864\/984x0\/smart\/filters:strip_icc()\/i.s3.glbimg.com\/v1\/AUTH_59edd422c0c84a879bd37670ae4f538a\/internal_photos\/bs\/2020\/p\/H\/FG0ZoPRAuiKOroakj5Iw\/marti-22.jpg 984w, https:\/\/s2.glbimg.com\/UxdLS7jzGd1SOP2ytfiiDQi68tg=\/0x0:1152x864\/640x0\/smart\/filters:strip_icc()\/i.s3.glbimg.com\/v1\/AUTH_59edd422c0c84a879bd37670ae4f538a\/internal_photos\/bs\/2020\/p\/H\/FG0ZoPRAuiKOroakj5Iw\/marti-22.jpg 640w, https:\/\/s2.glbimg.com\/cZ6cCi1oKA5FHfqQpRi1zFLAeJA=\/0x0:1152x864\/600x0\/smart\/filters:strip_icc()\/i.s3.glbimg.com\/v1\/AUTH_59edd422c0c84a879bd37670ae4f538a\/internal_photos\/bs\/2020\/p\/H\/FG0ZoPRAuiKOroakj5Iw\/marti-22.jpg 600w\" alt=\"Temporal com chuva de granizo provocou estragos em Martin\u00f3polis \u2014 Foto: Defesa Civil\" \/><\/figure>\n<p class=\"content-media__description \" style=\"text-align: justify;\">Temporal com chuva de granizo provocou estragos em Martin\u00f3polis \u2014 Foto: Defesa Civil<\/p>\n<p style=\"text-align: justify;\">Fonte: G1<\/p>\n<\/div>\n<\/div>\n<\/div>\n","protected":false},"excerpt":{"rendered":"<p>Conforme o climatologista Vagner Camarini, o fen\u00f4meno ocorreu nos pontos onde as instabilidades s\u00e3o maiores. Na tarde desta segunda-feira (9), cidades do Oeste Paulista foram atingidas com chuva de granizo e ventos fortes. Segundo informou o climatologista Vagner Camarini ao\u00a0G1, a mudan\u00e7a repentina na meteorologia deve-se a aproxima\u00e7\u00e3o de uma frente fria, que causou as [&hellip;]<\/p>\n","protected":false},"author":1,"featured_media":38454,"comment_status":"closed","ping_status":"open","sticky":false,"template":"","format":"standard","meta":{"footnotes":""},"categories":[114,110],"tags":[],"class_list":["post-38453","post","type-post","status-publish","format-standard","has-post-thumbnail","hentry","category-geralecomercio","category-noticiasdestaque"],"_links":{"self":[{"href":"https:\/\/jorgezanoni.com.br\/2019\/wp-json\/wp\/v2\/posts\/38453","targetHints":{"allow":["GET"]}}],"collection":[{"href":"https:\/\/jorgezanoni.com.br\/2019\/wp-json\/wp\/v2\/posts"}],"about":[{"href":"https:\/\/jorgezanoni.com.br\/2019\/wp-json\/wp\/v2\/types\/post"}],"author":[{"embeddable":true,"href":"https:\/\/jorgezanoni.com.br\/2019\/wp-json\/wp\/v2\/users\/1"}],"replies":[{"embeddable":true,"href":"https:\/\/jorgezanoni.com.br\/2019\/wp-json\/wp\/v2\/comments?post=38453"}],"version-history":[{"count":0,"href":"https:\/\/jorgezanoni.com.br\/2019\/wp-json\/wp\/v2\/posts\/38453\/revisions"}],"wp:featuredmedia":[{"embeddable":true,"href":"https:\/\/jorgezanoni.com.br\/2019\/wp-json\/wp\/v2\/media\/38454"}],"wp:attachment":[{"href":"https:\/\/jorgezanoni.com.br\/2019\/wp-json\/wp\/v2\/media?parent=38453"}],"wp:term":[{"taxonomy":"category","embeddable":true,"href":"https:\/\/jorgezanoni.com.br\/2019\/wp-json\/wp\/v2\/categories?post=38453"},{"taxonomy":"post_tag","embeddable":true,"href":"https:\/\/jorgezanoni.com.br\/2019\/wp-json\/wp\/v2\/tags?post=38453"}],"curies":[{"name":"wp","href":"https:\/\/api.w.org\/{rel}","templated":true}]}}