{"id":38450,"date":"2020-11-10T01:11:03","date_gmt":"2020-11-10T01:11:03","guid":{"rendered":"https:\/\/jorgezanoni.com.br\/2019\/?p=38450"},"modified":"2020-11-10T01:11:03","modified_gmt":"2020-11-10T01:11:03","slug":"idoso-e-preso-em-flagrante-apos-passar-as-maos-nas-nadegas-de-mulheres-dentro-de-supermercado-em-presidente-prudente","status":"publish","type":"post","link":"https:\/\/jorgezanoni.com.br\/2019\/idoso-e-preso-em-flagrante-apos-passar-as-maos-nas-nadegas-de-mulheres-dentro-de-supermercado-em-presidente-prudente\/","title":{"rendered":"Idoso \u00e9 preso em flagrante ap\u00f3s passar as m\u00e3os nas n\u00e1degas de mulheres dentro de supermercado em Presidente Prudente"},"content":{"rendered":"<h2 class=\"content-head__subtitle\" style=\"text-align: justify;\"><strong>Homem de 74 anos negou os fatos e, segundo o Boletim de Ocorr\u00eancia registrado na Pol\u00edcia Civil, ainda alegou que \u2018\u00e9 casado, tem tr\u00eas filhos, e \u00e9 evang\u00e9lico\u2019.<\/strong><\/h2>\n<div class=\"mc-column content-text active-extra-styles \" data-block-type=\"unstyled\" data-block-weight=\"26\" data-block-id=\"2\">\n<p class=\"content-text__container \" style=\"text-align: justify;\" data-track-category=\"Link no Texto\" data-track-links=\"\">Um homem de 74 anos foi preso em flagrante por importuna\u00e7\u00e3o sexual em um supermercado na Vila Nova, em\u00a0<a href=\"https:\/\/g1.globo.com\/sp\/presidente-prudente-regiao\/cidade\/presidente-prudente\/\">Presidente Prudente<\/a>, na tarde desta segunda-feira (9).<\/p>\n<\/div>\n<div class=\"wall protected-content\">\n<div class=\"mc-column content-text active-extra-styles \" style=\"text-align: justify;\" data-block-type=\"unstyled\" data-block-weight=\"43\" data-block-id=\"3\">\n<p class=\"content-text__container \" data-track-category=\"Link no Texto\" data-track-links=\"\">De acordo com o Boletim de Ocorr\u00eancia registrado na Delegacia Participativa da Pol\u00edcia Civil, ele tinha uma conduta reiterada de passar as m\u00e3os nas n\u00e1degas de mulheres dentro do estabelecimento comercial e, nesta segunda-feira (19), a v\u00edtima foi uma jovem, de 19 anos.<\/p>\n<\/div>\n<div class=\"mc-column content-text active-extra-styles \" style=\"text-align: justify;\" data-block-type=\"unstyled\" data-block-weight=\"32\" data-block-id=\"4\">\n<p class=\"content-text__container \" data-track-category=\"Link no Texto\" data-track-links=\"\">Segundo o documento policial, foi apurado que h\u00e1 alguns dias uma ent\u00e3o funcion\u00e1ria do supermercado, que j\u00e1 n\u00e3o trabalha mais no estabelecimento comercial, comentou que um senhor tinha apalpado as suas n\u00e1degas.<\/p>\n<\/div>\n<div class=\"mc-column content-text active-extra-styles \" style=\"text-align: justify;\" data-block-type=\"unstyled\" data-block-weight=\"19\" data-block-id=\"5\">\n<p class=\"content-text__container \" data-track-category=\"Link no Texto\" data-track-links=\"\">Em princ\u00edpio, segundo narrou um seguran\u00e7a do supermercado, pensaram que o fato poderia ter-se dado sem a inten\u00e7\u00e3o libidinosa.<\/p>\n<\/div>\n<div class=\"mc-column content-text active-extra-styles \" style=\"text-align: justify;\" data-block-type=\"unstyled\" data-block-weight=\"20\" data-block-id=\"6\">\n<p class=\"content-text__container \" data-track-category=\"Link no Texto\" data-track-links=\"\">No entanto, na \u00faltima quinta-feira (5), uma outra funcion\u00e1ria, de 32 anos, passou pela mesma situa\u00e7\u00e3o enquanto trabalhava no local.<\/p>\n<\/div>\n<div class=\"mc-column content-text active-extra-styles \" style=\"text-align: justify;\" data-block-type=\"unstyled\" data-block-weight=\"30\" data-block-id=\"7\">\n<p class=\"content-text__container \" data-track-category=\"Link no Texto\" data-track-links=\"\">Ao conferir as imagens do sistema de c\u00e2meras de monitoramento do supermercado, percebeu que o idoso, que \u00e9 conhecido no local por ser cliente frequente, tinha agido de forma volunt\u00e1ria.<\/p>\n<\/div>\n<div class=\"mc-column content-text active-extra-styles \" style=\"text-align: justify;\" data-block-type=\"unstyled\" data-block-weight=\"22\" data-block-id=\"8\">\n<p class=\"content-text__container \" data-track-category=\"Link no Texto\" data-track-links=\"\">Na tarde desta segunda-feira (9), o idoso repetiu a conduta libidinosa e desta vez teve como alvo a v\u00edtima de 19 anos.<\/p>\n<\/div>\n<div class=\"mc-column content-text active-extra-styles \" style=\"text-align: justify;\" data-block-type=\"unstyled\" data-block-weight=\"36\" data-block-id=\"9\">\n<p class=\"content-text__container \" data-track-category=\"Link no Texto\" data-track-links=\"\">O seguran\u00e7a do estabelecimento foi acionado logo depois do fato e abordou o idoso no estacionamento do supermercado, detendo-o at\u00e9 a chegada ao local de uma viatura da Pol\u00edcia Militar, que o conduziu \u00e0 Delegacia Participativa.<\/p>\n<\/div>\n<div class=\"content-ads content-ads--reveal\" style=\"text-align: justify;\" data-block-type=\"ads\" data-block-id=\"10\">\n<div id=\"banner_materia2\" class=\"tag-manager-publicidade-container mc-has-reveal mc-has-ad-lazyload\" data-id=\"banner_materia2\"><\/div>\n<\/div>\n<div class=\"mc-column content-text active-extra-styles \" style=\"text-align: justify;\" data-block-type=\"unstyled\" data-block-weight=\"32\" data-block-id=\"11\">\n<p class=\"content-text__container \" data-track-category=\"Link no Texto\" data-track-links=\"\">Na delegacia, o idoso negou os fatos \u00e0 Pol\u00edcia Civil. Ele disse que faz compras em v\u00e1rios mercados e que, \u00e0s vezes, carregando sacolas, pode bater a m\u00e3o em algu\u00e9m, sem querer.<\/p>\n<\/div>\n<div class=\"mc-column content-text active-extra-styles \" style=\"text-align: justify;\" data-block-type=\"unstyled\" data-block-weight=\"17\" data-block-id=\"12\">\n<p class=\"content-text__container \" data-track-category=\"Link no Texto\" data-track-links=\"\">Ainda segundo o Boletim de Ocorr\u00eancia, ele alegou que \u201c\u00e9 casado, tem tr\u00eas filhos, e \u00e9 evang\u00e9lico\u201d.<\/p>\n<\/div>\n<div class=\"mc-column content-text active-extra-styles \" style=\"text-align: justify;\" data-block-type=\"unstyled\" data-block-weight=\"27\" data-block-id=\"13\">\n<p class=\"content-text__container \" data-track-category=\"Link no Texto\" data-track-links=\"\">Quando cientificado sobre a pris\u00e3o, o idoso desferiu diversos socos contra a parede da delegacia e, assim, eventualmente, \u201cpode ter se autolesionado\u201d, segundo o Boletim de Ocorr\u00eancia.<\/p>\n<\/div>\n<div class=\"mc-column content-text active-extra-styles \" style=\"text-align: justify;\" data-block-type=\"unstyled\" data-block-weight=\"22\" data-block-id=\"14\">\n<p class=\"content-text__container \" data-track-category=\"Link no Texto\" data-track-links=\"\">\u201cEle se recusou a fornecer contato para comunicar sobre a pris\u00e3o, o que tamb\u00e9m \u00e9 indicativo da culpa\u201d, salientou a Pol\u00edcia Civil.<\/p>\n<\/div>\n<div class=\"mc-column content-text active-extra-styles\" style=\"text-align: justify;\" data-block-type=\"raw\" data-block-weight=\"36\" data-block-id=\"15\">\n<blockquote class=\"content-blockquote theme-border-color-primary-before\"><p>\u201cOs v\u00eddeos apresentados permitem um ju\u00edzo de certeza de que foram dolosas, volunt\u00e1rias, as condutas do indiciado, sendo que a pr\u00f3pria reitera\u00e7\u00e3o delas afasta eventual tese de que poderiam, eventualmente, ser involunt\u00e1rias\u201d, concluiu a Pol\u00edcia Civil.<\/p><\/blockquote>\n<\/div>\n<div class=\"mc-column content-text active-extra-styles \" data-block-type=\"unstyled\" data-block-weight=\"43\" data-block-id=\"16\">\n<p class=\"content-text__container \" style=\"text-align: justify;\" data-track-category=\"Link no Texto\" data-track-links=\"\">Em decorr\u00eancia da \u201creitera\u00e7\u00e3o das condutas\u201d, a Pol\u00edcia Civil identificou que \u201co indiciado possui personalidade voltada para a pr\u00e1tica criminosa, sendo que, se solto, nada impedir\u00e1 a repeti\u00e7\u00e3o\u201d dos atos, e pediu \u00e0 Justi\u00e7a a convers\u00e3o da pris\u00e3o em flagrante em pris\u00e3o preventiva.<\/p>\n<p style=\"text-align: justify;\" data-track-category=\"Link no Texto\" data-track-links=\"\">Fonte: G1<\/p>\n<\/div>\n<\/div>\n","protected":false},"excerpt":{"rendered":"<p>Homem de 74 anos negou os fatos e, segundo o Boletim de Ocorr\u00eancia registrado na Pol\u00edcia Civil, ainda alegou que \u2018\u00e9 casado, tem tr\u00eas filhos, e \u00e9 evang\u00e9lico\u2019. Um homem de 74 anos foi preso em flagrante por importuna\u00e7\u00e3o sexual em um supermercado na Vila Nova, em\u00a0Presidente Prudente, na tarde desta segunda-feira (9). De acordo [&hellip;]<\/p>\n","protected":false},"author":1,"featured_media":38451,"comment_status":"closed","ping_status":"open","sticky":false,"template":"","format":"standard","meta":{"footnotes":""},"categories":[110,2],"tags":[],"class_list":["post-38450","post","type-post","status-publish","format-standard","has-post-thumbnail","hentry","category-noticiasdestaque","category-policial"],"_links":{"self":[{"href":"https:\/\/jorgezanoni.com.br\/2019\/wp-json\/wp\/v2\/posts\/38450","targetHints":{"allow":["GET"]}}],"collection":[{"href":"https:\/\/jorgezanoni.com.br\/2019\/wp-json\/wp\/v2\/posts"}],"about":[{"href":"https:\/\/jorgezanoni.com.br\/2019\/wp-json\/wp\/v2\/types\/post"}],"author":[{"embeddable":true,"href":"https:\/\/jorgezanoni.com.br\/2019\/wp-json\/wp\/v2\/users\/1"}],"replies":[{"embeddable":true,"href":"https:\/\/jorgezanoni.com.br\/2019\/wp-json\/wp\/v2\/comments?post=38450"}],"version-history":[{"count":0,"href":"https:\/\/jorgezanoni.com.br\/2019\/wp-json\/wp\/v2\/posts\/38450\/revisions"}],"wp:featuredmedia":[{"embeddable":true,"href":"https:\/\/jorgezanoni.com.br\/2019\/wp-json\/wp\/v2\/media\/38451"}],"wp:attachment":[{"href":"https:\/\/jorgezanoni.com.br\/2019\/wp-json\/wp\/v2\/media?parent=38450"}],"wp:term":[{"taxonomy":"category","embeddable":true,"href":"https:\/\/jorgezanoni.com.br\/2019\/wp-json\/wp\/v2\/categories?post=38450"},{"taxonomy":"post_tag","embeddable":true,"href":"https:\/\/jorgezanoni.com.br\/2019\/wp-json\/wp\/v2\/tags?post=38450"}],"curies":[{"name":"wp","href":"https:\/\/api.w.org\/{rel}","templated":true}]}}