{"id":38421,"date":"2020-11-09T23:00:25","date_gmt":"2020-11-09T23:00:25","guid":{"rendered":"https:\/\/jorgezanoni.com.br\/2019\/?p=38421"},"modified":"2020-11-09T23:00:25","modified_gmt":"2020-11-09T23:00:25","slug":"escola-estadual-alfredo-machado-realiza-concurso-alfredao-de-cara-nova","status":"publish","type":"post","link":"https:\/\/jorgezanoni.com.br\/2019\/escola-estadual-alfredo-machado-realiza-concurso-alfredao-de-cara-nova\/","title":{"rendered":"Escola Estadual Alfredo Machado realiza concurso &#8220;Alfred\u00e3o de Cara Nova&#8221;"},"content":{"rendered":"<div class=\"kvgmc6g5 cxmmr5t8 oygrvhab hcukyx3x c1et5uql ii04i59q\"><\/div>\n<div class=\"o9v6fnle cxmmr5t8 oygrvhab hcukyx3x c1et5uql ii04i59q\">\n<div dir=\"auto\"><strong>A Escola Estadual Alfredo Machado localizada no Jardim Brasil\u00e2ndia em Dracena, est\u00e1 realizando o Concurso &#8220;ALFRED\u00c3O DE CARA NOVA&#8221;.\u00a0<\/strong><\/div>\n<div dir=\"auto\"><\/div>\n<\/div>\n<div dir=\"auto\">Estamos convidando para que voc\u00ea participe escolhendo a nova Logomarca dentre as 3 (tr\u00eas) finalistas que j\u00e1 foram previamente selecionadas.<\/div>\n<div dir=\"auto\"><\/div>\n<div dir=\"auto\">Para tanto, basta deixar sei Like (curtida), na Logo que mais lhe agradar.<\/div>\n<div dir=\"auto\"><\/div>\n<div dir=\"auto\">As imagens est\u00e3o no Facebook da Escola onde voc\u00ea pode entrar atrav\u00e9s do Link https:\/\/www.facebook.com\/alfredo.machado.357622\/<\/div>\n<div dir=\"auto\"><\/div>\n<div dir=\"auto\"><img loading=\"lazy\" decoding=\"async\" class=\"alignnone size-full wp-image-38422\" src=\"https:\/\/jorgezanoni.com.br\/2019\/wp-content\/uploads\/2020\/11\/alfredo.jpg\" alt=\"\" width=\"786\" height=\"524\" srcset=\"https:\/\/jorgezanoni.com.br\/2019\/wp-content\/uploads\/2020\/11\/alfredo.jpg 786w, https:\/\/jorgezanoni.com.br\/2019\/wp-content\/uploads\/2020\/11\/alfredo-300x200.jpg 300w, https:\/\/jorgezanoni.com.br\/2019\/wp-content\/uploads\/2020\/11\/alfredo-768x512.jpg 768w, https:\/\/jorgezanoni.com.br\/2019\/wp-content\/uploads\/2020\/11\/alfredo-696x464.jpg 696w, https:\/\/jorgezanoni.com.br\/2019\/wp-content\/uploads\/2020\/11\/alfredo-630x420.jpg 630w\" sizes=\"auto, (max-width: 786px) 100vw, 786px\" \/> <img loading=\"lazy\" decoding=\"async\" class=\"alignnone size-full wp-image-38423\" src=\"https:\/\/jorgezanoni.com.br\/2019\/wp-content\/uploads\/2020\/11\/alfredo1.jpg\" alt=\"\" width=\"521\" height=\"495\" srcset=\"https:\/\/jorgezanoni.com.br\/2019\/wp-content\/uploads\/2020\/11\/alfredo1.jpg 521w, https:\/\/jorgezanoni.com.br\/2019\/wp-content\/uploads\/2020\/11\/alfredo1-300x285.jpg 300w, https:\/\/jorgezanoni.com.br\/2019\/wp-content\/uploads\/2020\/11\/alfredo1-442x420.jpg 442w\" sizes=\"auto, (max-width: 521px) 100vw, 521px\" \/><img loading=\"lazy\" decoding=\"async\" class=\"alignnone size-full wp-image-38424\" src=\"https:\/\/jorgezanoni.com.br\/2019\/wp-content\/uploads\/2020\/11\/alfredo2.jpg\" alt=\"\" width=\"399\" height=\"537\" srcset=\"https:\/\/jorgezanoni.com.br\/2019\/wp-content\/uploads\/2020\/11\/alfredo2.jpg 399w, https:\/\/jorgezanoni.com.br\/2019\/wp-content\/uploads\/2020\/11\/alfredo2-223x300.jpg 223w, https:\/\/jorgezanoni.com.br\/2019\/wp-content\/uploads\/2020\/11\/alfredo2-312x420.jpg 312w\" sizes=\"auto, (max-width: 399px) 100vw, 399px\" \/><\/div>\n<div dir=\"auto\"><\/div>\n<div dir=\"auto\"><\/div>\n<div dir=\"auto\"><\/div>\n<div dir=\"auto\"><\/div>\n<div class=\"o9v6fnle cxmmr5t8 oygrvhab hcukyx3x c1et5uql ii04i59q\">\n<div dir=\"auto\"><\/div>\n<\/div>\n<div class=\"o9v6fnle cxmmr5t8 oygrvhab hcukyx3x c1et5uql ii04i59q\"><\/div>\n<div class=\"o9v6fnle cxmmr5t8 oygrvhab hcukyx3x c1et5uql ii04i59q\">\n<div dir=\"auto\">\n<p>&nbsp;<\/p>\n<\/div>\n<\/div>\n","protected":false},"excerpt":{"rendered":"<p>A Escola Estadual Alfredo Machado localizada no Jardim Brasil\u00e2ndia em Dracena, est\u00e1 realizando o Concurso &#8220;ALFRED\u00c3O DE CARA NOVA&#8221;.\u00a0 Estamos convidando para que voc\u00ea participe escolhendo a nova Logomarca dentre as 3 (tr\u00eas) finalistas que j\u00e1 foram previamente selecionadas. Para tanto, basta deixar sei Like (curtida), na Logo que mais lhe agradar. As imagens est\u00e3o [&hellip;]<\/p>\n","protected":false},"author":1,"featured_media":38425,"comment_status":"closed","ping_status":"open","sticky":false,"template":"","format":"standard","meta":{"footnotes":""},"categories":[110,122],"tags":[],"class_list":["post-38421","post","type-post","status-publish","format-standard","has-post-thumbnail","hentry","category-noticiasdestaque","category-saudeeducacaoeconcurso"],"_links":{"self":[{"href":"https:\/\/jorgezanoni.com.br\/2019\/wp-json\/wp\/v2\/posts\/38421","targetHints":{"allow":["GET"]}}],"collection":[{"href":"https:\/\/jorgezanoni.com.br\/2019\/wp-json\/wp\/v2\/posts"}],"about":[{"href":"https:\/\/jorgezanoni.com.br\/2019\/wp-json\/wp\/v2\/types\/post"}],"author":[{"embeddable":true,"href":"https:\/\/jorgezanoni.com.br\/2019\/wp-json\/wp\/v2\/users\/1"}],"replies":[{"embeddable":true,"href":"https:\/\/jorgezanoni.com.br\/2019\/wp-json\/wp\/v2\/comments?post=38421"}],"version-history":[{"count":0,"href":"https:\/\/jorgezanoni.com.br\/2019\/wp-json\/wp\/v2\/posts\/38421\/revisions"}],"wp:featuredmedia":[{"embeddable":true,"href":"https:\/\/jorgezanoni.com.br\/2019\/wp-json\/wp\/v2\/media\/38425"}],"wp:attachment":[{"href":"https:\/\/jorgezanoni.com.br\/2019\/wp-json\/wp\/v2\/media?parent=38421"}],"wp:term":[{"taxonomy":"category","embeddable":true,"href":"https:\/\/jorgezanoni.com.br\/2019\/wp-json\/wp\/v2\/categories?post=38421"},{"taxonomy":"post_tag","embeddable":true,"href":"https:\/\/jorgezanoni.com.br\/2019\/wp-json\/wp\/v2\/tags?post=38421"}],"curies":[{"name":"wp","href":"https:\/\/api.w.org\/{rel}","templated":true}]}}