{"id":38416,"date":"2020-11-09T22:14:05","date_gmt":"2020-11-09T22:14:05","guid":{"rendered":"https:\/\/jorgezanoni.com.br\/2019\/?p=38416"},"modified":"2020-11-09T23:43:06","modified_gmt":"2020-11-09T23:43:06","slug":"em-respeito-a-dracena-e-sua-populacao-coligacao-kielse-e-mirella-nao-realizara-comicios","status":"publish","type":"post","link":"https:\/\/jorgezanoni.com.br\/2019\/em-respeito-a-dracena-e-sua-populacao-coligacao-kielse-e-mirella-nao-realizara-comicios\/","title":{"rendered":"Em respeito a Dracena e sua popula\u00e7\u00e3o, coliga\u00e7\u00e3o Kielse e Mirella n\u00e3o realizar\u00e1 Com\u00edcios"},"content":{"rendered":"<p style=\"text-align: justify;\"><strong>COMUNICADO DE FATO RELEVANTE DA COLIGA\u00c7\u00c3O &#8220;DRACENA MERECE MUITO MAIS&#8221;<\/strong><\/p>\n<p style=\"text-align: justify;\">Em uma demonstra\u00e7\u00e3o do mais absoluto respeito aos nossos Eleitores e a popula\u00e7\u00e3o de Dracena, os candidatos a Prefeito Kielse Munis e Vice Mirella Lanzoni, <strong>N\u00c3O<\/strong> realizar\u00e3o nenhum Com\u00edcio P\u00fablico.<\/p>\n<p style=\"text-align: justify;\">Iremos respeitar todos os protocolos de Sa\u00fade existentes, em raz\u00e3o do momento que estamos vivendo, com o estado de Pandemia do Corona V\u00edrus.<\/p>\n<p style=\"text-align: justify;\">N\u00e3o \u00e9 o momento para aglomera\u00e7\u00e3o de grandes p\u00fablicos, n\u00f3s n\u00e3o colocaremos a nossa popula\u00e7\u00e3o sob riscos de sa\u00fade.<\/p>\n<p style=\"text-align: justify;\">Precisamos evitar a todo custo, qualquer tipo de cont\u00e1gio.<\/p>\n<p style=\"text-align: justify;\">Contamos com a compreens\u00e3o de todos os cidad\u00e3os dracenenses.<\/p>\n<p style=\"text-align: justify;\">COLIGA\u00c7\u00c3O DRACENA MERECE MUITO MAIS: PSDB &#8211; PSL &#8211; PP<\/p>\n<p><img loading=\"lazy\" decoding=\"async\" class=\"alignnone size-full wp-image-38419\" src=\"https:\/\/jorgezanoni.com.br\/2019\/wp-content\/uploads\/2020\/11\/Comi.jpg\" alt=\"\" width=\"851\" height=\"315\" srcset=\"https:\/\/jorgezanoni.com.br\/2019\/wp-content\/uploads\/2020\/11\/Comi.jpg 851w, https:\/\/jorgezanoni.com.br\/2019\/wp-content\/uploads\/2020\/11\/Comi-300x111.jpg 300w, https:\/\/jorgezanoni.com.br\/2019\/wp-content\/uploads\/2020\/11\/Comi-768x284.jpg 768w, https:\/\/jorgezanoni.com.br\/2019\/wp-content\/uploads\/2020\/11\/Comi-696x258.jpg 696w\" sizes=\"auto, (max-width: 851px) 100vw, 851px\" \/><\/p>\n<p>&nbsp;<\/p>\n<p style=\"text-align: justify;\">\n","protected":false},"excerpt":{"rendered":"<p>COMUNICADO DE FATO RELEVANTE DA COLIGA\u00c7\u00c3O &#8220;DRACENA MERECE MUITO MAIS&#8221; Em uma demonstra\u00e7\u00e3o do mais absoluto respeito aos nossos Eleitores e a popula\u00e7\u00e3o de Dracena, os candidatos a Prefeito Kielse Munis e Vice Mirella Lanzoni, N\u00c3O realizar\u00e3o nenhum Com\u00edcio P\u00fablico. Iremos respeitar todos os protocolos de Sa\u00fade existentes, em raz\u00e3o do momento que estamos vivendo, [&hellip;]<\/p>\n","protected":false},"author":1,"featured_media":38418,"comment_status":"closed","ping_status":"open","sticky":false,"template":"","format":"standard","meta":{"footnotes":""},"categories":[110,116],"tags":[],"class_list":["post-38416","post","type-post","status-publish","format-standard","has-post-thumbnail","hentry","category-noticiasdestaque","category-politicaeeconomia"],"_links":{"self":[{"href":"https:\/\/jorgezanoni.com.br\/2019\/wp-json\/wp\/v2\/posts\/38416","targetHints":{"allow":["GET"]}}],"collection":[{"href":"https:\/\/jorgezanoni.com.br\/2019\/wp-json\/wp\/v2\/posts"}],"about":[{"href":"https:\/\/jorgezanoni.com.br\/2019\/wp-json\/wp\/v2\/types\/post"}],"author":[{"embeddable":true,"href":"https:\/\/jorgezanoni.com.br\/2019\/wp-json\/wp\/v2\/users\/1"}],"replies":[{"embeddable":true,"href":"https:\/\/jorgezanoni.com.br\/2019\/wp-json\/wp\/v2\/comments?post=38416"}],"version-history":[{"count":0,"href":"https:\/\/jorgezanoni.com.br\/2019\/wp-json\/wp\/v2\/posts\/38416\/revisions"}],"wp:featuredmedia":[{"embeddable":true,"href":"https:\/\/jorgezanoni.com.br\/2019\/wp-json\/wp\/v2\/media\/38418"}],"wp:attachment":[{"href":"https:\/\/jorgezanoni.com.br\/2019\/wp-json\/wp\/v2\/media?parent=38416"}],"wp:term":[{"taxonomy":"category","embeddable":true,"href":"https:\/\/jorgezanoni.com.br\/2019\/wp-json\/wp\/v2\/categories?post=38416"},{"taxonomy":"post_tag","embeddable":true,"href":"https:\/\/jorgezanoni.com.br\/2019\/wp-json\/wp\/v2\/tags?post=38416"}],"curies":[{"name":"wp","href":"https:\/\/api.w.org\/{rel}","templated":true}]}}