{"id":38370,"date":"2020-11-08T12:58:27","date_gmt":"2020-11-08T12:58:27","guid":{"rendered":"https:\/\/jorgezanoni.com.br\/2019\/?p=38370"},"modified":"2020-11-08T12:58:27","modified_gmt":"2020-11-08T12:58:27","slug":"cantora-vanusa-morre-aos-73-anos-em-santos-no-litoral-de-sp","status":"publish","type":"post","link":"https:\/\/jorgezanoni.com.br\/2019\/cantora-vanusa-morre-aos-73-anos-em-santos-no-litoral-de-sp\/","title":{"rendered":"Cantora Vanusa,  morre aos 73 anos em Santos no litoral de SP"},"content":{"rendered":"<h2 class=\"content-head__subtitle\" style=\"text-align: justify;\"><strong>Ela estava em casa de repouso, onde morava h\u00e1 dois anos; causa da morte foi insufici\u00eancia respirat\u00f3ria. Ao longo da carreira, artista se juntou \u00e0 Jovem Guarda, lan\u00e7ou mais de 20 discos e vendeu 3 milh\u00f5es de c\u00f3pias.<\/strong><\/h2>\n<div class=\"mc-column content-text active-extra-styles \" style=\"text-align: justify;\" data-block-type=\"unstyled\" data-block-weight=\"22\" data-block-id=\"2\">\n<p class=\"content-text__container \" data-track-category=\"Link no Texto\" data-track-links=\"\">A cantora\u00a0<a href=\"https:\/\/g1.globo.com\/tudo-sobre\/vanusa\/\">Vanusa<\/a>\u00a0morreu na manh\u00e3 deste domingo (8) em uma casa de repouso em Santos, no litoral de S\u00e3o Paulo.<\/p>\n<\/div>\n<div class=\"wall protected-content\">\n<div class=\"mc-column content-text active-extra-styles \" style=\"text-align: justify;\" data-block-type=\"unstyled\" data-block-weight=\"43\" data-block-id=\"3\">\n<p class=\"content-text__container \" data-track-category=\"Link no Texto\" data-track-links=\"\">Um enfermeiro do local, onde a artista morava h\u00e1 dois anos, percebeu que ela estava sem batimentos card\u00edacos, por volta das 5h30. Uma equipe da Unidade de Pronto Atendimento (UPA) foi acionada e constatou que a causa da morte foi uma insufici\u00eancia respirat\u00f3ria.<\/p>\n<\/div>\n<div class=\"mc-column content-text active-extra-styles \" style=\"text-align: justify;\" data-block-type=\"unstyled\" data-block-weight=\"39\" data-block-id=\"4\">\n<p class=\"content-text__container \" data-track-category=\"Link no Texto\" data-track-links=\"\">Segundo funcion\u00e1rios da casa de repouso, Vanusa recebeu a visita de Amanda, sua filha mais velha, neste s\u00e1bado (7). Ela cantou, brincou, riu e se alimentou bem. A artista fazia fisioterapia e outros tratamentos na resid\u00eancia para idosos.<\/p>\n<\/div>\n<div class=\"mc-column content-text active-extra-styles \" style=\"text-align: justify;\" data-block-type=\"unstyled\" data-block-weight=\"23\" data-block-id=\"5\">\n<p class=\"content-text__container \" data-track-category=\"Link no Texto\" data-track-links=\"\">Em setembro e outubro, Vanusa esteve internada no Complexo Hospitalar dos Estivadores, em Santos,\u00a0<a href=\"https:\/\/g1.globo.com\/sp\/santos-regiao\/noticia\/2020\/10\/09\/vanusa-tem-alta-apos-ficar-32-dias-internada-em-santos-sp.ghtml\">por causa de um quadro grave de pneumonia<\/a>.<\/p>\n<\/div>\n<div class=\"mc-column content-text active-extra-styles \" style=\"text-align: justify;\" data-block-type=\"unstyled\" data-block-weight=\"29\" data-block-id=\"6\">\n<p class=\"content-text__container \" data-track-category=\"Link no Texto\" data-track-links=\"\">Aretha Marcos, tamb\u00e9m filha de Vanusa, publicou homenagens \u00e0 m\u00e3e nas redes sociais. Em uma delas, ela relembrou que, neste domingo, seu pai, Ant\u00f4nio Marcos, completaria 75 anos.<\/p>\n<\/div>\n<div class=\"mc-column content-text active-extra-styles \" style=\"text-align: justify;\" data-block-type=\"unstyled\" data-block-weight=\"25\" data-block-id=\"7\">\n<p class=\"content-text__container \" data-track-category=\"Link no Texto\" data-track-links=\"\">&#8220;O amor \u00e9 imposs\u00edvel. Hoje, anivers\u00e1rio do meu pai, Ant\u00f4nio Marcos ele veio buscar minha m\u00e3e para viverem juntos na eternidade. A vida \u00e9 arte!&#8221;<\/p>\n<\/div>\n<div class=\"mc-column content-text active-extra-styles \" data-block-type=\"unstyled\" data-block-weight=\"24\" data-block-id=\"8\">\n<p class=\"content-text__container \" style=\"text-align: justify;\" data-track-category=\"Link no Texto\" data-track-links=\"\">O filho Rafael Vannucci, ator, cantor e produtor de eventos, mora em Goi\u00e2nia e est\u00e1 viajando para S\u00e3o Paulo para encontrar a fam\u00edlia.<\/p>\n<div class=\"mc-column content-text active-extra-styles\" style=\"text-align: justify;\" data-block-type=\"raw\" data-block-weight=\"1\" data-block-id=\"11\">\n<div class=\"content-intertitle\">\n<h2>Carreira<\/h2>\n<\/div>\n<\/div>\n<div class=\"mc-column content-text active-extra-styles \" style=\"text-align: justify;\" data-block-type=\"unstyled\" data-block-weight=\"22\" data-block-id=\"12\">\n<p class=\"content-text__container \" data-track-category=\"Link no Texto\" data-track-links=\"\">Vanusa Santos Flores nasceu em 22 de setembro de 1947 na cidade de Cruzeiro (SP), mas foi criada em Uberaba (MG).<\/p>\n<\/div>\n<div class=\"mc-column content-text active-extra-styles \" style=\"text-align: justify;\" data-block-type=\"unstyled\" data-block-weight=\"44\" data-block-id=\"13\">\n<p class=\"content-text__container \" data-track-category=\"Link no Texto\" data-track-links=\"\">Com mais de 20 discos lan\u00e7ados ao longo da carreira e 3 mais de milh\u00f5es de c\u00f3pias vendidas, a cantora e compositora era mais identificada com a can\u00e7\u00e3o popular do que com a MPB, mas flutuou entre g\u00eaneros como rock, funk americano e samba.<\/p>\n<\/div>\n<div class=\"mc-column content-text active-extra-styles \" style=\"text-align: justify;\" data-block-type=\"unstyled\" data-block-weight=\"29\" data-block-id=\"14\">\n<p class=\"content-text__container \" data-track-category=\"Link no Texto\" data-track-links=\"\">Aos 16 anos, cantava com o grupo Golden Lions. Em 1966, fez sucesso com a can\u00e7\u00e3o \u201cPra nunca mais chorar\u201d e passou a se apresentar na TV Excelsior.<\/p>\n<\/div>\n<div class=\"mc-column content-text active-extra-styles \" style=\"text-align: justify;\" data-block-type=\"unstyled\" data-block-weight=\"26\" data-block-id=\"15\">\n<p class=\"content-text__container \" data-track-category=\"Link no Texto\" data-track-links=\"\">Na mesma \u00e9poca, participou das \u00faltimas edi\u00e7\u00f5es do programa da Jovem Guarda. Pouco depois, se juntou ao elenco do programa humor\u00edstico \u201cAdor\u00e1veis trapalh\u00f5es\u201d, com Renato Arag\u00e3o.<\/p>\n<\/div>\n<div class=\"mc-column content-text active-extra-styles \" style=\"text-align: justify;\" data-block-type=\"unstyled\" data-block-weight=\"36\" data-block-id=\"16\">\n<p class=\"content-text__container \" data-track-category=\"Link no Texto\" data-track-links=\"\">Nos anos 1970, emendou sucessos como \u201cManh\u00e3s de setembro\u201d, que escreveu em parceria com seu parceiro frequente M\u00e1rio Campanha, e baladas como &#8220;Sonhos de um palha\u00e7o&#8221;, de Antonio Marcos e S\u00e9rgio S\u00e1, e &#8220;Paralelas&#8221;, de Belchior.<\/p>\n<\/div>\n<div class=\"mc-column content-text active-extra-styles \" style=\"text-align: justify;\" data-block-type=\"unstyled\" data-block-weight=\"25\" data-block-id=\"17\">\n<p class=\"content-text__container \" data-track-category=\"Link no Texto\" data-track-links=\"\">Em 1972, se casou com Antonio Marcos. O cantor participou diretamente da carreira de Vanusa com outras m\u00fasicas, como \u201cCora\u00e7\u00e3o americano\u201d, escrita com Fagner.<\/p>\n<\/div>\n<div class=\"row medium-uncollapsed content-media content-photo\" style=\"text-align: justify;\" data-block-type=\"backstage-photo\" data-block-id=\"18\">\n<div class=\"mc-column content-media__container\">\n<figure><img decoding=\"async\" class=\"i-amphtml-fill-content i-amphtml-replaced-content\" src=\"https:\/\/s2.glbimg.com\/n8tupPgYCX6FUAj4WUO0m53J4uA=\/0x0:3872x2581\/984x0\/smart\/filters:strip_icc()\/i.s3.glbimg.com\/v1\/AUTH_59edd422c0c84a879bd37670ae4f538a\/internal_photos\/bs\/2020\/Q\/s\/Ge2CkfQlCKsC72AV6zBw\/age20200912003.jpg\" sizes=\"(max-width: 1366px) 648px, 100vw\" srcset=\"https:\/\/s2.glbimg.com\/P01XVKAiST3cFDBOZTBrCESBdrk=\/0x0:3872x2581\/1000x0\/smart\/filters:strip_icc()\/i.s3.glbimg.com\/v1\/AUTH_59edd422c0c84a879bd37670ae4f538a\/internal_photos\/bs\/2020\/Q\/s\/Ge2CkfQlCKsC72AV6zBw\/age20200912003.jpg 1000w, https:\/\/s2.glbimg.com\/n8tupPgYCX6FUAj4WUO0m53J4uA=\/0x0:3872x2581\/984x0\/smart\/filters:strip_icc()\/i.s3.glbimg.com\/v1\/AUTH_59edd422c0c84a879bd37670ae4f538a\/internal_photos\/bs\/2020\/Q\/s\/Ge2CkfQlCKsC72AV6zBw\/age20200912003.jpg 984w, https:\/\/s2.glbimg.com\/Iz5gUQ7IGlI3giGq28UE3aqO5CA=\/0x0:3872x2581\/640x0\/smart\/filters:strip_icc()\/i.s3.glbimg.com\/v1\/AUTH_59edd422c0c84a879bd37670ae4f538a\/internal_photos\/bs\/2020\/Q\/s\/Ge2CkfQlCKsC72AV6zBw\/age20200912003.jpg 640w, https:\/\/s2.glbimg.com\/GeZ-Agiz42e1BRRk8KCqF9vTLPs=\/0x0:3872x2581\/600x0\/smart\/filters:strip_icc()\/i.s3.glbimg.com\/v1\/AUTH_59edd422c0c84a879bd37670ae4f538a\/internal_photos\/bs\/2020\/Q\/s\/Ge2CkfQlCKsC72AV6zBw\/age20200912003.jpg 600w\" alt=\"Vanusa, em foto de agosto de 2015 \u2014 Foto: Gabriela Bil\u00f3\/Estad\u00e3o Conte\u00fado\/Arquivo\" \/><\/figure>\n<p class=\"content-media__description \">Vanusa, em foto de agosto de 2015 \u2014 Foto: Gabriela Bil\u00f3\/Estad\u00e3o Conte\u00fado\/Arquivo<\/p>\n<\/div>\n<\/div>\n<div class=\"content-ads content-ads--reveal\" style=\"text-align: justify;\" data-block-type=\"ads\" data-block-id=\"19\">\n<div id=\"banner_materia__a514c270-fbfa-4427-944c-0270e0a3006c\" class=\"tag-manager-publicidade-container mc-has-reveal mc-has-ad-lazyload\" data-id=\"banner_materia__a514c270-fbfa-4427-944c-0270e0a3006c\"><\/div>\n<\/div>\n<div class=\"mc-column content-text active-extra-styles \" style=\"text-align: justify;\" data-block-type=\"unstyled\" data-block-weight=\"32\" data-block-id=\"20\">\n<p class=\"content-text__container \" data-track-category=\"Link no Texto\" data-track-links=\"\">A m\u00fasica faz parte de\u00a0<a href=\"https:\/\/g1.globo.com\/pop-arte\/musica\/blog\/mauro-ferreira\/post\/2020\/09\/11\/musicas-para-descobrir-em-casa-coracao-americano-raimundo-fagner-e-antonio-marcos-1975-com-vanusa.ghtml\">um dos melhores discos da cantora,<\/a>\u00a0\u201cAmigos novos e antigos\u201d, lan\u00e7ado em 1975. Na mesma d\u00e9cada, ela ainda esteve no elenco de montagem do musical \u201cHair\u201d.<\/p>\n<\/div>\n<div class=\"mc-column content-text active-extra-styles \" style=\"text-align: justify;\" data-block-type=\"unstyled\" data-block-weight=\"23\" data-block-id=\"21\">\n<p class=\"content-text__container \" data-track-category=\"Link no Texto\" data-track-links=\"\">Em 1977, lan\u00e7ou com o cantor Ronnie Von o LP \u201cCinderela 77\u201d, trilha sonora da novela com o mesmo nome da TV Tupi.<\/p>\n<\/div>\n<div class=\"mc-column content-text active-extra-styles \" style=\"text-align: justify;\" data-block-type=\"unstyled\" data-block-weight=\"32\" data-block-id=\"22\">\n<p class=\"content-text__container \" data-track-category=\"Link no Texto\" data-track-links=\"\">Nas d\u00e9cadas seguintes, manteve a carreira ativa com o lan\u00e7amento de discos e participa\u00e7\u00f5es em diversos festivais de m\u00fasica no pa\u00eds e no exterior, como Uruguai, Coreia do Sul e Chile.<\/p>\n<\/div>\n<div class=\"mc-column content-text active-extra-styles \" style=\"text-align: justify;\" data-block-type=\"unstyled\" data-block-weight=\"15\" data-block-id=\"23\">\n<p class=\"content-text__container \" data-track-category=\"Link no Texto\" data-track-links=\"\">Em 2005, participou ainda de eventos e shows comemorativos dos 40 anos da Jovem Guarda.<\/p>\n<\/div>\n<div class=\"mc-column content-text active-extra-styles \" style=\"text-align: justify;\" data-block-type=\"unstyled\" data-block-weight=\"48\" data-block-id=\"24\">\n<p class=\"content-text__container \" data-track-category=\"Link no Texto\" data-track-links=\"\">Em 2009, Vanusa foi convidada para cantar o hino nacional em um evento na Assembleia Legislativa de S\u00e3o Paulo. Um v\u00eddeo que mostra a cantora trocando palavras da letra se tornou viral na internet. Na \u00e9poca,\u00a0<a href=\"http:\/\/g1.globo.com\/Noticias\/Tecnologia\/0,,MUL1286106-6174,00-VANUSA+DIZ+QUE+REMEDIO+PARA+LABIRINTITE+A+FEZ+ERRAR+HINO+NACIONAL.html\">ela contou que rem\u00e9dios para labirintite a deixaram desorientada na ocasi\u00e3o<\/a>.<\/p>\n<\/div>\n<div class=\"mc-column content-text active-extra-styles \" style=\"text-align: justify;\" data-block-type=\"unstyled\" data-block-weight=\"28\" data-block-id=\"25\">\n<p class=\"content-text__container \" data-track-category=\"Link no Texto\" data-track-links=\"\">Pouco tempo depois, Vanusa sofreu um acidente dom\u00e9stico, segundo ela. tamb\u00e9m provocado pela labirintite. Por causa da queda, a artista precisou se submeter a tr\u00eas cirurgias na clav\u00edcula.<\/p>\n<\/div>\n<div class=\"mc-column content-text active-extra-styles \" data-block-type=\"unstyled\" data-block-weight=\"29\" data-block-id=\"26\">\n<p class=\"content-text__container \" style=\"text-align: justify;\" data-track-category=\"Link no Texto\" data-track-links=\"\">Vanusa contou sua vida na autobiografia \u201cNingu\u00e9m \u00e9 mulher impunemente\u201d e no mon\u00f3logo musical \u201cNingu\u00e9m \u00e9 loura por acaso\u201d, que estreou no teatro em 1999 em S\u00e3o Paulo.<\/p>\n<p style=\"text-align: justify;\" data-track-category=\"Link no Texto\" data-track-links=\"\">Fonte: https:\/\/g1.globo.com\/sp\/santos-regiao\/noticia\/2020\/11\/08\/cantora-vanusa-morre-aos-73-anos-em-casa-de-repouso-em-santos.ghtml<\/p>\n<\/div>\n<\/div>\n<div class=\"content-ads content-ads--reveal\" data-block-type=\"ads\" data-block-id=\"9\">\n<div id=\"banner_materia2\" class=\"tag-manager-publicidade-container mc-has-reveal mc-has-ad-lazyload\" data-id=\"banner_materia2\"><\/div>\n<\/div>\n<div class=\"row medium-uncollapsed content-media content-photo\" data-block-type=\"backstage-photo\" data-block-id=\"10\">\n<div class=\"mc-column content-media__container\"><\/div>\n<\/div>\n<\/div>\n","protected":false},"excerpt":{"rendered":"<p>Ela estava em casa de repouso, onde morava h\u00e1 dois anos; causa da morte foi insufici\u00eancia respirat\u00f3ria. Ao longo da carreira, artista se juntou \u00e0 Jovem Guarda, lan\u00e7ou mais de 20 discos e vendeu 3 milh\u00f5es de c\u00f3pias. A cantora\u00a0Vanusa\u00a0morreu na manh\u00e3 deste domingo (8) em uma casa de repouso em Santos, no litoral de [&hellip;]<\/p>\n","protected":false},"author":1,"featured_media":38371,"comment_status":"closed","ping_status":"open","sticky":false,"template":"","format":"standard","meta":{"footnotes":""},"categories":[183,178,110],"tags":[],"class_list":["post-38370","post","type-post","status-publish","format-standard","has-post-thumbnail","hentry","category-musicaeturismo","category-notadefalecimento","category-noticiasdestaque"],"_links":{"self":[{"href":"https:\/\/jorgezanoni.com.br\/2019\/wp-json\/wp\/v2\/posts\/38370","targetHints":{"allow":["GET"]}}],"collection":[{"href":"https:\/\/jorgezanoni.com.br\/2019\/wp-json\/wp\/v2\/posts"}],"about":[{"href":"https:\/\/jorgezanoni.com.br\/2019\/wp-json\/wp\/v2\/types\/post"}],"author":[{"embeddable":true,"href":"https:\/\/jorgezanoni.com.br\/2019\/wp-json\/wp\/v2\/users\/1"}],"replies":[{"embeddable":true,"href":"https:\/\/jorgezanoni.com.br\/2019\/wp-json\/wp\/v2\/comments?post=38370"}],"version-history":[{"count":0,"href":"https:\/\/jorgezanoni.com.br\/2019\/wp-json\/wp\/v2\/posts\/38370\/revisions"}],"wp:featuredmedia":[{"embeddable":true,"href":"https:\/\/jorgezanoni.com.br\/2019\/wp-json\/wp\/v2\/media\/38371"}],"wp:attachment":[{"href":"https:\/\/jorgezanoni.com.br\/2019\/wp-json\/wp\/v2\/media?parent=38370"}],"wp:term":[{"taxonomy":"category","embeddable":true,"href":"https:\/\/jorgezanoni.com.br\/2019\/wp-json\/wp\/v2\/categories?post=38370"},{"taxonomy":"post_tag","embeddable":true,"href":"https:\/\/jorgezanoni.com.br\/2019\/wp-json\/wp\/v2\/tags?post=38370"}],"curies":[{"name":"wp","href":"https:\/\/api.w.org\/{rel}","templated":true}]}}