{"id":38341,"date":"2020-11-07T18:35:50","date_gmt":"2020-11-07T18:35:50","guid":{"rendered":"https:\/\/jorgezanoni.com.br\/2019\/?p=38341"},"modified":"2020-11-07T18:35:50","modified_gmt":"2020-11-07T18:35:50","slug":"incendio-destroi-ponte-pensil-centenaria-sobre-o-rio-paranapanema-entre-sp-e-pr","status":"publish","type":"post","link":"https:\/\/jorgezanoni.com.br\/2019\/incendio-destroi-ponte-pensil-centenaria-sobre-o-rio-paranapanema-entre-sp-e-pr\/","title":{"rendered":"Inc\u00eandio destr\u00f3i ponte p\u00eansil centen\u00e1ria sobre o Rio Paranapanema entre SP e PR"},"content":{"rendered":"<h2 class=\"content-head__subtitle\" style=\"text-align: justify;\"><strong>Fogo teve in\u00edcio no fim da madrugada deste s\u00e1bado (7) e destruiu parte da estrutura de madeira que liga Chavantes (SP) a Ribeir\u00e3o Claro (PR). Ponte completa 100 anos no pr\u00f3ximo dia 4.<\/strong><\/h2>\n<div style=\"width: 220px;\" class=\"wp-video\"><video class=\"wp-video-shortcode\" id=\"video-38341-1\" width=\"220\" height=\"400\" preload=\"metadata\" controls=\"controls\"><source type=\"video\/mp4\" src=\"https:\/\/jorgezanoni.com.br\/2019\/wp-content\/uploads\/2020\/11\/WhatsApp-Video-2020-11-07-at-11.05.11.mp4?_=1\" \/><a href=\"https:\/\/jorgezanoni.com.br\/2019\/wp-content\/uploads\/2020\/11\/WhatsApp-Video-2020-11-07-at-11.05.11.mp4\">https:\/\/jorgezanoni.com.br\/2019\/wp-content\/uploads\/2020\/11\/WhatsApp-Video-2020-11-07-at-11.05.11.mp4<\/a><\/video><\/div>\n<p>Video de Internauta<\/p>\n<div class=\"mc-column content-text active-extra-styles \" data-block-type=\"unstyled\" data-block-weight=\"29\" data-block-id=\"2\">\n<p class=\"content-text__container \" style=\"text-align: justify;\" data-track-category=\"Link no Texto\" data-track-links=\"\">Um inc\u00eandio destruiu parte de uma ponte p\u00eansil centen\u00e1ria localizada sobre o Rio Paranapanema, entre os munic\u00edpios de Chavantes (SP) e Ribeir\u00e3o Claro (PR), na madrugada deste s\u00e1bado (7).<\/p>\n<\/div>\n<div class=\"wall protected-content\">\n<div class=\"mc-column content-text active-extra-styles \" data-block-type=\"unstyled\" data-block-weight=\"33\" data-block-id=\"3\">\n<p class=\"content-text__container \" style=\"text-align: justify;\" data-track-category=\"Link no Texto\" data-track-links=\"\">Segundo informa\u00e7\u00f5es iniciais do Corpo de Bombeiros de Jacarezinho (PR), o inc\u00eandio na estrutura de madeira come\u00e7ou por volta das 4h. As causas ainda ser\u00e3o apuradas, e a Pol\u00edcia Civil vai investigar.<\/p>\n<div class=\"mc-column content-text active-extra-styles \" style=\"text-align: justify;\" data-block-type=\"unstyled\" data-block-weight=\"26\" data-block-id=\"5\">\n<p class=\"content-text__container \" data-track-category=\"Link no Texto\" data-track-links=\"\">O fogo aconteceu no lado paranaense da ponte e foi controlado por volta das 6h. Bombeiros mantiveram os trabalhos de rescaldo at\u00e9 o in\u00edcio da tarde.<\/p>\n<\/div>\n<div class=\"mc-column content-text active-extra-styles \" style=\"text-align: justify;\" data-block-type=\"unstyled\" data-block-weight=\"43\" data-block-id=\"6\">\n<p class=\"content-text__container \" data-track-category=\"Link no Texto\" data-track-links=\"\">A Ponte P\u00eansil Alves de Lima, conhecida como Ponte P\u00eansil de Chavantes, completa 100 anos no pr\u00f3ximo dia 4 de dezembro. Inaugurada neste dia do ano de 1920, a ponte tem 149 metros de extens\u00e3o e possui um v\u00e3o suspenso de 82 metros.<\/p>\n<\/div>\n<div class=\"content-ads content-ads--reveal\" style=\"text-align: justify;\" data-block-type=\"ads\" data-block-id=\"7\">\n<div id=\"banner_materia2\" class=\"tag-manager-publicidade-container mc-has-reveal mc-has-ad-lazyload\" data-id=\"banner_materia2\"><\/div>\n<\/div>\n<div class=\"row medium-uncollapsed content-media content-photo\" style=\"text-align: justify;\" data-block-type=\"backstage-photo\" data-block-id=\"8\">\n<div class=\"mc-column content-media__container\">\n<figure><img decoding=\"async\" class=\"i-amphtml-fill-content i-amphtml-replaced-content\" src=\"https:\/\/s2.glbimg.com\/y-tk2q0gLd_JVDaGJ0dr2TR_FKM=\/0x0:960x1280\/984x0\/smart\/filters:strip_icc()\/i.s3.glbimg.com\/v1\/AUTH_59edd422c0c84a879bd37670ae4f538a\/internal_photos\/bs\/2020\/a\/p\/gHUffzR9OogFSShBAEVQ\/ponte3.jpeg\" sizes=\"(max-width: 1366px) 648px, 100vw\" srcset=\"https:\/\/s2.glbimg.com\/QA0D7ItajZmCEs0wN4TLuzkNBbg=\/0x0:960x1280\/1000x0\/smart\/filters:strip_icc()\/i.s3.glbimg.com\/v1\/AUTH_59edd422c0c84a879bd37670ae4f538a\/internal_photos\/bs\/2020\/a\/p\/gHUffzR9OogFSShBAEVQ\/ponte3.jpeg 1000w, https:\/\/s2.glbimg.com\/y-tk2q0gLd_JVDaGJ0dr2TR_FKM=\/0x0:960x1280\/984x0\/smart\/filters:strip_icc()\/i.s3.glbimg.com\/v1\/AUTH_59edd422c0c84a879bd37670ae4f538a\/internal_photos\/bs\/2020\/a\/p\/gHUffzR9OogFSShBAEVQ\/ponte3.jpeg 984w, https:\/\/s2.glbimg.com\/ltsghbmNblmVIT4PWzfke57LohM=\/0x0:960x1280\/640x0\/smart\/filters:strip_icc()\/i.s3.glbimg.com\/v1\/AUTH_59edd422c0c84a879bd37670ae4f538a\/internal_photos\/bs\/2020\/a\/p\/gHUffzR9OogFSShBAEVQ\/ponte3.jpeg 640w, https:\/\/s2.glbimg.com\/p1UsrSHCh83PiIggrqXgnzHdMfI=\/0x0:960x1280\/600x0\/smart\/filters:strip_icc()\/i.s3.glbimg.com\/v1\/AUTH_59edd422c0c84a879bd37670ae4f538a\/internal_photos\/bs\/2020\/a\/p\/gHUffzR9OogFSShBAEVQ\/ponte3.jpeg 600w\" alt=\"Segundo os bombeiros, fogo teve in\u00edcio por volta das 4h deste s\u00e1bado \u2014 Foto: Arquivo pessoal\" \/><\/figure>\n<p class=\"content-media__description \">Segundo os bombeiros, fogo teve in\u00edcio por volta das 4h deste s\u00e1bado \u2014 Foto: Arquivo pessoal<\/p>\n<\/div>\n<\/div>\n<div class=\"mc-column content-text active-extra-styles \" style=\"text-align: justify;\" data-block-type=\"unstyled\" data-block-weight=\"37\" data-block-id=\"9\">\n<p class=\"content-text__container \" data-track-category=\"Link no Texto\" data-track-links=\"\">Por seu valor hist\u00f3rico, foi tombada em 1985 como bem cultural de interesse hist\u00f3rico e tecnol\u00f3gico pelo Governo do Estado de S\u00e3o Paulo atrav\u00e9s do Condephaat e em 2001 pelo Conselho Estadual do Patrim\u00f4nio Hist\u00f3rico do Paran\u00e1.<\/p>\n<\/div>\n<div class=\"mc-column content-text active-extra-styles \" style=\"text-align: justify;\" data-block-type=\"unstyled\" data-block-weight=\"41\" data-block-id=\"10\">\n<p class=\"content-text__container \" data-track-category=\"Link no Texto\" data-track-links=\"\">Em 2011, a ponte p\u00eansil foi restaurada pela Companhia Brasileira de Alum\u00ednio (CBA), que tamb\u00e9m construiu ao lado uma ponte de concreto. Neste ano, o tr\u00e1fego de ve\u00edculos na ponte p\u00eansil foi suspenso pelo Departamento de Estrada de Rodagens (DER).<\/p>\n<\/div>\n<div class=\"row medium-uncollapsed content-media content-photo\" style=\"text-align: justify;\" data-block-type=\"backstage-photo\" data-block-id=\"11\">\n<div class=\"mc-column content-media__container\">\n<figure><img decoding=\"async\" class=\"i-amphtml-fill-content i-amphtml-replaced-content\" src=\"https:\/\/s2.glbimg.com\/SoJMIKpzhPNRzWNHUHhxR13tT0w=\/0x0:1280x720\/984x0\/smart\/filters:strip_icc()\/i.s3.glbimg.com\/v1\/AUTH_59edd422c0c84a879bd37670ae4f538a\/internal_photos\/bs\/2020\/u\/2\/Ez4V9ET2GqlgfSQz70fg\/ponte02.jpeg\" sizes=\"(max-width: 1366px) 648px, 100vw\" srcset=\"https:\/\/s2.glbimg.com\/YKpMFqD0oqXBdJkkSOJrfIRVX8Y=\/0x0:1280x720\/1000x0\/smart\/filters:strip_icc()\/i.s3.glbimg.com\/v1\/AUTH_59edd422c0c84a879bd37670ae4f538a\/internal_photos\/bs\/2020\/u\/2\/Ez4V9ET2GqlgfSQz70fg\/ponte02.jpeg 1000w, https:\/\/s2.glbimg.com\/SoJMIKpzhPNRzWNHUHhxR13tT0w=\/0x0:1280x720\/984x0\/smart\/filters:strip_icc()\/i.s3.glbimg.com\/v1\/AUTH_59edd422c0c84a879bd37670ae4f538a\/internal_photos\/bs\/2020\/u\/2\/Ez4V9ET2GqlgfSQz70fg\/ponte02.jpeg 984w, https:\/\/s2.glbimg.com\/nH6e1jYLYJ-lz3zZjhWkNNTzZag=\/0x0:1280x720\/640x0\/smart\/filters:strip_icc()\/i.s3.glbimg.com\/v1\/AUTH_59edd422c0c84a879bd37670ae4f538a\/internal_photos\/bs\/2020\/u\/2\/Ez4V9ET2GqlgfSQz70fg\/ponte02.jpeg 640w, https:\/\/s2.glbimg.com\/AuBzdX6S1WD7UsZl7_t3BwthPzQ=\/0x0:1280x720\/600x0\/smart\/filters:strip_icc()\/i.s3.glbimg.com\/v1\/AUTH_59edd422c0c84a879bd37670ae4f538a\/internal_photos\/bs\/2020\/u\/2\/Ez4V9ET2GqlgfSQz70fg\/ponte02.jpeg 600w\" alt=\"Ponte P\u00eansil Alves de Lima, vista a partir do lado de Chavantes (SP), que n\u00e3o foi atingodo pelas chamas \u2014 Foto: Cl\u00e1udio Farneres\/TV TEM\" \/><\/figure>\n<p class=\"content-media__description \">Ponte P\u00eansil Alves de Lima, vista a partir do lado de Chavantes (SP), que n\u00e3o foi atingodo pelas chamas \u2014 Foto: Cl\u00e1udio Farneres\/TV TEM<\/p>\n<\/div>\n<\/div>\n<div class=\"row medium-uncollapsed content-media content-photo\" data-block-type=\"backstage-photo\" data-block-id=\"12\">\n<div class=\"mc-column content-media__container\">\n<figure style=\"text-align: justify;\"><img decoding=\"async\" class=\"i-amphtml-fill-content i-amphtml-replaced-content\" src=\"https:\/\/s2.glbimg.com\/1Z6YJ2Sle5_0oMtJ8yjVVKmk4Y8=\/0x0:780x1040\/984x0\/smart\/filters:strip_icc()\/i.s3.glbimg.com\/v1\/AUTH_59edd422c0c84a879bd37670ae4f538a\/internal_photos\/bs\/2020\/S\/g\/nUVvCKRGOEALrpYQa13A\/ponte7.jpeg\" sizes=\"(max-width: 1366px) 648px, 100vw\" srcset=\"https:\/\/s2.glbimg.com\/cwy2NlcM1IsZdOMP9O5e6rVVWRU=\/0x0:780x1040\/1000x0\/smart\/filters:strip_icc()\/i.s3.glbimg.com\/v1\/AUTH_59edd422c0c84a879bd37670ae4f538a\/internal_photos\/bs\/2020\/S\/g\/nUVvCKRGOEALrpYQa13A\/ponte7.jpeg 1000w, https:\/\/s2.glbimg.com\/1Z6YJ2Sle5_0oMtJ8yjVVKmk4Y8=\/0x0:780x1040\/984x0\/smart\/filters:strip_icc()\/i.s3.glbimg.com\/v1\/AUTH_59edd422c0c84a879bd37670ae4f538a\/internal_photos\/bs\/2020\/S\/g\/nUVvCKRGOEALrpYQa13A\/ponte7.jpeg 984w, https:\/\/s2.glbimg.com\/at-_VTCi0KdPLoz0r6ytVvnihro=\/0x0:780x1040\/640x0\/smart\/filters:strip_icc()\/i.s3.glbimg.com\/v1\/AUTH_59edd422c0c84a879bd37670ae4f538a\/internal_photos\/bs\/2020\/S\/g\/nUVvCKRGOEALrpYQa13A\/ponte7.jpeg 640w, https:\/\/s2.glbimg.com\/DXxq156h7yJyb9JiO1Oma7i9ZqM=\/0x0:780x1040\/600x0\/smart\/filters:strip_icc()\/i.s3.glbimg.com\/v1\/AUTH_59edd422c0c84a879bd37670ae4f538a\/internal_photos\/bs\/2020\/S\/g\/nUVvCKRGOEALrpYQa13A\/ponte7.jpeg 600w\" alt=\"Estrutura de madeira que completa 100 anos no pr\u00f3ximo dia 4 de dezembro ficou totalmente destru\u00edda no lado paranaense \u2014 Foto: Arquivo pessoal\" \/><\/figure>\n<p class=\"content-media__description \" style=\"text-align: justify;\">Estrutura de madeira que completa 100 anos no pr\u00f3ximo dia 4 de dezembro ficou totalmente destru\u00edda no lado paranaense \u2014 Foto: Arquivo pessoal<\/p>\n<p style=\"text-align: justify;\">Fonte: G1<\/p>\n<\/div>\n<\/div>\n<\/div>\n<\/div>\n","protected":false},"excerpt":{"rendered":"<p>Fogo teve in\u00edcio no fim da madrugada deste s\u00e1bado (7) e destruiu parte da estrutura de madeira que liga Chavantes (SP) a Ribeir\u00e3o Claro (PR). Ponte completa 100 anos no pr\u00f3ximo dia 4. Video de Internauta Um inc\u00eandio destruiu parte de uma ponte p\u00eansil centen\u00e1ria localizada sobre o Rio Paranapanema, entre os munic\u00edpios de Chavantes [&hellip;]<\/p>\n","protected":false},"author":1,"featured_media":38343,"comment_status":"closed","ping_status":"open","sticky":false,"template":"","format":"standard","meta":{"footnotes":""},"categories":[110,2],"tags":[],"class_list":["post-38341","post","type-post","status-publish","format-standard","has-post-thumbnail","hentry","category-noticiasdestaque","category-policial"],"_links":{"self":[{"href":"https:\/\/jorgezanoni.com.br\/2019\/wp-json\/wp\/v2\/posts\/38341","targetHints":{"allow":["GET"]}}],"collection":[{"href":"https:\/\/jorgezanoni.com.br\/2019\/wp-json\/wp\/v2\/posts"}],"about":[{"href":"https:\/\/jorgezanoni.com.br\/2019\/wp-json\/wp\/v2\/types\/post"}],"author":[{"embeddable":true,"href":"https:\/\/jorgezanoni.com.br\/2019\/wp-json\/wp\/v2\/users\/1"}],"replies":[{"embeddable":true,"href":"https:\/\/jorgezanoni.com.br\/2019\/wp-json\/wp\/v2\/comments?post=38341"}],"version-history":[{"count":0,"href":"https:\/\/jorgezanoni.com.br\/2019\/wp-json\/wp\/v2\/posts\/38341\/revisions"}],"wp:featuredmedia":[{"embeddable":true,"href":"https:\/\/jorgezanoni.com.br\/2019\/wp-json\/wp\/v2\/media\/38343"}],"wp:attachment":[{"href":"https:\/\/jorgezanoni.com.br\/2019\/wp-json\/wp\/v2\/media?parent=38341"}],"wp:term":[{"taxonomy":"category","embeddable":true,"href":"https:\/\/jorgezanoni.com.br\/2019\/wp-json\/wp\/v2\/categories?post=38341"},{"taxonomy":"post_tag","embeddable":true,"href":"https:\/\/jorgezanoni.com.br\/2019\/wp-json\/wp\/v2\/tags?post=38341"}],"curies":[{"name":"wp","href":"https:\/\/api.w.org\/{rel}","templated":true}]}}