{"id":38318,"date":"2020-11-07T17:05:33","date_gmt":"2020-11-07T17:05:33","guid":{"rendered":"https:\/\/jorgezanoni.com.br\/2019\/?p=38318"},"modified":"2020-11-07T17:05:33","modified_gmt":"2020-11-07T17:05:33","slug":"joe-biden-vence-na-pensilvania-e-e-eleito-presidente-dos-estados-unidos","status":"publish","type":"post","link":"https:\/\/jorgezanoni.com.br\/2019\/joe-biden-vence-na-pensilvania-e-e-eleito-presidente-dos-estados-unidos\/","title":{"rendered":"Joe Biden vence na Pensilv\u00e2nia e \u00e9 eleito presidente dos Estados Unidos"},"content":{"rendered":"<h2 class=\"content-head__subtitle\" style=\"text-align: justify;\"><strong>Democrata passou dos 270 votos votos no col\u00e9gio eleitoral, segundo proje\u00e7\u00f5es de diversos ve\u00edculos de imprensa, como Associated Press, &#8216;New York Times&#8217;, NBC e CNN.<\/strong><\/h2>\n<div class=\"mc-column content-text active-extra-styles \" data-block-type=\"unstyled\" data-block-weight=\"38\" data-block-id=\"2\">\n<p class=\"content-text__container \" style=\"text-align: justify;\" data-track-category=\"Link no Texto\" data-track-links=\"\">O democrata\u00a0<a href=\"https:\/\/g1.globo.com\/tudo-sobre\/joe-biden\/\">Joe Biden<\/a>\u00a0alcan\u00e7ou os 270 delegados no Col\u00e9gio Eleitoral neste s\u00e1bado (7), segundo proje\u00e7\u00f5es de diversos ve\u00edculos de imprensa, n\u00famero suficiente para derrotar o republicano\u00a0<a href=\"https:\/\/g1.globo.com\/tudo-sobre\/donald-trump\/\">Donald Trump<\/a>\u00a0e se sagrar o 46\u00ba presidente dos\u00a0<a href=\"https:\/\/g1.globo.com\/tudo-sobre\/estados-unidos\/\">Estados Unidos<\/a>.<\/p>\n<\/div>\n<div class=\"wall protected-content\">\n<div class=\"mc-column content-text active-extra-styles\" style=\"text-align: justify;\" data-block-type=\"raw\" data-block-weight=\"17\" data-block-id=\"3\">\n<ul class=\"content-unordered-list\">\n<li><strong>APURA\u00c7\u00c3O:\u00a0<\/strong><a href=\"https:\/\/especiais.g1.globo.com\/mundo\/eleicoes-nos-eua\/2020\/eleicoes-americanas-apuracao\/\" target=\"_blank\" rel=\"noopener noreferrer\"><strong>Acompanhe a contagem dos votos nos EUA<\/strong><\/a><\/li>\n<li><strong>TEMPO REAL:\u00a0<\/strong><a href=\"https:\/\/g1.globo.com\/mundo\/eleicoes-nos-eua\/2020\/ao-vivo\/eleicoes-americanas-2020-donald-trump-x-joe-biden.ghtml\"><strong>Veja not\u00edcias AO VIVO das elei\u00e7\u00f5es americanas<\/strong><\/a><\/li>\n<\/ul>\n<\/div>\n<div class=\"mc-column content-text active-extra-styles \" style=\"text-align: justify;\" data-block-type=\"unstyled\" data-block-weight=\"20\" data-block-id=\"4\">\n<p class=\"content-text__container \" data-track-category=\"Link no Texto\" data-track-links=\"\"><span class=\"highlight highlighted\">Embora n\u00e3o oficial<\/span>, esse tipo de proje\u00e7\u00e3o \u00e9 suficiente para que a sociedade americana reconhe\u00e7a a elei\u00e7\u00e3o de um presidente.<\/p>\n<\/div>\n<div class=\"mc-column content-text active-extra-styles \" style=\"text-align: justify;\" data-block-type=\"unstyled\" data-block-weight=\"39\" data-block-id=\"5\">\n<p class=\"content-text__container \" data-track-category=\"Link no Texto\" data-track-links=\"\">Na manh\u00e3 deste s\u00e1bado, faltavam pelo menos 6 votos no col\u00e9gio eleitoral para que Biden chegasse a 270 sua vit\u00f3ria se confirmasse, segundo as proje\u00e7\u00f5es da Associated Press. Com a vit\u00f3ria projetada na Pensilv\u00e2nia, Biden chegou a 284 delegados.<\/p>\n<\/div>\n<div class=\"mc-column content-text active-extra-styles \" data-block-type=\"unstyled\" data-block-weight=\"45\" data-block-id=\"6\">\n<p class=\"content-text__container \" style=\"text-align: justify;\" data-track-category=\"Link no Texto\" data-track-links=\"\">Outros ve\u00edculos, como o &#8220;New York Times&#8221;, por exemplo, ainda n\u00e3o haviam declarado Biden vencedor no Arizona, que tem 11 delegados. Por\u00e9m, com os 20 votos eleitorais da Pensilv\u00e2nia, a disputa no Arizona passou a ser indiferente, j\u00e1 que n\u00e3o muda mais o resultado.<\/p>\n<div class=\"mc-column content-text active-extra-styles\" style=\"text-align: justify;\" data-block-type=\"raw\" data-block-weight=\"2\" data-block-id=\"9\">\n<div class=\"content-intertitle\">\n<h2>Medidas judiciais<\/h2>\n<\/div>\n<\/div>\n<div class=\"mc-column content-text active-extra-styles \" style=\"text-align: justify;\" data-block-type=\"unstyled\" data-block-weight=\"56\" data-block-id=\"10\">\n<p class=\"content-text__container \" data-track-category=\"Link no Texto\" data-track-links=\"\">O presidente Donald Trump\u00a0<a href=\"https:\/\/g1.globo.com\/mundo\/noticia\/2020\/11\/04\/campanha-de-trump-diz-que-ira-a-justica-para-suspender-contagem-de-votos-na-pensilvania.ghtml\">alega que a elei\u00e7\u00e3o est\u00e1 sendo roubada<\/a>\u00a0e promete a\u00e7\u00f5es na Justi\u00e7a. Logo ap\u00f3s a declara\u00e7\u00e3o de Biden como vencedor na imprensa americana, sua campanha soltou nota dizendo que a elei\u00e7\u00e3o n\u00e3o acabou. A\u00a0<a href=\"https:\/\/g1.globo.com\/mundo\/noticia\/2020\/11\/04\/campanha-de-trump-diz-que-ira-a-justica-para-suspender-contagem-de-votos-na-pensilvania.ghtml\">campanha republicana pediu recontagem em Wisconsin e tenta suspender a apura\u00e7\u00e3o na Pensilv\u00e2nia, na Ge\u00f3rgia e em Michigan<\/a>.<\/p>\n<\/div>\n<div class=\"mc-column content-text active-extra-styles \" style=\"text-align: justify;\" data-block-type=\"unstyled\" data-block-weight=\"46\" data-block-id=\"11\">\n<p class=\"content-text__container \" data-track-category=\"Link no Texto\" data-track-links=\"\">Tamb\u00e9m pediu interfer\u00eancia em um caso pendente na Suprema Corte dos EUA sobre a Pensilv\u00e2nia, um estado importante da disputa que ainda est\u00e1 contando centenas de milhares de c\u00e9dulas enviadas pelo correio. O republicano tenta impedir que o estado conte votos que cheguem depois da elei\u00e7\u00e3o.<\/p>\n<\/div>\n<div class=\"mc-column content-text active-extra-styles \" style=\"text-align: justify;\" data-block-type=\"unstyled\" data-block-weight=\"35\" data-block-id=\"12\">\n<p class=\"content-text__container \" data-track-category=\"Link no Texto\" data-track-links=\"\">Essas manobras judiciais de Trump ocorreram ap\u00f3s ataques do republicano contra a integridade da vota\u00e7\u00e3o,\u00a0<a href=\"https:\/\/g1.globo.com\/mundo\/eleicoes-nos-eua\/2020\/noticia\/2020\/11\/04\/trump-diz-que-ganhou-eleicao-e-que-vai-a-suprema-corte-para-parar-contagem-de-votos-e-evitar-fraude.ghtml\">ao mesmo tempo em que declarou vit\u00f3ria e sugeriu &#8212; sem comprova\u00e7\u00e3o &#8212; que os democratas tentariam fraudar a elei\u00e7\u00e3o<\/a>.<\/p>\n<\/div>\n<div class=\"mc-column content-text active-extra-styles \" style=\"text-align: justify;\" data-block-type=\"unstyled\" data-block-weight=\"25\" data-block-id=\"13\">\n<p class=\"content-text__container \" data-track-category=\"Link no Texto\" data-track-links=\"\">Trump est\u00e1 tentando evitar se tornar o primeiro presidente em exerc\u00edcio dos EUA a perder uma candidatura \u00e0 reelei\u00e7\u00e3o desde George H.W. Bush, em 1992.<\/p>\n<\/div>\n<div class=\"mc-column content-text active-extra-styles\" style=\"text-align: justify;\" data-block-type=\"raw\" data-block-weight=\"1\" data-block-id=\"14\">\n<div class=\"content-intertitle\">\n<h2>Biden<\/h2>\n<\/div>\n<\/div>\n<div class=\"mc-column content-text active-extra-styles \" style=\"text-align: justify;\" data-block-type=\"unstyled\" data-block-weight=\"34\" data-block-id=\"15\">\n<p class=\"content-text__container \" data-track-category=\"Link no Texto\" data-track-links=\"\">A vit\u00f3ria de Biden marca o retorno de um democrata \u00e0 Casa Branca desde a sa\u00edda de Barack Obama, que governou o pa\u00eds entre 2009 e 2017 \u2014 e de quem Biden foi vice-presidente.<\/p>\n<\/div>\n<div class=\"mc-column content-text active-extra-styles \" style=\"text-align: justify;\" data-block-type=\"unstyled\" data-block-weight=\"53\" data-block-id=\"16\">\n<p class=\"content-text__container \" data-track-category=\"Link no Texto\" data-track-links=\"\">Casado com Jill Biden, Joe Biden nasceu em 1942 na Pensilv\u00e2nia, em uma fam\u00edlia cat\u00f3lica. O democrata se notabilizou na pol\u00edtica em 1972, quando, aos 29 anos, se elegeu para o Senado pelo estado de Delaware e se tornou uma das pessoas mais jovens a assumir o cargo na hist\u00f3ria dos Estados Unidos.<\/p>\n<\/div>\n<div class=\"mc-column content-text active-extra-styles \" style=\"text-align: justify;\" data-block-type=\"unstyled\" data-block-weight=\"44\" data-block-id=\"17\">\n<p class=\"content-text__container \" data-track-category=\"Link no Texto\" data-track-links=\"\">A apura\u00e7\u00e3o dos votos deste ano come\u00e7ou dram\u00e1tica para o democrata, que perdeu a Fl\u00f3rida (<a href=\"https:\/\/g1.globo.com\/mundo\/eleicoes-nos-eua\/2020\/noticia\/2020\/11\/04\/eleicoes-nos-eua-em-quais-estados-as-pesquisas-acertaram-e-erraram.ghtml\">contrariando a m\u00e9dia das pesquisas<\/a>) e sofreu revezes na Ge\u00f3rgia e na Carolina do Norte \u2014 estados onde Biden pretendia virar a vantagem obtida por Trump quatro anos atr\u00e1s.<\/p>\n<\/div>\n<div class=\"mc-column content-text active-extra-styles \" style=\"text-align: justify;\" data-block-type=\"unstyled\" data-block-weight=\"34\" data-block-id=\"18\">\n<p class=\"content-text__container \" data-track-category=\"Link no Texto\" data-track-links=\"\">Mas outras vit\u00f3rias em estados-chave, com votos contados apenas no fim, determinaram a vit\u00f3ria de Biden segundo as proje\u00e7\u00f5es. Uma das raz\u00f5es foi a previs\u00edvel demora na contagem dos votos que chegaram por correio.<\/p>\n<\/div>\n<div class=\"content-ads content-ads--reveal\" style=\"text-align: justify;\" data-block-type=\"ads\" data-block-id=\"19\">\n<div id=\"banner_materia__3687d012-f744-4327-9cfb-197560e7da6c\" class=\"tag-manager-publicidade-container mc-has-reveal mc-has-ad-lazyload\" data-id=\"banner_materia__3687d012-f744-4327-9cfb-197560e7da6c\"><\/div>\n<\/div>\n<div class=\"mc-column content-text active-extra-styles \" style=\"text-align: justify;\" data-block-type=\"unstyled\" data-block-weight=\"39\" data-block-id=\"20\">\n<p class=\"content-text__container \" data-track-category=\"Link no Texto\" data-track-links=\"\"><a href=\"https:\/\/g1.globo.com\/mundo\/eleicoes-nos-eua\/2020\/noticia\/2020\/11\/03\/eua-tem-quase-100-milhoes-de-votos-antecipados.ghtml\">Mais de 100 milh\u00f5es de eleitores americanos votaram antes do dia oficial das elei\u00e7\u00f5es<\/a>. Isso representa quase 73% do total de pessoas que foram \u00e0s urnas em 2016. Desses, mais de 64,5 milh\u00f5es das c\u00e9dulas foram enviadas pelo correio.<\/p>\n<\/div>\n<div class=\"mc-column content-text active-extra-styles \" style=\"text-align: justify;\" data-block-type=\"unstyled\" data-block-weight=\"32\" data-block-id=\"21\">\n<p class=\"content-text__container \" data-track-category=\"Link no Texto\" data-track-links=\"\">O voto antecipado foi motivado, entre outras raz\u00f5es, por receio de aglomera\u00e7\u00f5es na pandemia. E a maioria desses eleitores votou em Biden, j\u00e1 apontavam proje\u00e7\u00f5es feitas antes mesmo do dia da elei\u00e7\u00e3o.<\/p>\n<\/div>\n<div class=\"mc-column content-text active-extra-styles \" style=\"text-align: justify;\" data-block-type=\"unstyled\" data-block-weight=\"32\" data-block-id=\"22\">\n<p class=\"content-text__container \" data-track-category=\"Link no Texto\" data-track-links=\"\">A pandemia, inclusive, fez Biden evitar com\u00edcios com grandes aglomera\u00e7\u00f5es ao longo da campanha. O democrata preferiu fazer reuni\u00f5es com poucas pessoas \u2014 ou, j\u00e1 na reta final, atos pol\u00edticos com carros.<\/p>\n<\/div>\n<div class=\"mc-column content-text active-extra-styles\" style=\"text-align: justify;\" data-block-type=\"raw\" data-block-weight=\"5\" data-block-id=\"23\">\n<div class=\"content-intertitle\">\n<h2>Temas da campanha e propostas<\/h2>\n<\/div>\n<\/div>\n<div class=\"mc-column content-text active-extra-styles\" style=\"text-align: justify;\" data-block-type=\"raw\" data-block-weight=\"185\" data-block-id=\"24\">\n<ul class=\"content-unordered-list\">\n<li><strong>Coronav\u00edrus:<\/strong>\u00a0Biden tem como propostas aumentar o n\u00famero de testes e torn\u00e1-los mais acess\u00edveis caso seja eleito. Ele ainda estuda um projeto de lei que obrigaria as pessoas a usar m\u00e1scaras. Al\u00e9m disso, ele planeja mobilizar 100 mil pessoas para uma esp\u00e9cie de ex\u00e9rcito de servidores que ter\u00e3o como fun\u00e7\u00e3o rastrear o v\u00edrus e a epidemia.<\/li>\n<li><strong>Acesso \u00e0 sa\u00fade:<\/strong>\u00a0o democrata prop\u00f5e criar uma empresa estatal que vai oferecer planos de sa\u00fade mais acess\u00edveis. A ideia \u00e9 que, dessa forma, os pre\u00e7os v\u00e3o baixar. Ele tamb\u00e9m pretende ter uma pol\u00edtica de pre\u00e7os para os rem\u00e9dios.<\/li>\n<li><strong>Tributos:<\/strong>\u00a0Biden afirmou que pretende aumentar a al\u00edquota de impostos entre as pessoas de maior renda dos EUA, mas ele prometeu n\u00e3o levantar a taxa para 90% dos contribuintes.<\/li>\n<li><strong>Prote\u00e7\u00e3o ambiental:<\/strong>\u00a0a proposta de Biden \u00e9 come\u00e7ar um movimento para diminuir as emiss\u00f5es e chegar a 2050 como um pa\u00eds neutro. Ele tamb\u00e9m pretende voltar ao Acordo de Paris. Trump saiu do acordo e acabou com mais de 100 regras para preservar o ambiente eu seu mandato. Ele afirmou que n\u00e3o pretende fazer uma transi\u00e7\u00e3o de combust\u00edveis f\u00f3sseis para renov\u00e1veis.<\/li>\n<\/ul>\n<\/div>\n<div class=\"mc-column content-text active-extra-styles\" style=\"text-align: justify;\" data-block-type=\"raw\" data-block-weight=\"5\" data-block-id=\"25\">\n<div class=\"content-intertitle\">\n<h2>Relembre a campanha de Biden<\/h2>\n<\/div>\n<\/div>\n<div class=\"mc-column content-text active-extra-styles \" style=\"text-align: justify;\" data-block-type=\"unstyled\" data-block-weight=\"19\" data-block-id=\"26\">\n<p class=\"content-text__container \" data-track-category=\"Link no Texto\" data-track-links=\"\">No in\u00edcio deste ano, o Partido Democrata fez suas pr\u00e9vias para escolher quem iria ser o advers\u00e1rio de Trump.<\/p>\n<\/div>\n<div class=\"content-ads content-ads--reveal\" style=\"text-align: justify;\" data-block-type=\"ads\" data-block-id=\"27\">\n<div id=\"banner_materia__236cc30a-c447-448d-abba-5682aa7ee768\" class=\"tag-manager-publicidade-container mc-has-reveal mc-has-ad-lazyload\" data-id=\"banner_materia__236cc30a-c447-448d-abba-5682aa7ee768\"><\/div>\n<\/div>\n<div class=\"mc-column content-text active-extra-styles \" style=\"text-align: justify;\" data-block-type=\"unstyled\" data-block-weight=\"27\" data-block-id=\"28\">\n<p class=\"content-text__container \" data-track-category=\"Link no Texto\" data-track-links=\"\">Biden come\u00e7ou mal e ficou em quarto na primeira rodada das pr\u00e9vias e sem nenhum delegado na segunda. Mas conseguiu reverter os resultados na Carolina do Sul.<\/p>\n<\/div>\n<div class=\"mc-column content-text active-extra-styles \" style=\"text-align: justify;\" data-block-type=\"unstyled\" data-block-weight=\"36\" data-block-id=\"29\">\n<p class=\"content-text__container \" data-track-category=\"Link no Texto\" data-track-links=\"\">Com o apoio do deputado Jim Clyburn, o democrata mais poderoso do estado, Biden venceu as primeiras prim\u00e1rias presidenciais de sua vida ao conquistar 48% dos votos. Depois, levou todos os estados nas prim\u00e1rias, exceto oito.<\/p>\n<\/div>\n<div class=\"mc-column content-text active-extra-styles \" style=\"text-align: justify;\" data-block-type=\"unstyled\" data-block-weight=\"18\" data-block-id=\"30\">\n<p class=\"content-text__container \" data-track-category=\"Link no Texto\" data-track-links=\"\">Dias antes da conven\u00e7\u00e3o nacional de seu partido, Biden escolheu a senadora Kamala Harris, da Calif\u00f3rnia, como vice.<\/p>\n<\/div>\n<div class=\"mc-column content-text active-extra-styles \" style=\"text-align: justify;\" data-block-type=\"unstyled\" data-block-weight=\"28\" data-block-id=\"31\">\n<p class=\"content-text__container \" data-track-category=\"Link no Texto\" data-track-links=\"\">Na conven\u00e7\u00e3o, Biden participou por transmiss\u00e3o \u2014 uma enorme mudan\u00e7a motivada pela pandemia em rela\u00e7\u00e3o a outros anos, em que os com\u00edcios reuniam milhares dentro de gin\u00e1sios esportivos.<\/p>\n<\/div>\n<div class=\"mc-column content-text active-extra-styles \" style=\"text-align: justify;\" data-block-type=\"unstyled\" data-block-weight=\"20\" data-block-id=\"32\">\n<p class=\"content-text__container \" data-track-category=\"Link no Texto\" data-track-links=\"\">O democrata ainda se encontrou com Trump em dois debates. Entre um e outro, participou de um programa com eleitores.<\/p>\n<\/div>\n<div data-track-category=\"multicontent\" data-track-action=\"ultimo chunk conteudo\" data-track-noninteraction=\"false\" data-track-scroll=\"view\">\n<div class=\"mc-column content-text active-extra-styles \" data-block-type=\"unstyled\" data-block-weight=\"40\" data-block-id=\"33\">\n<p class=\"content-text__container \" style=\"text-align: justify;\" data-track-category=\"Link no Texto\" data-track-links=\"\">A campanha contou na reta final com o refor\u00e7o de Barack Obama, que fez com\u00edcios para poucas pessoas \u2014 a maioria delas em carros \u2014 e se encontrou presencialmente com Biden para atos no fim de semana antes da vota\u00e7\u00e3o.<\/p>\n<p style=\"text-align: justify;\" data-track-category=\"Link no Texto\" data-track-links=\"\">Fonte: https:\/\/g1.globo.com\/mundo\/eleicoes-nos-eua\/2020\/noticia\/2020\/11\/07\/joe-biden-vence-na-pensilvania-e-garante-votos-para-ser-eleito-presidente-dos-eua-aponta-projecao-da-ap.ghtml<\/p>\n<\/div>\n<\/div>\n<\/div>\n<\/div>\n","protected":false},"excerpt":{"rendered":"<p>Democrata passou dos 270 votos votos no col\u00e9gio eleitoral, segundo proje\u00e7\u00f5es de diversos ve\u00edculos de imprensa, como Associated Press, &#8216;New York Times&#8217;, NBC e CNN. O democrata\u00a0Joe Biden\u00a0alcan\u00e7ou os 270 delegados no Col\u00e9gio Eleitoral neste s\u00e1bado (7), segundo proje\u00e7\u00f5es de diversos ve\u00edculos de imprensa, n\u00famero suficiente para derrotar o republicano\u00a0Donald Trump\u00a0e se sagrar o 46\u00ba [&hellip;]<\/p>\n","protected":false},"author":1,"featured_media":38319,"comment_status":"closed","ping_status":"open","sticky":false,"template":"","format":"standard","meta":{"footnotes":""},"categories":[110,116],"tags":[],"class_list":["post-38318","post","type-post","status-publish","format-standard","has-post-thumbnail","hentry","category-noticiasdestaque","category-politicaeeconomia"],"_links":{"self":[{"href":"https:\/\/jorgezanoni.com.br\/2019\/wp-json\/wp\/v2\/posts\/38318","targetHints":{"allow":["GET"]}}],"collection":[{"href":"https:\/\/jorgezanoni.com.br\/2019\/wp-json\/wp\/v2\/posts"}],"about":[{"href":"https:\/\/jorgezanoni.com.br\/2019\/wp-json\/wp\/v2\/types\/post"}],"author":[{"embeddable":true,"href":"https:\/\/jorgezanoni.com.br\/2019\/wp-json\/wp\/v2\/users\/1"}],"replies":[{"embeddable":true,"href":"https:\/\/jorgezanoni.com.br\/2019\/wp-json\/wp\/v2\/comments?post=38318"}],"version-history":[{"count":0,"href":"https:\/\/jorgezanoni.com.br\/2019\/wp-json\/wp\/v2\/posts\/38318\/revisions"}],"wp:featuredmedia":[{"embeddable":true,"href":"https:\/\/jorgezanoni.com.br\/2019\/wp-json\/wp\/v2\/media\/38319"}],"wp:attachment":[{"href":"https:\/\/jorgezanoni.com.br\/2019\/wp-json\/wp\/v2\/media?parent=38318"}],"wp:term":[{"taxonomy":"category","embeddable":true,"href":"https:\/\/jorgezanoni.com.br\/2019\/wp-json\/wp\/v2\/categories?post=38318"},{"taxonomy":"post_tag","embeddable":true,"href":"https:\/\/jorgezanoni.com.br\/2019\/wp-json\/wp\/v2\/tags?post=38318"}],"curies":[{"name":"wp","href":"https:\/\/api.w.org\/{rel}","templated":true}]}}