{"id":3831,"date":"2019-08-14T11:21:15","date_gmt":"2019-08-14T11:21:15","guid":{"rendered":"https:\/\/jorgezanoni.com.br\/2019\/?p=3831"},"modified":"2019-08-14T11:21:15","modified_gmt":"2019-08-14T11:21:15","slug":"acidente-com-onibus-de-estudantes-deixa-um-morto-e-feridos-em-regente-feijo","status":"publish","type":"post","link":"https:\/\/jorgezanoni.com.br\/2019\/acidente-com-onibus-de-estudantes-deixa-um-morto-e-feridos-em-regente-feijo\/","title":{"rendered":"Acidente com \u00f4nibus de estudantes deixa um morto e feridos em Regente Feij\u00f3"},"content":{"rendered":"<h2 class=\"content-head__subtitle\" style=\"text-align: justify;\"><strong>Ocorr\u00eancia foi na Rodovia Raposo Tavares (SP-270), por volta das 23h50 desta ter\u00e7a-feira (13).<\/strong><\/h2>\n<p><img loading=\"lazy\" decoding=\"async\" class=\"alignnone size-full wp-image-3832\" src=\"https:\/\/jorgezanoni.com.br\/2019\/wp-content\/uploads\/2019\/08\/acidente-estudantes.jpg\" alt=\"\" width=\"1000\" height=\"776\" srcset=\"https:\/\/jorgezanoni.com.br\/2019\/wp-content\/uploads\/2019\/08\/acidente-estudantes.jpg 1000w, https:\/\/jorgezanoni.com.br\/2019\/wp-content\/uploads\/2019\/08\/acidente-estudantes-300x233.jpg 300w, https:\/\/jorgezanoni.com.br\/2019\/wp-content\/uploads\/2019\/08\/acidente-estudantes-768x596.jpg 768w, https:\/\/jorgezanoni.com.br\/2019\/wp-content\/uploads\/2019\/08\/acidente-estudantes-696x540.jpg 696w, https:\/\/jorgezanoni.com.br\/2019\/wp-content\/uploads\/2019\/08\/acidente-estudantes-541x420.jpg 541w\" sizes=\"auto, (max-width: 1000px) 100vw, 1000px\" \/><strong>Acidente foi em al\u00e7a de acesso para a Rodovia Raposo Tavares (SP-270) \u2014 Foto: Sandra Costa\/Cedida<\/strong><\/p>\n<div class=\"mc-column content-text active-extra-styles \" data-block-type=\"unstyled\" data-block-weight=\"52\" data-block-id=\"2\">\n<p class=\"content-text__container \" data-track-category=\"Link no Texto\" data-track-links=\"\">Um acidente de tr\u00e2nsito envolvendo um \u00f4nibus da Universidade do Oeste Paulista (Unoeste) deixou um adolescente de 17 anos morto e mais de 30 pessoas feridas. O fato ocorreu na Rodovia Raposo Tavares (SP-270), em Regente Feij\u00f3 (SP), por volta das 23h50 desta ter\u00e7a-feira (13). O ve\u00edculo j\u00e1 foi retirado do local.<\/p>\n<\/div>\n<div class=\"wall protected-content\">\n<div class=\"mc-column content-text active-extra-styles \" data-block-type=\"unstyled\" data-block-weight=\"30\" data-block-id=\"3\">\n<p class=\"content-text__container \" data-track-category=\"Link no Texto\" data-track-links=\"\">O \u00f4nibus estava com alunos dos cursos de Sistemas de Informa\u00e7\u00e3o, Ci\u00eancias da Computa\u00e7\u00e3o e outros cursos de tecnologia que voltavam de Curitiba PR), onde visitaram uma f\u00e1brica de autom\u00f3veis.<\/p>\n<\/div>\n<div class=\"mc-column content-text active-extra-styles \" data-block-type=\"unstyled\" data-block-weight=\"42\" data-block-id=\"4\">\n<p class=\"content-text__container \" data-track-category=\"Link no Texto\" data-track-links=\"\">De acordo com informa\u00e7\u00f5es da Pol\u00edcia Militar Rodovi\u00e1ria, numa al\u00e7a de acesso para a SP-270, o motorista percebeu que estava sem freio e, para n\u00e3o bater em outro \u00f4nibus que estava a sua frente, ele \u201cjogou\u201d o ve\u00edculo para o acostamento.<\/p>\n<\/div>\n<div class=\"mc-column content-text active-extra-styles \" data-block-type=\"unstyled\" data-block-weight=\"18\" data-block-id=\"5\">\n<p class=\"content-text__container \" data-track-category=\"Link no Texto\" data-track-links=\"\">Com a a\u00e7\u00e3o, o \u00f4nibus da universidade bateu na defensa met\u00e1lica, tombou e foi se arrastando pela rodovia.<\/p>\n<\/div>\n<div class=\"mc-column content-text active-extra-styles \" data-block-type=\"unstyled\" data-block-weight=\"3\" data-block-id=\"6\">\n<p class=\"content-text__container \" data-track-category=\"Link no Texto\" data-track-links=\"\">Entre os feridos:<\/p>\n<\/div>\n<div class=\"mc-column content-text active-extra-styles\" data-block-type=\"raw\" data-block-weight=\"62\" data-block-id=\"7\">\n<ul class=\"content-unordered-list\">\n<li>23 pessoas foram encaminhadas ao Hospital Regional de Presidente Prudente, onde est\u00e3o \u201csob cuidados da equipe m\u00e9dica, em estado est\u00e1vel\u201d;<\/li>\n<li>Nove pessoas foram para a Santa Casa. Destas, tr\u00eas (de 18, 20 e 50 anos) permanecem internadas e seis j\u00e1 foram liberadas;<\/li>\n<li>Quatro foram para um hospital particular de Prudente. Uma pessoa continua internada, passando por cirurgia, e tr\u00eas j\u00e1 foram liberadas.<\/li>\n<\/ul>\n<div class=\"mc-column content-text active-extra-styles \" data-block-type=\"unstyled\" data-block-weight=\"12\" data-block-id=\"9\">\n<p class=\"content-text__container \" data-track-category=\"Link no Texto\" data-track-links=\"\">A per\u00edcia foi acionada e deve apontar mais detalhes desse acidente.<\/p>\n<\/div>\n<div class=\"mc-column content-text active-extra-styles \" data-block-type=\"unstyled\" data-block-weight=\"51\" data-block-id=\"10\">\n<p class=\"content-text__container \" data-track-category=\"Link no Texto\" data-track-links=\"\">A Unoeste informou, por meio de nota, que est\u00e1 dando suporte \u00e0s v\u00edtimas e fam\u00edlias e que acionou, assim que soube do acidente, as psic\u00f3logas do servi\u00e7o de apoio da institui\u00e7\u00e3o. Disse ainda que acompanha de perto casa caso e que \u00e9 um momento de muita tristeza para todos da universidade.<\/p>\n<\/div>\n<div class=\"row medium-uncollapsed content-media content-photo\" data-block-type=\"backstage-photo\" data-block-id=\"11\">\n<div class=\"mc-column content-media__container\">\n<div class=\"progressive-img can-open-lightbox\" data-min-size=\"1008x756\" data-min-size-url=\"https:\/\/s2.glbimg.com\/MuOy0YJs8TmpIJrrSwokEzbECkM=\/0x0:1032x774\/1008x0\/smart\/filters:strip_icc()\/i.s3.glbimg.com\/v1\/AUTH_59edd422c0c84a879bd37670ae4f538a\/internal_photos\/bs\/2019\/3\/N\/i8fRAzTO2hrRUJJS4qNg\/whatsapp-image-2019-08-14-at-07.43.36.jpeg\" data-max-size=\"1600x1200\" data-max-size-url=\"https:\/\/s2.glbimg.com\/WdiAl4AreLt3jit8DhDhWIwkf94=\/0x0:1032x774\/1600x0\/smart\/filters:strip_icc()\/i.s3.glbimg.com\/v1\/AUTH_59edd422c0c84a879bd37670ae4f538a\/internal_photos\/bs\/2019\/3\/N\/i8fRAzTO2hrRUJJS4qNg\/whatsapp-image-2019-08-14-at-07.43.36.jpeg\" data-media-index=\"1\"><img loading=\"lazy\" decoding=\"async\" class=\"alignnone size-full wp-image-3833\" src=\"https:\/\/jorgezanoni.com.br\/2019\/wp-content\/uploads\/2019\/08\/acidente-1.jpeg\" alt=\"\" width=\"1000\" height=\"750\" srcset=\"https:\/\/jorgezanoni.com.br\/2019\/wp-content\/uploads\/2019\/08\/acidente-1.jpeg 1000w, https:\/\/jorgezanoni.com.br\/2019\/wp-content\/uploads\/2019\/08\/acidente-1-300x225.jpeg 300w, https:\/\/jorgezanoni.com.br\/2019\/wp-content\/uploads\/2019\/08\/acidente-1-768x576.jpeg 768w, https:\/\/jorgezanoni.com.br\/2019\/wp-content\/uploads\/2019\/08\/acidente-1-80x60.jpeg 80w, https:\/\/jorgezanoni.com.br\/2019\/wp-content\/uploads\/2019\/08\/acidente-1-265x198.jpeg 265w, https:\/\/jorgezanoni.com.br\/2019\/wp-content\/uploads\/2019\/08\/acidente-1-696x522.jpeg 696w, https:\/\/jorgezanoni.com.br\/2019\/wp-content\/uploads\/2019\/08\/acidente-1-560x420.jpeg 560w\" sizes=\"auto, (max-width: 1000px) 100vw, 1000px\" \/><\/div>\n<div data-min-size=\"1008x756\" data-min-size-url=\"https:\/\/s2.glbimg.com\/MuOy0YJs8TmpIJrrSwokEzbECkM=\/0x0:1032x774\/1008x0\/smart\/filters:strip_icc()\/i.s3.glbimg.com\/v1\/AUTH_59edd422c0c84a879bd37670ae4f538a\/internal_photos\/bs\/2019\/3\/N\/i8fRAzTO2hrRUJJS4qNg\/whatsapp-image-2019-08-14-at-07.43.36.jpeg\" data-max-size=\"1600x1200\" data-max-size-url=\"https:\/\/s2.glbimg.com\/WdiAl4AreLt3jit8DhDhWIwkf94=\/0x0:1032x774\/1600x0\/smart\/filters:strip_icc()\/i.s3.glbimg.com\/v1\/AUTH_59edd422c0c84a879bd37670ae4f538a\/internal_photos\/bs\/2019\/3\/N\/i8fRAzTO2hrRUJJS4qNg\/whatsapp-image-2019-08-14-at-07.43.36.jpeg\" data-media-index=\"1\"><strong>Acidente foi em al\u00e7a de acesso para a Rodovia Raposo Tavares (SP-270) \u2014 Foto: Junior Paschoalotto\/TV Fronteira<\/strong><\/div>\n<\/div>\n<\/div>\n<div data-min-size=\"1008x756\" data-min-size-url=\"https:\/\/s2.glbimg.com\/MuOy0YJs8TmpIJrrSwokEzbECkM=\/0x0:1032x774\/1008x0\/smart\/filters:strip_icc()\/i.s3.glbimg.com\/v1\/AUTH_59edd422c0c84a879bd37670ae4f538a\/internal_photos\/bs\/2019\/3\/N\/i8fRAzTO2hrRUJJS4qNg\/whatsapp-image-2019-08-14-at-07.43.36.jpeg\" data-max-size=\"1600x1200\" data-max-size-url=\"https:\/\/s2.glbimg.com\/WdiAl4AreLt3jit8DhDhWIwkf94=\/0x0:1032x774\/1600x0\/smart\/filters:strip_icc()\/i.s3.glbimg.com\/v1\/AUTH_59edd422c0c84a879bd37670ae4f538a\/internal_photos\/bs\/2019\/3\/N\/i8fRAzTO2hrRUJJS4qNg\/whatsapp-image-2019-08-14-at-07.43.36.jpeg\" data-media-index=\"1\"><img loading=\"lazy\" decoding=\"async\" class=\"alignnone size-full wp-image-3834\" src=\"https:\/\/jorgezanoni.com.br\/2019\/wp-content\/uploads\/2019\/08\/aicidente1.jpeg\" alt=\"\" width=\"1000\" height=\"750\" srcset=\"https:\/\/jorgezanoni.com.br\/2019\/wp-content\/uploads\/2019\/08\/aicidente1.jpeg 1000w, https:\/\/jorgezanoni.com.br\/2019\/wp-content\/uploads\/2019\/08\/aicidente1-300x225.jpeg 300w, https:\/\/jorgezanoni.com.br\/2019\/wp-content\/uploads\/2019\/08\/aicidente1-768x576.jpeg 768w, https:\/\/jorgezanoni.com.br\/2019\/wp-content\/uploads\/2019\/08\/aicidente1-80x60.jpeg 80w, https:\/\/jorgezanoni.com.br\/2019\/wp-content\/uploads\/2019\/08\/aicidente1-265x198.jpeg 265w, https:\/\/jorgezanoni.com.br\/2019\/wp-content\/uploads\/2019\/08\/aicidente1-696x522.jpeg 696w, https:\/\/jorgezanoni.com.br\/2019\/wp-content\/uploads\/2019\/08\/aicidente1-560x420.jpeg 560w\" sizes=\"auto, (max-width: 1000px) 100vw, 1000px\" \/><\/div>\n<div data-min-size=\"1008x756\" data-min-size-url=\"https:\/\/s2.glbimg.com\/MuOy0YJs8TmpIJrrSwokEzbECkM=\/0x0:1032x774\/1008x0\/smart\/filters:strip_icc()\/i.s3.glbimg.com\/v1\/AUTH_59edd422c0c84a879bd37670ae4f538a\/internal_photos\/bs\/2019\/3\/N\/i8fRAzTO2hrRUJJS4qNg\/whatsapp-image-2019-08-14-at-07.43.36.jpeg\" data-max-size=\"1600x1200\" data-max-size-url=\"https:\/\/s2.glbimg.com\/WdiAl4AreLt3jit8DhDhWIwkf94=\/0x0:1032x774\/1600x0\/smart\/filters:strip_icc()\/i.s3.glbimg.com\/v1\/AUTH_59edd422c0c84a879bd37670ae4f538a\/internal_photos\/bs\/2019\/3\/N\/i8fRAzTO2hrRUJJS4qNg\/whatsapp-image-2019-08-14-at-07.43.36.jpeg\" data-media-index=\"1\"><strong>Acidente foi em al\u00e7a de acesso para a Rodovia Raposo Tavares (SP-270) \u2014 Foto: Junior Paschoalotto\/TV Fronteira<\/strong><\/div>\n<div data-min-size=\"1008x756\" data-min-size-url=\"https:\/\/s2.glbimg.com\/MuOy0YJs8TmpIJrrSwokEzbECkM=\/0x0:1032x774\/1008x0\/smart\/filters:strip_icc()\/i.s3.glbimg.com\/v1\/AUTH_59edd422c0c84a879bd37670ae4f538a\/internal_photos\/bs\/2019\/3\/N\/i8fRAzTO2hrRUJJS4qNg\/whatsapp-image-2019-08-14-at-07.43.36.jpeg\" data-max-size=\"1600x1200\" data-max-size-url=\"https:\/\/s2.glbimg.com\/WdiAl4AreLt3jit8DhDhWIwkf94=\/0x0:1032x774\/1600x0\/smart\/filters:strip_icc()\/i.s3.glbimg.com\/v1\/AUTH_59edd422c0c84a879bd37670ae4f538a\/internal_photos\/bs\/2019\/3\/N\/i8fRAzTO2hrRUJJS4qNg\/whatsapp-image-2019-08-14-at-07.43.36.jpeg\" data-media-index=\"1\"><\/div>\n<div data-min-size=\"1008x756\" data-min-size-url=\"https:\/\/s2.glbimg.com\/MuOy0YJs8TmpIJrrSwokEzbECkM=\/0x0:1032x774\/1008x0\/smart\/filters:strip_icc()\/i.s3.glbimg.com\/v1\/AUTH_59edd422c0c84a879bd37670ae4f538a\/internal_photos\/bs\/2019\/3\/N\/i8fRAzTO2hrRUJJS4qNg\/whatsapp-image-2019-08-14-at-07.43.36.jpeg\" data-max-size=\"1600x1200\" data-max-size-url=\"https:\/\/s2.glbimg.com\/WdiAl4AreLt3jit8DhDhWIwkf94=\/0x0:1032x774\/1600x0\/smart\/filters:strip_icc()\/i.s3.glbimg.com\/v1\/AUTH_59edd422c0c84a879bd37670ae4f538a\/internal_photos\/bs\/2019\/3\/N\/i8fRAzTO2hrRUJJS4qNg\/whatsapp-image-2019-08-14-at-07.43.36.jpeg\" data-media-index=\"1\">Fonte: G1<\/div>\n<div class=\"row medium-uncollapsed content-media content-photo\" data-block-type=\"backstage-photo\" data-block-id=\"11\">\n<div data-min-size=\"1008x756\" data-min-size-url=\"https:\/\/s2.glbimg.com\/MuOy0YJs8TmpIJrrSwokEzbECkM=\/0x0:1032x774\/1008x0\/smart\/filters:strip_icc()\/i.s3.glbimg.com\/v1\/AUTH_59edd422c0c84a879bd37670ae4f538a\/internal_photos\/bs\/2019\/3\/N\/i8fRAzTO2hrRUJJS4qNg\/whatsapp-image-2019-08-14-at-07.43.36.jpeg\" data-max-size=\"1600x1200\" data-max-size-url=\"https:\/\/s2.glbimg.com\/WdiAl4AreLt3jit8DhDhWIwkf94=\/0x0:1032x774\/1600x0\/smart\/filters:strip_icc()\/i.s3.glbimg.com\/v1\/AUTH_59edd422c0c84a879bd37670ae4f538a\/internal_photos\/bs\/2019\/3\/N\/i8fRAzTO2hrRUJJS4qNg\/whatsapp-image-2019-08-14-at-07.43.36.jpeg\" data-media-index=\"1\"><\/div>\n<\/div>\n<\/div>\n<\/div>\n","protected":false},"excerpt":{"rendered":"<p>Ocorr\u00eancia foi na Rodovia Raposo Tavares (SP-270), por volta das 23h50 desta ter\u00e7a-feira (13). Acidente foi em al\u00e7a de acesso para a Rodovia Raposo Tavares (SP-270) \u2014 Foto: Sandra Costa\/Cedida Um acidente de tr\u00e2nsito envolvendo um \u00f4nibus da Universidade do Oeste Paulista (Unoeste) deixou um adolescente de 17 anos morto e mais de 30 pessoas [&hellip;]<\/p>\n","protected":false},"author":1,"featured_media":3835,"comment_status":"closed","ping_status":"open","sticky":false,"template":"","format":"standard","meta":{"footnotes":""},"categories":[170,110],"tags":[],"class_list":["post-3831","post","type-post","status-publish","format-standard","has-post-thumbnail","hentry","category-acidentes","category-noticiasdestaque"],"_links":{"self":[{"href":"https:\/\/jorgezanoni.com.br\/2019\/wp-json\/wp\/v2\/posts\/3831","targetHints":{"allow":["GET"]}}],"collection":[{"href":"https:\/\/jorgezanoni.com.br\/2019\/wp-json\/wp\/v2\/posts"}],"about":[{"href":"https:\/\/jorgezanoni.com.br\/2019\/wp-json\/wp\/v2\/types\/post"}],"author":[{"embeddable":true,"href":"https:\/\/jorgezanoni.com.br\/2019\/wp-json\/wp\/v2\/users\/1"}],"replies":[{"embeddable":true,"href":"https:\/\/jorgezanoni.com.br\/2019\/wp-json\/wp\/v2\/comments?post=3831"}],"version-history":[{"count":0,"href":"https:\/\/jorgezanoni.com.br\/2019\/wp-json\/wp\/v2\/posts\/3831\/revisions"}],"wp:featuredmedia":[{"embeddable":true,"href":"https:\/\/jorgezanoni.com.br\/2019\/wp-json\/wp\/v2\/media\/3835"}],"wp:attachment":[{"href":"https:\/\/jorgezanoni.com.br\/2019\/wp-json\/wp\/v2\/media?parent=3831"}],"wp:term":[{"taxonomy":"category","embeddable":true,"href":"https:\/\/jorgezanoni.com.br\/2019\/wp-json\/wp\/v2\/categories?post=3831"},{"taxonomy":"post_tag","embeddable":true,"href":"https:\/\/jorgezanoni.com.br\/2019\/wp-json\/wp\/v2\/tags?post=3831"}],"curies":[{"name":"wp","href":"https:\/\/api.w.org\/{rel}","templated":true}]}}