{"id":3828,"date":"2019-08-14T02:16:51","date_gmt":"2019-08-14T02:16:51","guid":{"rendered":"https:\/\/jorgezanoni.com.br\/2019\/?p=3828"},"modified":"2019-08-14T02:16:51","modified_gmt":"2019-08-14T02:16:51","slug":"caso-de-maus-tratos-e-registrado-na-policia-apos-mae-agredir-filho-de-11-anos-com-tapas-no-rosto","status":"publish","type":"post","link":"https:\/\/jorgezanoni.com.br\/2019\/caso-de-maus-tratos-e-registrado-na-policia-apos-mae-agredir-filho-de-11-anos-com-tapas-no-rosto\/","title":{"rendered":"Caso de maus-tratos \u00e9 registrado na pol\u00edcia ap\u00f3s m\u00e3e agredir filho de 11 anos com tapas no rosto"},"content":{"rendered":"<h2 class=\"content-head__subtitle\" style=\"text-align: justify;\"><strong>Fato ocorreu durante atendimento no Ambulat\u00f3rio M\u00e9dico de Especialidades (AME), em Presidente Prudente, onde a crian\u00e7a se recusou a passar por exames.<\/strong><\/h2>\n<div class=\"mc-column content-text active-extra-styles \" data-block-type=\"unstyled\" data-block-weight=\"37\" data-block-id=\"2\">\n<p class=\"content-text__container \" style=\"text-align: justify;\" data-track-category=\"Link no Texto\" data-track-links=\"\">Um caso de maus-tratos contra uma crian\u00e7a de 11 anos foi registrado, nesta segunda-feira (12), na Delegacia Participativa da Pol\u00edcia Civil, em\u00a0<a href=\"https:\/\/g1.globo.com\/sp\/presidente-prudente-regiao\/cidade\/presidente-prudente\/\">Presidente Prudente<\/a>, ap\u00f3s o menino levar quatro tapas no rosto desferidos pela sua pr\u00f3pria m\u00e3e.<\/p>\n<\/div>\n<div class=\"wall protected-content\">\n<div class=\"mc-column content-text active-extra-styles \" style=\"text-align: justify;\" data-block-type=\"unstyled\" data-block-weight=\"33\" data-block-id=\"3\">\n<p class=\"content-text__container \" data-track-category=\"Link no Texto\" data-track-links=\"\">Conforme o Boletim de Ocorr\u00eancia, a mulher de 38 anos levou o filho para fazer exames no Ambulat\u00f3rio M\u00e9dico de Especialidades (AME) e a crian\u00e7a se recusou a passar por tais procedimentos.<\/p>\n<\/div>\n<div class=\"mc-column content-text active-extra-styles \" style=\"text-align: justify;\" data-block-type=\"unstyled\" data-block-weight=\"25\" data-block-id=\"4\">\n<p class=\"content-text__container \" data-track-category=\"Link no Texto\" data-track-links=\"\">Em determinado momento, a mulher agrediu o filho com quatro tapas no rosto. A a\u00e7\u00e3o n\u00e3o causou ferimentos na crian\u00e7a, ainda conforme o documento.<\/p>\n<\/div>\n<div class=\"mc-column content-text active-extra-styles \" style=\"text-align: justify;\" data-block-type=\"unstyled\" data-block-weight=\"10\" data-block-id=\"5\">\n<p class=\"content-text__container \" data-track-category=\"Link no Texto\" data-track-links=\"\">O fato contou com testemunhas, que tamb\u00e9m compareceram \u00e0 delegacia.<\/p>\n<\/div>\n<div class=\"mc-column content-text active-extra-styles \" style=\"text-align: justify;\" data-block-type=\"unstyled\" data-block-weight=\"9\" data-block-id=\"6\">\n<p class=\"content-text__container \" data-track-category=\"Link no Texto\" data-track-links=\"\">O Conselho Tutelar local foi comunicado sobre o caso.<\/p>\n<\/div>\n<div class=\"mc-column content-text active-extra-styles \" style=\"text-align: justify;\" data-block-type=\"unstyled\" data-block-weight=\"69\" data-block-id=\"7\">\n<p class=\"content-text__container \" data-track-category=\"Link no Texto\" data-track-links=\"\">O caso foi registrado com base no artigo 136 do C\u00f3digo Penal, que trata sobre o crime de maus-tratos e o tipifica como &#8220;expor a perigo a vida ou a sa\u00fade de pessoa sob sua autoridade, guarda ou vigil\u00e2ncia, para fim de educa\u00e7\u00e3o, ensino, tratamento ou cust\u00f3dia, quer privando-a de alimenta\u00e7\u00e3o ou cuidados indispens\u00e1veis, quer sujeitando-a a trabalho excessivo ou inadequado, quer abusando de meios de corre\u00e7\u00e3o ou disciplina&#8221;.<\/p>\n<\/div>\n<div class=\"mc-column content-text active-extra-styles \" style=\"text-align: justify;\" data-block-type=\"unstyled\" data-block-weight=\"12\" data-block-id=\"8\">\n<p class=\"content-text__container \" data-track-category=\"Link no Texto\" data-track-links=\"\">A pena \u00e9 deten\u00e7\u00e3o de dois meses a um ano ou multa.<\/p>\n<\/div>\n<div class=\"mc-column content-text active-extra-styles \" style=\"text-align: justify;\" data-block-type=\"unstyled\" data-block-weight=\"22\" data-block-id=\"9\">\n<p class=\"content-text__container \" data-track-category=\"Link no Texto\" data-track-links=\"\">O AME informou, em nota, que tem conhecimento do ocorrido e que o caso est\u00e1 sob os cuidados do Conselho Tutelar Municipal.<\/p>\n<\/div>\n<div data-track-category=\"multicontent\" data-track-action=\"ultimo chunk conteudo\" data-track-noninteraction=\"false\" data-track-scroll=\"view\">\n<div class=\"mc-column content-text active-extra-styles \" data-block-type=\"unstyled\" data-block-weight=\"34\" data-block-id=\"11\">\n<p class=\"content-text__container \" style=\"text-align: justify;\" data-track-category=\"Link no Texto\" data-track-links=\"\">Tamb\u00e9m em nota, a Prefeitura de Presidente Prudente informou ao\u00a0<strong>G1\u00a0<\/strong>que o Conselho Tutelar tomou conhecimento do caso ainda na noite desta segunda-feira (12) e &#8220;tem prestado todo o aux\u00edlio assistencial \u00e0 crian\u00e7a&#8221;.<\/p>\n<p style=\"text-align: justify;\" data-track-category=\"Link no Texto\" data-track-links=\"\">Fonte: G1<\/p>\n<\/div>\n<\/div>\n<\/div>\n","protected":false},"excerpt":{"rendered":"<p>Fato ocorreu durante atendimento no Ambulat\u00f3rio M\u00e9dico de Especialidades (AME), em Presidente Prudente, onde a crian\u00e7a se recusou a passar por exames. Um caso de maus-tratos contra uma crian\u00e7a de 11 anos foi registrado, nesta segunda-feira (12), na Delegacia Participativa da Pol\u00edcia Civil, em\u00a0Presidente Prudente, ap\u00f3s o menino levar quatro tapas no rosto desferidos pela [&hellip;]<\/p>\n","protected":false},"author":1,"featured_media":3829,"comment_status":"closed","ping_status":"open","sticky":false,"template":"","format":"standard","meta":{"footnotes":""},"categories":[110,2],"tags":[],"class_list":["post-3828","post","type-post","status-publish","format-standard","has-post-thumbnail","hentry","category-noticiasdestaque","category-policial"],"_links":{"self":[{"href":"https:\/\/jorgezanoni.com.br\/2019\/wp-json\/wp\/v2\/posts\/3828","targetHints":{"allow":["GET"]}}],"collection":[{"href":"https:\/\/jorgezanoni.com.br\/2019\/wp-json\/wp\/v2\/posts"}],"about":[{"href":"https:\/\/jorgezanoni.com.br\/2019\/wp-json\/wp\/v2\/types\/post"}],"author":[{"embeddable":true,"href":"https:\/\/jorgezanoni.com.br\/2019\/wp-json\/wp\/v2\/users\/1"}],"replies":[{"embeddable":true,"href":"https:\/\/jorgezanoni.com.br\/2019\/wp-json\/wp\/v2\/comments?post=3828"}],"version-history":[{"count":0,"href":"https:\/\/jorgezanoni.com.br\/2019\/wp-json\/wp\/v2\/posts\/3828\/revisions"}],"wp:featuredmedia":[{"embeddable":true,"href":"https:\/\/jorgezanoni.com.br\/2019\/wp-json\/wp\/v2\/media\/3829"}],"wp:attachment":[{"href":"https:\/\/jorgezanoni.com.br\/2019\/wp-json\/wp\/v2\/media?parent=3828"}],"wp:term":[{"taxonomy":"category","embeddable":true,"href":"https:\/\/jorgezanoni.com.br\/2019\/wp-json\/wp\/v2\/categories?post=3828"},{"taxonomy":"post_tag","embeddable":true,"href":"https:\/\/jorgezanoni.com.br\/2019\/wp-json\/wp\/v2\/tags?post=3828"}],"curies":[{"name":"wp","href":"https:\/\/api.w.org\/{rel}","templated":true}]}}